{"id":124257,"date":"2025-09-26T11:39:37","date_gmt":"2025-09-26T11:39:37","guid":{"rendered":"https:\/\/rdnews.al\/?p=124257"},"modified":"2025-09-26T11:39:37","modified_gmt":"2025-09-26T11:39:37","slug":"takimi-ne-aruba-berisha-jam-ketu-per-ti-thene-edi-rames-jep-doreheqjen-2","status":"publish","type":"post","link":"https:\/\/rdnews.al\/index.php\/2025\/09\/26\/takimi-ne-aruba-berisha-jam-ketu-per-ti-thene-edi-rames-jep-doreheqjen-2\/","title":{"rendered":"Takimi n\u00eb Aruba\/ Berisha: Jam k\u00ebtu p\u00ebr t\u2019i th\u00ebn\u00eb Edi Ram\u00ebs, jep dor\u00ebheqjen!"},"content":{"rendered":"<p>Kryetari i PD, Sali Berisha i k\u00ebrkon Ram\u00ebs t\u00eb jap\u00eb dor\u00ebjeqjen pasi nuk mund t\u00eb jet\u00eb kryeminist\u00ebr i nj\u00eb vendi an\u00ebtar t\u00eb NATO-s, an\u00ebtar i K\u00ebshillit t\u00eb Europ\u00ebs, kandidat dhe q\u00eb ka hapur negociatat me BE, n\u00eb nj\u00eb koh\u00eb kur ti zhvillon takime me kartelet dhe klanet bot\u00ebrore t\u00eb drog\u00ebs.<\/p>\n<p>\u201c\u00cbsht\u00eb krim t\u00eb fsheh\u00ebsh k\u00ebt\u00eb takim q\u00eb inkriminon direkt kryeministrin e Shqip\u00ebris\u00eb, kryeministri i nj\u00eb vendi an\u00ebtar t\u00eb NATO-s. Kryeministri i nj\u00eb vendi q\u00eb aspiron p\u00ebr an\u00ebtar\u00ebsimin n\u00eb BE, zhvillon takimi apo d\u00ebrgon delegacion qeveritar p\u00ebr takime dhe dealer me kartelet m\u00eb t\u00eb rrezikshme t\u00eb drog\u00ebs, bashk\u00ebpun\u00ebtor\u00ebt e tyre shqiptar\u00eb, se ato jan\u00eb shpallur tashm\u00eb organizata terroriste, dhe ju ofron malin e Tiran\u00ebs.<\/p>\n<p>Ju kujtohet kur tha se, ajo \u00ebsht\u00eb e Sali Berish\u00ebs, mali i Tiran\u00ebs, a ju kujtohet. Vazhduat mediat e shpifjes. Ja q\u00eb doli, se i kujt \u00ebsht\u00eb mali i Tiran\u00ebs. Besoj se e m\u00ebsuat, apo Syri i Tiran\u00ebs, se nuk merret vesh, por besoj q\u00eb ato jan\u00eb.<\/p>\n<p>Ndaj dhe, jam k\u00ebtu p\u00ebr t\u2019i th\u00ebn\u00eb Edi Ram\u00ebs jep dor\u00ebheqjen!<\/p>\n<p>Jep dor\u00ebheqjen sepse, ti nuk mund t\u00eb jesh kryeminist\u00ebr i nj\u00eb vendi an\u00ebtar t\u00eb NATO-s, an\u00ebtar i K\u00ebshillit t\u00eb Europ\u00ebs, kandidat dhe q\u00eb ka hapur negociatat me BE, n\u00eb nj\u00eb koh\u00eb kur ti zhvillon takime me kartelet dhe klanet bot\u00ebrore t\u00eb drog\u00ebs\u201d, tha Berisha.<\/p>\n<p>&nbsp;<\/p>\n","protected":false},"excerpt":{"rendered":"<p>Kryetari i PD, Sali Berisha i k\u00ebrkon Ram\u00ebs t\u00eb jap\u00eb dor\u00ebjeqjen pasi nuk mund t\u00eb jet\u00eb kryeminist\u00ebr i nj\u00eb vendi an\u00ebtar t\u00eb NATO-s, an\u00ebtar i K\u00ebshillit t\u00eb Europ\u00ebs, kandidat dhe q\u00eb ka hapur negociatat me BE, n\u00eb nj\u00eb koh\u00eb kur ti zhvillon takime me kartelet dhe klanet bot\u00ebrore t\u00eb drog\u00ebs. \u201c\u00cbsht\u00eb krim t\u00eb fsheh\u00ebsh k\u00ebt\u00eb &hellip;<\/p>\n","protected":false},"author":4,"featured_media":124252,"comment_status":"closed","ping_status":"closed","sticky":false,"template":"","format":"standard","meta":{"footnotes":""},"categories":[37],"tags":[],"class_list":["post-124257","post","type-post","status-publish","format-standard","has-post-thumbnail","","category-politike"],"_links":{"self":[{"href":"https:\/\/rdnews.al\/index.php\/wp-json\/wp\/v2\/posts\/124257","targetHints":{"allow":["GET"]}}],"collection":[{"href":"https:\/\/rdnews.al\/index.php\/wp-json\/wp\/v2\/posts"}],"about":[{"href":"https:\/\/rdnews.al\/index.php\/wp-json\/wp\/v2\/types\/post"}],"author":[{"embeddable":true,"href":"https:\/\/rdnews.al\/index.php\/wp-json\/wp\/v2\/users\/4"}],"replies":[{"embeddable":true,"href":"https:\/\/rdnews.al\/index.php\/wp-json\/wp\/v2\/comments?post=124257"}],"version-history":[{"count":1,"href":"https:\/\/rdnews.al\/index.php\/wp-json\/wp\/v2\/posts\/124257\/revisions"}],"predecessor-version":[{"id":124258,"href":"https:\/\/rdnews.al\/index.php\/wp-json\/wp\/v2\/posts\/124257\/revisions\/124258"}],"wp:featuredmedia":[{"embeddable":true,"href":"https:\/\/rdnews.al\/index.php\/wp-json\/wp\/v2\/media\/124252"}],"wp:attachment":[{"href":"https:\/\/rdnews.al\/index.php\/wp-json\/wp\/v2\/media?parent=124257"}],"wp:term":[{"taxonomy":"category","embeddable":true,"href":"https:\/\/rdnews.al\/index.php\/wp-json\/wp\/v2\/categories?post=124257"},{"taxonomy":"post_tag","embeddable":true,"href":"https:\/\/rdnews.al\/index.php\/wp-json\/wp\/v2\/tags?post=124257"}],"curies":[{"name":"wp","href":"https:\/\/api.w.org\/{rel}","templated":true}]}}