{"id":124259,"date":"2025-09-26T11:45:11","date_gmt":"2025-09-26T11:45:11","guid":{"rendered":"https:\/\/rdnews.al\/?p=124259"},"modified":"2025-09-26T11:45:11","modified_gmt":"2025-09-26T11:45:11","slug":"berisha-nese-rama-nuk-dorehiqet-do-bejme-padi-ne-spak-dhe-do-shohim-mundesine-per-padi-edhe-ne-gjykate-nderkombetare","status":"publish","type":"post","link":"https:\/\/rdnews.al\/index.php\/2025\/09\/26\/berisha-nese-rama-nuk-dorehiqet-do-bejme-padi-ne-spak-dhe-do-shohim-mundesine-per-padi-edhe-ne-gjykate-nderkombetare\/","title":{"rendered":"Berisha: N\u00ebse Rama nuk dor\u00ebhiqet, do b\u00ebjm\u00eb padi n\u00eb SPAK dhe do shohim mund\u00ebsin\u00eb p\u00ebr padi edhe n\u00eb gjykat\u00eb nd\u00ebrkomb\u00ebtare"},"content":{"rendered":"<p>Kryetari i PD, Sali Berisha, n\u00eb nj\u00eb konferenc\u00eb me gazetar\u00ebt tha se, n\u00ebse Rama nuk dor\u00ebhiqet, do b\u00ebjm\u00eb padi n\u00eb SPAK dhe do shohim mund\u00ebsin\u00eb p\u00ebr padi edhe n\u00eb gjykat\u00eb nd\u00ebrkomb\u00ebtare.<\/p>\n<p>Berisha tha se, takimi i p\u00ebrfolur \u00ebsht\u00eb tashm\u00eb i provuar dhe i dokumentuar, duke e konsideruar at\u00eb si nj\u00eb \u00e7\u00ebshtje me r\u00ebnd\u00ebsi madhore p\u00ebr transparenc\u00ebn ndaj qytetar\u00ebve shqiptar\u00eb, rajonit dhe Evrop\u00ebs.<\/p>\n<p>\u201cJu fal\u00ebnderoj p\u00ebr sugjerimin.<\/p>\n<p>Ju garantoj se, veprimet tona do t\u00eb jen\u00eb t\u00eb shum\u00ebfishta dhe t\u00eb shum\u00ebllojta, p\u00ebr k\u00ebt\u00eb takim q\u00eb tashm\u00eb nuk e mohon dot kush. Tashm\u00eb \u00ebsht\u00eb i stamposur n\u00eb regjistrimet e antimafias italiane dhe un\u00eb e fal\u00ebnderoj shum\u00eb.<\/p>\n<p>N\u00ebqoft\u00ebse gazetari i ka publikuar ato, do t\u00eb thot\u00eb se antimafia ja ka dh\u00ebn\u00eb, nuk ja ka rr\u00ebmbyer nuk ja ka vjedh\u00eb.<\/p>\n<p>Ata kan\u00eb b\u00ebr\u00eb nj\u00eb sh\u00ebrbim t\u00eb madh. Ai do jet\u00eb vet\u00ebm nj\u00eb akt. Por akt tjet\u00ebr n\u00ebse Rama nuk jep dor\u00ebheqjen, do t\u00eb jet\u00eb nj\u00eb padi n\u00eb SPAK, por do shohim tani ligjet nd\u00ebrkomb\u00ebtare, me shpalljen e karteleve si organizata terroriste, n\u00ebse mund t\u00eb b\u00ebhet padi edhe n\u00eb gjykat\u00eb nd\u00ebrkomb\u00ebtare.<\/p>\n<p>P\u00ebr ne ky takim \u00ebsht\u00eb detyrim madhor, para \u00e7do shqiptari, qytetar\u00ebve t\u00eb rajoni dhe Europ\u00ebs p\u00ebr t\u00eb b\u00ebr\u00eb transparenc\u00eb t\u00eb plot\u00eb.<\/p>\n<p>Shqip\u00ebria ka nj\u00eb kryeminist\u00ebr dhe ministra, t\u00eb cil\u00ebt udh\u00ebtojn\u00eb me \u00e7arter 13 mij\u00eb milje p\u00ebr t\u00eb takuar bos\u00eb shqiptar\u00eb dhe latinoamerikan\u00eb t\u00eb drog\u00ebs\u201d, tha Berisha.<\/p>\n","protected":false},"excerpt":{"rendered":"<p>Kryetari i PD, Sali Berisha, n\u00eb nj\u00eb konferenc\u00eb me gazetar\u00ebt tha se, n\u00ebse Rama nuk dor\u00ebhiqet, do b\u00ebjm\u00eb padi n\u00eb SPAK dhe do shohim mund\u00ebsin\u00eb p\u00ebr padi edhe n\u00eb gjykat\u00eb nd\u00ebrkomb\u00ebtare. Berisha tha se, takimi i p\u00ebrfolur \u00ebsht\u00eb tashm\u00eb i provuar dhe i dokumentuar, duke e konsideruar at\u00eb si nj\u00eb \u00e7\u00ebshtje me r\u00ebnd\u00ebsi madhore p\u00ebr &hellip;<\/p>\n","protected":false},"author":4,"featured_media":124260,"comment_status":"closed","ping_status":"closed","sticky":false,"template":"","format":"standard","meta":{"footnotes":""},"categories":[37],"tags":[],"class_list":["post-124259","post","type-post","status-publish","format-standard","has-post-thumbnail","","category-politike"],"_links":{"self":[{"href":"https:\/\/rdnews.al\/index.php\/wp-json\/wp\/v2\/posts\/124259","targetHints":{"allow":["GET"]}}],"collection":[{"href":"https:\/\/rdnews.al\/index.php\/wp-json\/wp\/v2\/posts"}],"about":[{"href":"https:\/\/rdnews.al\/index.php\/wp-json\/wp\/v2\/types\/post"}],"author":[{"embeddable":true,"href":"https:\/\/rdnews.al\/index.php\/wp-json\/wp\/v2\/users\/4"}],"replies":[{"embeddable":true,"href":"https:\/\/rdnews.al\/index.php\/wp-json\/wp\/v2\/comments?post=124259"}],"version-history":[{"count":1,"href":"https:\/\/rdnews.al\/index.php\/wp-json\/wp\/v2\/posts\/124259\/revisions"}],"predecessor-version":[{"id":124261,"href":"https:\/\/rdnews.al\/index.php\/wp-json\/wp\/v2\/posts\/124259\/revisions\/124261"}],"wp:featuredmedia":[{"embeddable":true,"href":"https:\/\/rdnews.al\/index.php\/wp-json\/wp\/v2\/media\/124260"}],"wp:attachment":[{"href":"https:\/\/rdnews.al\/index.php\/wp-json\/wp\/v2\/media?parent=124259"}],"wp:term":[{"taxonomy":"category","embeddable":true,"href":"https:\/\/rdnews.al\/index.php\/wp-json\/wp\/v2\/categories?post=124259"},{"taxonomy":"post_tag","embeddable":true,"href":"https:\/\/rdnews.al\/index.php\/wp-json\/wp\/v2\/tags?post=124259"}],"curies":[{"name":"wp","href":"https:\/\/api.w.org\/{rel}","templated":true}]}}