{"id":124262,"date":"2025-09-26T11:54:23","date_gmt":"2025-09-26T11:54:23","guid":{"rendered":"https:\/\/rdnews.al\/?p=124262"},"modified":"2025-09-26T11:54:23","modified_gmt":"2025-09-26T11:54:23","slug":"berisha-noka-kellici-dhe-alimehmeti-do-negociojne-me-partite-opozitare-per-emrin-e-kandidatit-te-tiranes","status":"publish","type":"post","link":"https:\/\/rdnews.al\/index.php\/2025\/09\/26\/berisha-noka-kellici-dhe-alimehmeti-do-negociojne-me-partite-opozitare-per-emrin-e-kandidatit-te-tiranes\/","title":{"rendered":"Berisha: Noka, K\u00eblli\u00e7i dhe Alimehmeti do negociojn\u00eb me partit\u00eb opozitare p\u00ebr emrin e kandidatit t\u00eb Tiran\u00ebs"},"content":{"rendered":"<p>Kryetari i PD, Sali Berisha, gjat\u00eb konferec\u00ebs p\u00ebr shtyp tha se, Flamur Noka, Belind K\u00eblli\u00e7i dhe Ilir Alimehmeti jan\u00eb ngarkuar nga ai p\u00ebr t\u00eb negociuar me partit\u00eb opozitare lidhur me emrin e kandidatit t\u00eb p\u00ebrbashk\u00ebt p\u00ebr Bashkin\u00eb e Tiran\u00ebs.<\/p>\n<p>Berisha tha se, ky \u00ebsht\u00eb nj\u00eb proces q\u00eb po zhvillohet n\u00eb bashk\u00ebpunim me t\u00eb gjitha partit\u00eb opozitare, brenda dhe jasht\u00eb koalicionit, dhe se nuk \u00ebsht\u00eb n\u00eb interesin e tij t\u00eb p\u00ebrmend\u00eb emra konkret\u00eb para p\u00ebrfundimit t\u00eb konsultimeve.<\/p>\n<p>\u201cIu p\u00ebrgjigja dje pyetjes tuaj.<\/p>\n<p>Un\u00eb kam ngarkuar nj\u00eb grup prej 3 personash q\u00eb do t\u00eb negociojn\u00eb me partit\u00eb e tjera p\u00ebr emrat.<\/p>\n<p>Do t\u00eb jet\u00eb Flamur Noka, Belind K\u00eblli\u00e7i dhe Ilir Alimehmeti. Do t\u00eb jen\u00eb p\u00ebrfaq\u00ebsuesit tan\u00eb q\u00eb do negociojn\u00eb me partit\u00eb e tjera.<\/p>\n<p>Por tani, a m\u00eb shkon mua q\u00eb nga nj\u00eb an\u00eb t\u00eb ngarkoj dhe t\u2019u them partive q\u00eb do negociojm\u00eb, dhe nga ana tjet\u00ebr t\u00eb them emra. Kjo nuk m\u00eb shkon.<\/p>\n<p>Prandaj, ata do mblidhen sot dhe do bashk\u00ebrendojn\u00eb, kan\u00eb filluar q\u00eb dje n\u00eb nj\u00eb far\u00eb m\u00ebnyre n\u00eb disa aspekte.<\/p>\n<p>K\u00ebta tre persona, z.Noka, z.K\u00eblli\u00e7i dhe z.Alimehmeti jan\u00eb t\u00eb ngarkuar t\u00eb negociojn\u00eb me t\u00eb gjitha partit\u00eb opozitare, koalicioni dhe jasht\u00eb koalicionit.<\/p>\n<p>Ata takohen p\u00ebr kandidat\u00ebt, me partit\u00eb. Pasi t\u00eb bjen\u00eb dakord, se duhet t\u00eb bjen\u00eb dakord me parti t\u00eb tjera. Pastaj, vjen radha e kandidat\u00ebve.<\/p>\n<p>Puna \u00ebsht\u00eb n\u00eb vazhdim.<\/p>\n<p>Un\u00eb, natyrisht nuk kam nd\u00ebrmend t\u00eb prononcohem p\u00ebr njeri, meq\u00ebn\u00ebse ky \u00ebsht\u00eb nj\u00eb proces. Po t\u00eb ishte ndryshe, ju flisja un\u00eb k\u00ebtu, vija ju thosha q\u00eb kandidati i preferuar do jet\u00eb ky. Jo, nuk \u00ebsht\u00eb ashtu\u201d, tha Berisha.<\/p>\n<p>&nbsp;<\/p>\n","protected":false},"excerpt":{"rendered":"<p>Kryetari i PD, Sali Berisha, gjat\u00eb konferec\u00ebs p\u00ebr shtyp tha se, Flamur Noka, Belind K\u00eblli\u00e7i dhe Ilir Alimehmeti jan\u00eb ngarkuar nga ai p\u00ebr t\u00eb negociuar me partit\u00eb opozitare lidhur me emrin e kandidatit t\u00eb p\u00ebrbashk\u00ebt p\u00ebr Bashkin\u00eb e Tiran\u00ebs. Berisha tha se, ky \u00ebsht\u00eb nj\u00eb proces q\u00eb po zhvillohet n\u00eb bashk\u00ebpunim me t\u00eb gjitha partit\u00eb &hellip;<\/p>\n","protected":false},"author":4,"featured_media":124249,"comment_status":"closed","ping_status":"closed","sticky":false,"template":"","format":"standard","meta":{"footnotes":""},"categories":[37],"tags":[],"class_list":["post-124262","post","type-post","status-publish","format-standard","has-post-thumbnail","","category-politike"],"_links":{"self":[{"href":"https:\/\/rdnews.al\/index.php\/wp-json\/wp\/v2\/posts\/124262","targetHints":{"allow":["GET"]}}],"collection":[{"href":"https:\/\/rdnews.al\/index.php\/wp-json\/wp\/v2\/posts"}],"about":[{"href":"https:\/\/rdnews.al\/index.php\/wp-json\/wp\/v2\/types\/post"}],"author":[{"embeddable":true,"href":"https:\/\/rdnews.al\/index.php\/wp-json\/wp\/v2\/users\/4"}],"replies":[{"embeddable":true,"href":"https:\/\/rdnews.al\/index.php\/wp-json\/wp\/v2\/comments?post=124262"}],"version-history":[{"count":1,"href":"https:\/\/rdnews.al\/index.php\/wp-json\/wp\/v2\/posts\/124262\/revisions"}],"predecessor-version":[{"id":124263,"href":"https:\/\/rdnews.al\/index.php\/wp-json\/wp\/v2\/posts\/124262\/revisions\/124263"}],"wp:featuredmedia":[{"embeddable":true,"href":"https:\/\/rdnews.al\/index.php\/wp-json\/wp\/v2\/media\/124249"}],"wp:attachment":[{"href":"https:\/\/rdnews.al\/index.php\/wp-json\/wp\/v2\/media?parent=124262"}],"wp:term":[{"taxonomy":"category","embeddable":true,"href":"https:\/\/rdnews.al\/index.php\/wp-json\/wp\/v2\/categories?post=124262"},{"taxonomy":"post_tag","embeddable":true,"href":"https:\/\/rdnews.al\/index.php\/wp-json\/wp\/v2\/tags?post=124262"}],"curies":[{"name":"wp","href":"https:\/\/api.w.org\/{rel}","templated":true}]}}