{"id":124312,"date":"2025-09-26T19:21:48","date_gmt":"2025-09-26T19:21:48","guid":{"rendered":"https:\/\/rdnews.al\/?p=124312"},"modified":"2025-09-26T19:21:48","modified_gmt":"2025-09-26T19:21:48","slug":"gazetari-i-veliajt-kryeministre-eshte-belinda-balluku","status":"publish","type":"post","link":"https:\/\/rdnews.al\/index.php\/2025\/09\/26\/gazetari-i-veliajt-kryeministre-eshte-belinda-balluku\/","title":{"rendered":"Gazetari i Veliajt\/ Kryeministre \u00ebsht\u00eb Belinda Balluku"},"content":{"rendered":"<p>Gazetari i Veliajt dhe i af\u00ebrt i pushtetit, Baze thot\u00eb se Kryeministre de facto e vendit sot \u00ebsht\u00eb Belinda Balluku.<\/p>\n<p>\u201cOgerta Manastirliu e p\u00ebrzgjedhur nga Rama p\u00ebr detyr\u00ebn e kryetares, i ka b\u00ebr\u00eb atij vet\u00ebm nj\u00eb k\u00ebrkes\u00eb q\u00eb Belinda Balluku do t\u00eb jet\u00eb udh\u00ebheq\u00ebsja e fushat\u00ebs elektorale p\u00ebr Bashkin\u00eb e Tiran\u00ebs. K\u00ebt\u00eb e konfirmoi kryeministri nd\u00ebrsa mblodhi grupin e pun\u00ebs per Tiran\u00ebn.<\/p>\n<p>Duke i l\u00ebn\u00eb p\u00ebrsip\u00ebr udh\u00ebheqjen e fushat\u00ebs Belinda Ballukut, q\u00eb \u00ebsht\u00eb de facto kryeministre e vendit, Manastirliu ka zgjidhur nj\u00eb s\u00ebr\u00eb problemesh t\u00eb fushat\u00ebs me nj\u00eb t\u00eb r\u00ebn\u00eb t\u00eb lapsit.<\/p>\n<p>S\u00eb pari, ka shmangur humbjen e energjive p\u00ebr t\u00eb aktivizuar nga pik\u00ebpamja elektorale njer\u00ebzit q\u00eb kan\u00eb b\u00ebr\u00eb fushat\u00ebn elektorale t\u00eb Veliajt p\u00ebr tre mandate, pra 10 vitet e fundit. Vet\u00eb Manastirliu do ta kishte k\u00ebt\u00eb nj\u00eb proces me shum\u00eb probleme rrug\u00ebs, dhe ndoshta me qejfmbetje dhe humbje energjie q\u00eb do t\u2019ia v\u00ebshtir\u00ebsonin fushat\u00ebn. Me Ballukun ky problem thjeshtohet. Ajo ka mund\u00ebsin\u00eb t\u00eb krijoj\u00eb nj\u00eb struktur\u00eb t\u00eb re\u201d shkruan Baze.<\/p>\n","protected":false},"excerpt":{"rendered":"<p>Gazetari i Veliajt dhe i af\u00ebrt i pushtetit, Baze thot\u00eb se Kryeministre de facto e vendit sot \u00ebsht\u00eb Belinda Balluku. \u201cOgerta Manastirliu e p\u00ebrzgjedhur nga Rama p\u00ebr detyr\u00ebn e kryetares, i ka b\u00ebr\u00eb atij vet\u00ebm nj\u00eb k\u00ebrkes\u00eb q\u00eb Belinda Balluku do t\u00eb jet\u00eb udh\u00ebheq\u00ebsja e fushat\u00ebs elektorale p\u00ebr Bashkin\u00eb e Tiran\u00ebs. K\u00ebt\u00eb e konfirmoi kryeministri &hellip;<\/p>\n","protected":false},"author":3,"featured_media":124313,"comment_status":"closed","ping_status":"closed","sticky":false,"template":"","format":"standard","meta":{"footnotes":""},"categories":[37],"tags":[],"class_list":["post-124312","post","type-post","status-publish","format-standard","has-post-thumbnail","","category-politike"],"_links":{"self":[{"href":"https:\/\/rdnews.al\/index.php\/wp-json\/wp\/v2\/posts\/124312","targetHints":{"allow":["GET"]}}],"collection":[{"href":"https:\/\/rdnews.al\/index.php\/wp-json\/wp\/v2\/posts"}],"about":[{"href":"https:\/\/rdnews.al\/index.php\/wp-json\/wp\/v2\/types\/post"}],"author":[{"embeddable":true,"href":"https:\/\/rdnews.al\/index.php\/wp-json\/wp\/v2\/users\/3"}],"replies":[{"embeddable":true,"href":"https:\/\/rdnews.al\/index.php\/wp-json\/wp\/v2\/comments?post=124312"}],"version-history":[{"count":1,"href":"https:\/\/rdnews.al\/index.php\/wp-json\/wp\/v2\/posts\/124312\/revisions"}],"predecessor-version":[{"id":124314,"href":"https:\/\/rdnews.al\/index.php\/wp-json\/wp\/v2\/posts\/124312\/revisions\/124314"}],"wp:featuredmedia":[{"embeddable":true,"href":"https:\/\/rdnews.al\/index.php\/wp-json\/wp\/v2\/media\/124313"}],"wp:attachment":[{"href":"https:\/\/rdnews.al\/index.php\/wp-json\/wp\/v2\/media?parent=124312"}],"wp:term":[{"taxonomy":"category","embeddable":true,"href":"https:\/\/rdnews.al\/index.php\/wp-json\/wp\/v2\/categories?post=124312"},{"taxonomy":"post_tag","embeddable":true,"href":"https:\/\/rdnews.al\/index.php\/wp-json\/wp\/v2\/tags?post=124312"}],"curies":[{"name":"wp","href":"https:\/\/api.w.org\/{rel}","templated":true}]}}