{"id":124346,"date":"2025-09-27T16:42:21","date_gmt":"2025-09-27T16:42:21","guid":{"rendered":"https:\/\/rdnews.al\/?p=124346"},"modified":"2025-09-27T16:42:21","modified_gmt":"2025-09-27T16:42:21","slug":"myftinia-e-shkodres-kunder-ndertimit-te-kulles-35-kateshe-po-grabitet-prona-jone","status":"publish","type":"post","link":"https:\/\/rdnews.al\/index.php\/2025\/09\/27\/myftinia-e-shkodres-kunder-ndertimit-te-kulles-35-kateshe-po-grabitet-prona-jone\/","title":{"rendered":"Myftinia e Shkodr\u00ebs kund\u00ebr nd\u00ebrtimit t\u00eb kull\u00ebs 35 kat\u00ebshe: Po grabitet prona jon\u00eb!"},"content":{"rendered":"<p>Nisja e punimeve p\u00ebr kull\u00ebn 35 kate n\u00eb Shkod\u00ebr, e miratuar nj\u00eb vit m\u00eb par\u00eb nga K\u00ebshilli Komb\u00ebtar i Territorit (KKT) me firm\u00ebn e Edi Ram\u00ebs, ka ardhur nj\u00eb tjet\u00ebr reagim nga Myftinia e Shkodr\u00ebs, e cila e kund\u00ebrshton k\u00ebt\u00eb projekt.<\/p>\n<p>Komuniteti Mysliman i Shkodr\u00ebs, p\u00ebrmes myftiut Muhamed Sytari e ka konsideruar at\u00eb t\u00eb paligjsh\u00ebm dhe t\u00eb nd\u00ebrtuar mbi nj\u00eb pron\u00eb t\u00eb grabitur.<\/p>\n<p>Sytari pretendon se ka dokumente q\u00eb d\u00ebshmojn\u00eb pron\u00ebsin\u00eb e Myftinis\u00eb s\u00eb Shkodr\u00ebs mbi truallin ku parashikohet t\u00eb nd\u00ebrtohet kulla.<\/p>\n<p><em>\u201cQeveria na ka sjell\u00eb k\u00ebt\u00eb pamje. Ky \u00ebsht\u00eb thelbi i degradimit dhe i shthurjes dhe i prishjes s\u00eb institucioneve ku Bashkia e Shkodr\u00ebs, edhe Qeveria jon\u00eb, bashk\u00eb me nj\u00eb nd\u00ebrtues na shfaqin k\u00ebt\u00eb krye\u00e7ibanin. Po ku? N\u00eb pron\u00ebn e huaj. Se del ndonj\u00eb dhe thot\u00eb nuk \u00ebsht\u00eb pron\u00eb e komuniteteve. Un\u00eb e kuptoj se shum\u00eb t\u00eb ran\u00eb n\u00eb Shkod\u00ebr, p\u00ebr nj\u00eb kafshat\u00eb buk\u00eb shesin edhe dinin dhe imanin, edhe ujin e fytyr\u00ebs dhe e thon\u00eb dhe nj\u00eb fjali si kjo. Q\u00eb ne gjithsesi, e marrim dhe e hedhim tek koshi m\u00eb i par\u00eb q\u00eb e gjejm\u00eb rrug\u00ebs. Fesadi \u00e7far\u00eb \u00ebsht\u00eb, aty kur ti jeton n\u00eb nj\u00eb vend dhe prej aty ku duhet t\u00eb dal\u00eb drejt\u00ebsia, del zhvatja. Prej aty ku duhet t\u00eb dal\u00eb mir\u00ebkuptimi, del grabitja. Prej aty ku ti duhet t\u00eb k\u00ebrkosh t\u00eb drejt\u00ebn t\u00ebnde dhe duhet t\u00eb marr\u00ebsh pron\u00ebn dhe t\u00eb drejt\u00ebn t\u00ebnde, ta grabisin, ta tjet\u00ebrsojn\u00eb, ja japin dikujt. Dhe k\u00ebshtu nis edhe gangrena e Fesadit dhe p\u00ebrfshin realitetin ku ne jetojm\u00eb.<\/em><\/p>\n<p><em>Askush nuk ka t\u00eb drejt\u00eb t\u00eb shkel\u00eb mbi pron\u00ebn ton\u00eb me projekte q\u00eb cenojn\u00eb historin\u00eb, identitetin dhe t\u00eb drejt\u00ebn e Zotit mbi k\u00ebt\u00eb tok\u00eb\u201d<\/em>\u00a0\u2013 tha Muhamed Sytari<\/p>\n<p>Ai l\u00ebshoi edhe nj\u00eb paralajm\u00ebrim p\u00ebr autoritetet dhe investitor\u00ebt q\u00eb po shtyjn\u00eb p\u00ebrpara nd\u00ebrtimin, duke th\u00ebn\u00eb se nuk do t\u00eb q\u00ebndrojn\u00eb t\u00eb heshtur p\u00ebrball\u00eb nj\u00eb padrejt\u00ebsie t\u00eb till\u00eb.<\/p>\n<p>Kulla \u201cHotel Rozafa Tower\u201d do t\u00eb nd\u00ebrtohet nga nga \u201cUldedaj Group\u201d n\u00eb hap\u00ebsir\u00ebn e hotel Rozaf\u00ebs, duke iu shtuar hap\u00ebsir\u00ebs s\u00eb saj, por shum\u00ebfish m\u00eb e lart\u00eb se godina e Rozaf\u00ebs. B\u00ebhet fjal\u00eb p\u00ebr nj\u00eb zon\u00eb n\u00eb qend\u00ebr t\u00eb qytetit t\u00eb Shkodr\u00ebs, karshi pedonales dhe zon\u00ebs historike.<\/p>\n<p>Por, zona ku parashikohet t\u00eb nd\u00ebrtohet kulla \u00ebsht\u00eb objekt mosmarr\u00ebveshjesh prej m\u00eb shum\u00eb se dy dekadash, me pretendime pron\u00ebsie nga Myftinia e Shkodr\u00ebs, Kisha Ortodokse dhe familja La\u00e7aj. Proceset gjyq\u00ebsore jan\u00eb ende n\u00eb vijim.<\/p>\n<p>&nbsp;<\/p>\n<p>&nbsp;<\/p>\n","protected":false},"excerpt":{"rendered":"<p>Nisja e punimeve p\u00ebr kull\u00ebn 35 kate n\u00eb Shkod\u00ebr, e miratuar nj\u00eb vit m\u00eb par\u00eb nga K\u00ebshilli Komb\u00ebtar i Territorit (KKT) me firm\u00ebn e Edi Ram\u00ebs, ka ardhur nj\u00eb tjet\u00ebr reagim nga Myftinia e Shkodr\u00ebs, e cila e kund\u00ebrshton k\u00ebt\u00eb projekt. Komuniteti Mysliman i Shkodr\u00ebs, p\u00ebrmes myftiut Muhamed Sytari e ka konsideruar at\u00eb t\u00eb paligjsh\u00ebm &hellip;<\/p>\n","protected":false},"author":4,"featured_media":124347,"comment_status":"closed","ping_status":"closed","sticky":false,"template":"","format":"standard","meta":{"footnotes":""},"categories":[37],"tags":[],"class_list":["post-124346","post","type-post","status-publish","format-standard","has-post-thumbnail","","category-politike"],"_links":{"self":[{"href":"https:\/\/rdnews.al\/index.php\/wp-json\/wp\/v2\/posts\/124346","targetHints":{"allow":["GET"]}}],"collection":[{"href":"https:\/\/rdnews.al\/index.php\/wp-json\/wp\/v2\/posts"}],"about":[{"href":"https:\/\/rdnews.al\/index.php\/wp-json\/wp\/v2\/types\/post"}],"author":[{"embeddable":true,"href":"https:\/\/rdnews.al\/index.php\/wp-json\/wp\/v2\/users\/4"}],"replies":[{"embeddable":true,"href":"https:\/\/rdnews.al\/index.php\/wp-json\/wp\/v2\/comments?post=124346"}],"version-history":[{"count":1,"href":"https:\/\/rdnews.al\/index.php\/wp-json\/wp\/v2\/posts\/124346\/revisions"}],"predecessor-version":[{"id":124348,"href":"https:\/\/rdnews.al\/index.php\/wp-json\/wp\/v2\/posts\/124346\/revisions\/124348"}],"wp:featuredmedia":[{"embeddable":true,"href":"https:\/\/rdnews.al\/index.php\/wp-json\/wp\/v2\/media\/124347"}],"wp:attachment":[{"href":"https:\/\/rdnews.al\/index.php\/wp-json\/wp\/v2\/media?parent=124346"}],"wp:term":[{"taxonomy":"category","embeddable":true,"href":"https:\/\/rdnews.al\/index.php\/wp-json\/wp\/v2\/categories?post=124346"},{"taxonomy":"post_tag","embeddable":true,"href":"https:\/\/rdnews.al\/index.php\/wp-json\/wp\/v2\/tags?post=124346"}],"curies":[{"name":"wp","href":"https:\/\/api.w.org\/{rel}","templated":true}]}}