{"id":124349,"date":"2025-09-27T16:47:48","date_gmt":"2025-09-27T16:47:48","guid":{"rendered":"https:\/\/rdnews.al\/?p=124349"},"modified":"2025-09-27T16:47:48","modified_gmt":"2025-09-27T16:47:48","slug":"kronika-rendit-ngjarjet-e-rendesishme-pas-ikjes-se-ditmarit","status":"publish","type":"post","link":"https:\/\/rdnews.al\/index.php\/2025\/09\/27\/kronika-rendit-ngjarjet-e-rendesishme-pas-ikjes-se-ditmarit\/","title":{"rendered":"Kronika rendit ngjarjet e r\u00ebnd\u00ebsishme pas ikjes s\u00eb Ditmarit!"},"content":{"rendered":"<p><strong>Nga<\/strong>\u00a0<strong>Agron GJEKMARKAJ<\/strong><\/p>\n<p>Qekur Ditmari filloi pun\u00eb si lektor e bah\u00e7evan p\u00ebr t\u00eb rrumbullakosur rrogen n\u00eb Harvard t\u00eb Amerikes s\u00eb larget ketu ndodhen nj\u00eb s\u00ebr\u00eb gjerash.<\/p>\n<p>Nikua me molleza pak t\u00eb skuqura u b\u00eb bimbash i Kuvendit.<\/p>\n<p>Un\u00eb vet\u00eb fal\u00eb vullnetit\u00a0t\u00eb Doktorit u b\u00ebra zevendes Nikoqir!<\/p>\n<p>Bledion Nallbati q\u00eb dikur motit i rehatonte shikimet mbi auren\u00a0 e hajthme\u00a0 t\u00eb Mamices \u00ebsht\u00eb murretyer, \u00ebsht\u00eb b\u00ebr\u00eb meit !<\/p>\n<p>Nuk permbahet!<\/p>\n<p>Nj\u00eb hije si vrugu mbi rrush i ka r\u00ebn\u00eb mbi fytyre.<\/p>\n<p>Do ta zboj tha\u00a0jezitin,\u00a0 nga aty q\u00eb i pla\u00e7in syte i pla\u00e7in , mocion mocion renkoi!<\/p>\n<p>Qetesohu vella i tham\u00eb, Mamica rri me Rubion tani dhe e keshillon\u00a0 qe edhe ai t\u00eb lexoj\u00eb\u00a0 \u201cKurbanin\u201d e t\u00eb lartonet kulturalisht, nuk na e ka m\u00eb ng\u00ebn\u00eb neve t\u00eb provinces! Van\u00eb ato kohera t\u00eb \u00ebmbla mjalt\u00eb!<\/p>\n<p>Komisionin per zgjedhjen e Nikos\u00a0e kryesonte vet\u00eb Dilua.<\/p>\n<p>Ai\u00a0p\u00ebr at\u00eb dite kishte zgjedhur kostumin e mir\u00eb t\u00eb teritalit dhe ndihej i vler\u00ebsuar. I perqendruar tek misioni nuk shihte rob n\u00eb sy.<\/p>\n<p>Tezja qau me krusma per ikjen e Ditmarit, me ndjeshmerin\u00eb dhe butesin\u00eb q\u00eb e karakterizon, rrekeja nuk pat t\u00eb ndalur.<\/p>\n<p>Nuk i kishte lot gezimi se\u00a0 u b\u00eb vezire per arsim ngaqe ajo e di se \u00e7e pret po br\u00ebng\u00eb e mall per shokun e betejave e te bisedave sekrete.<\/p>\n<p>Para se ti hypte balones\u00a0ai la ca lek per \u00e7ilimiqerit e shokeve t\u00eb mazhorances q\u00eb mos tu thahej goja p\u00ebr nj\u00eb akullore se helbete jan\u00eb robetuar per kete popull e nuk kan\u00eb asnj\u00eb kacille ne xhep!<\/p>\n<p>Secili prej tyre ngjan me Luigj Gurakuqin n\u00eb idealizm\u00eb se mos e kan\u00eb mendjen per tendera e gj\u00ebra kesodore!<\/p>\n<p>Ditmari per rruges mori dhjet\u00eb fjalimet historike t\u00eb Tonit per ti konspektuar q\u00eb ti kishte hazer per studentet e atjeshem. Retorik\u00eb e lart\u00eb, po e po, stili stil e emfaza emfaz\u00eb!<\/p>\n<p>Premtoi q\u00eb si literatur\u00eb shtes\u00eb\u00a0do u rekomandoj\u00eb atyre vepren e Pirro D\u00ebngut, botimet e Fortbes Mumjellarit\u00a0dhe kumtesat e Sypetrit Malajt qe kjo Bot\u00eb virane t\u00eb veje mbroth!<\/p>\n<p>Per \u00e7eshtje financash se po shkojn\u00eb perdreq e Jankit\u00eb\u00a0 po trazohen\u00a0 natyrisht mund t\u00eb ftoj\u00eb Ibrahimn\u00eb\u00a0 bashk\u00eb me merhumn\u00eb e Cerrikut per t\u00eb shartuar dardhe\u00a0 me ftua e sheg\u00eb me portokall.<\/p>\n<p>Dileme e pat nese i mbet hatri Aniles se ajo di t\u00eb\u00a0 imitoj\u00eb blegerimat\u00a0 e mbase i hyn n\u00eb pun\u00eb!<\/p>\n<p>Edhe Gonxhja mendoi \u00ebsht\u00eb si antibiotik kunder injorances me kulturen e gj\u00ebr\u00eb dhe artikulimin e thelle ndaj po e pashe pisk do e ftoj tu ndrij\u00eb udh\u00ebn amanet\u00ebqarve\u00a0 t\u00eb Harvardit i regetiu mendimii cili\u00a0 ju pre ne mes nga nj\u00eb turbolenc\u00eb!<\/p>\n<p>Qeveria e re e Babos\u00a0e kryesuar nga Bela kaloi pa debat e diskutime se helbete per ti mbrojtur nderin \u201cDielles\u201d iken qerratenjet nga syt\u00eb k\u00ebmbet! Babua fsheh nj\u00eb sakelldi.<\/p>\n<p>Bela dukej e gezuar por e permbajtur! Shikonte me qashtersi Gaz Bardhin e lutej fale Zot se nuk di \u00e7far\u00eb b\u00ebn ai lanet!<\/p>\n<p>Kronika ka v\u00ebn\u00eb kujen per Etilden. Toni n\u00eb minuten e fundit i zuri vendin i pahajri.<\/p>\n<p>Dert i madh, kthejme kohen \u00e7\u2019te shohesh ca zdeper\u00a0 e trukokall\u00eb t\u00eb panjohur n\u00eb vend t\u00eb saj pa pik\u00eb melankolie!<\/p>\n<p>Po Mimi di Puccini ku do jet\u00eb duke psheretir\u00eb, mbi cilen ur\u00eb e ka ndalur hapin? Pandi thon\u00eb q\u00eb \u00ebshte par\u00eb nga ur\u00eb e Qabes\u00eb! Nuk degjoi keshillat e Bores i ngrati!<\/p>\n<p>Klosi me Damon mben\u00eb perseri me gisht n\u00eb goj\u00eb duke ferkuar durimin.<\/p>\n<p>Tao ka v\u00ebn\u00eb rishtaz nj\u00eb\u00a0gush\u00eb bubulake dhe ka marr\u00eb pamjen e njeriut t\u00eb menduar me nj\u00eb barr\u00eb mend evlati! I \u00ebsht\u00eb rikthyer qetesia qafirit! Deputetet e rinj e shohin si At\u00eb dhe ai i darovit si evleter m\u00eb b\u00ebma e ekperienc\u00eb jet\u00eb!<\/p>\n<p>Ulsia duket si nj\u00eb intelektual i pavarur i cili mejton per k\u00ebt\u00eb politik\u00eb jallane tek sheh se si Fate labi do ti kafshoj\u00eb komisionin!<\/p>\n<p>Ndersa Ogi duket si nj\u00eb sorakalle\u00a0 \u00a0e perhumbur mes rropullive t\u00eb fushates q\u00eb e pret!<\/p>\n<p>N\u00eb Kryesin\u00eb Kuvendit slengu i fshatrave t\u00eb Kor\u00e7es ndihet neper korridore si gjuhe perendie, ardhi, urovi , shkovi, gezovi, qevi, ndihet kudo!<\/p>\n<p>Ikja e Kostaqit ngjante me shembjen e idhujve! E deboi Nikua themeluesin e PS , Kostaq harvardistin e vertete po e mori Mamica dhe po e mban si djal\u00eb deshiri plot kos me mjalt\u00eb, petulla e luleshtrylle avenyve t\u00eb New Jork-ut!<\/p>\n<p>Nejse diten qe mblodhi pla\u00e7kat\u00a0nj\u00eb re e zeze kishte r\u00ebne mbi siluetat e administrates! Kostaqi shkonte ti pajtonte e ngushellonte por qante edhe vete nga pak teksa\u00a0 kori i grave mallkonte \u201cNikoqir t\u00eb r\u00ebnt\u00eb pika pa Kostaqn\u00eb e zez\u00eb \u00ebsht\u00eb dita\u201d! Kostaqi ne t\u00eb dal\u00eb nxorri gjuhen nj\u00eb pash, pellemben mbi\u00a0 hund\u00eb dhe iku u b\u00eb er\u00eb! Tani koke e tij si djall shfaqet pas ka\u00e7urrelave t\u00eb Mamices ne OKB!<\/p>\n<p>Nderkohe Ervin Saliani si klerik i lart\u00eb i virtytit ku gjen njerez duke u z\u00ebn\u00eb i pajton, ku sheh ndonje port\u00eb t\u00eb mbyllur e hap, ku ka plage ve doren si melhem i uruari!<\/p>\n","protected":false},"excerpt":{"rendered":"<p>Nga\u00a0Agron GJEKMARKAJ Qekur Ditmari filloi pun\u00eb si lektor e bah\u00e7evan p\u00ebr t\u00eb rrumbullakosur rrogen n\u00eb Harvard t\u00eb Amerikes s\u00eb larget ketu ndodhen nj\u00eb s\u00ebr\u00eb gjerash. Nikua me molleza pak t\u00eb skuqura u b\u00eb bimbash i Kuvendit. Un\u00eb vet\u00eb fal\u00eb vullnetit\u00a0t\u00eb Doktorit u b\u00ebra zevendes Nikoqir! Bledion Nallbati q\u00eb dikur motit i rehatonte shikimet mbi auren\u00a0 &hellip;<\/p>\n","protected":false},"author":4,"featured_media":94968,"comment_status":"closed","ping_status":"closed","sticky":false,"template":"","format":"standard","meta":{"footnotes":""},"categories":[44],"tags":[],"class_list":["post-124349","post","type-post","status-publish","format-standard","has-post-thumbnail","","category-editorial"],"_links":{"self":[{"href":"https:\/\/rdnews.al\/index.php\/wp-json\/wp\/v2\/posts\/124349","targetHints":{"allow":["GET"]}}],"collection":[{"href":"https:\/\/rdnews.al\/index.php\/wp-json\/wp\/v2\/posts"}],"about":[{"href":"https:\/\/rdnews.al\/index.php\/wp-json\/wp\/v2\/types\/post"}],"author":[{"embeddable":true,"href":"https:\/\/rdnews.al\/index.php\/wp-json\/wp\/v2\/users\/4"}],"replies":[{"embeddable":true,"href":"https:\/\/rdnews.al\/index.php\/wp-json\/wp\/v2\/comments?post=124349"}],"version-history":[{"count":1,"href":"https:\/\/rdnews.al\/index.php\/wp-json\/wp\/v2\/posts\/124349\/revisions"}],"predecessor-version":[{"id":124350,"href":"https:\/\/rdnews.al\/index.php\/wp-json\/wp\/v2\/posts\/124349\/revisions\/124350"}],"wp:featuredmedia":[{"embeddable":true,"href":"https:\/\/rdnews.al\/index.php\/wp-json\/wp\/v2\/media\/94968"}],"wp:attachment":[{"href":"https:\/\/rdnews.al\/index.php\/wp-json\/wp\/v2\/media?parent=124349"}],"wp:term":[{"taxonomy":"category","embeddable":true,"href":"https:\/\/rdnews.al\/index.php\/wp-json\/wp\/v2\/categories?post=124349"},{"taxonomy":"post_tag","embeddable":true,"href":"https:\/\/rdnews.al\/index.php\/wp-json\/wp\/v2\/tags?post=124349"}],"curies":[{"name":"wp","href":"https:\/\/api.w.org\/{rel}","templated":true}]}}