{"id":124351,"date":"2025-09-27T16:52:58","date_gmt":"2025-09-27T16:52:58","guid":{"rendered":"https:\/\/rdnews.al\/?p=124351"},"modified":"2025-09-27T16:52:58","modified_gmt":"2025-09-27T16:52:58","slug":"rama-u-mburr-se-solli-forbes-global-ne-shqiperi-por-kompania-capital-point-me-borxhe-ne-tatime","status":"publish","type":"post","link":"https:\/\/rdnews.al\/index.php\/2025\/09\/27\/rama-u-mburr-se-solli-forbes-global-ne-shqiperi-por-kompania-capital-point-me-borxhe-ne-tatime\/","title":{"rendered":"Rama u mburr se solli \u201cForbes Global\u201d n\u00eb Shqip\u00ebri, por kompania \u201cCapital Point\u201d me borxhe n\u00eb Tatime"},"content":{"rendered":"<p>\u201cCapital Point\u201d, kompania e cila u b\u00eb pjes\u00eb e rrjetit Forbes Global Properties rezulton t\u00eb jet\u00eb n\u00ebn mas\u00ebn e sigurimit tatimor p\u00ebr shkak t\u00eb borxheve t\u00eb papaguar n\u00eb Tatime. Kompania, e cila u l\u00ebvdua publikisht nga kryeministri Edi Rama, \u00ebsht\u00eb v\u00ebn\u00eb n\u00ebn mas\u00eb q\u00eb n\u00eb tetor t\u00eb vitit t\u00eb kaluar p\u00ebr shkak se nuk ka paguar 18 mij\u00eb euro detyrime t\u00eb prapambetura.<\/p>\n<p>\u201cTatimpaguesit i \u00ebsht\u00eb d\u00ebrguar dokumenti \u201cNjoftim dhe k\u00ebrkes\u00eb p\u00ebr t\u00eb paguar\u201d, por ai nuk ka paguar ende. K\u00ebto detyrime jan\u00eb subjekt i masave shtr\u00ebnguese n\u00eb p\u00ebrputhje me legjislacionin p\u00ebrkat\u00ebs tatimor,\u201d thuhet n\u00eb shkres\u00ebn e Tatimeve.<\/p>\n<p>Drejtoria e Mbledhjes s\u00eb Detyrimeve Tatimore t\u00eb Papaguara Rajoni Qendror thekson se n\u00ebp\u00ebrmjet k\u00ebsaj mase synon q\u00eb n\u00eb Qendr\u00ebn Komb\u00ebtare te Biznesit t\u00eb mos lejohet tjet\u00ebrsimi mbi pasurin\u00eb dhe t\u00eb drejtat e tjera pasurore q\u00eb i p\u00ebrkasin k\u00ebtij tatimpaguesi, deri n\u00eb shlyerjen e plot\u00eb t\u00eb detyrimeve tatimore.<\/p>\n<p><img loading=\"lazy\" decoding=\"async\" class=\"alignnone size-medium wp-image-1604168\" src=\"https:\/\/boldnews.al\/wp-content\/uploads\/2025\/09\/900-0-1758987782xcapital-870-640x757.jpg\" sizes=\"auto, (max-width: 640px) 100vw, 640px\" srcset=\"https:\/\/boldnews.al\/wp-content\/uploads\/2025\/09\/900-0-1758987782xcapital-870-640x757.jpg 640w, https:\/\/boldnews.al\/wp-content\/uploads\/2025\/09\/900-0-1758987782xcapital-870-750x887.jpg 750w, https:\/\/boldnews.al\/wp-content\/uploads\/2025\/09\/900-0-1758987782xcapital-870.jpg 900w\" alt=\"\" width=\"640\" height=\"757\" data-pin-no-hover=\"true\" \/><\/p>\n<p><strong>Capital Point n\u00ebn sekuestro tatimore<\/strong><\/p>\n<p>Capital Point \u00ebsht\u00eb nj\u00eb agjenci pasurish t\u00eb paluajtshme, q\u00eb zot\u00ebrohet nga Ilda Zaloshnja dhe nj\u00eb shtetas amerikan nga Massachusetts i quajtur Brandan Arthur Mativi. Nj\u00eb dit\u00eb m\u00eb par\u00eb kompania mbajti nj\u00eb event publik ku njoftoi bashkimin me rrjetin Forbes Global Properties.<\/p>\n<p>N\u00eb ceremonin\u00eb, ku ishte i ftuar drejtori ekzekutiv i Forbes Global Properties, ishte i pranish\u00ebm dhe kryeministri Edi Rama, i cili i p\u00ebrg\u00ebzoi publikisht t\u00eb dy pronar\u00ebt e Capital Point p\u00ebr sjelljen e Forbes Global Properties n\u00eb Shqip\u00ebri.<\/p>\n<p><em>\u201cDo t\u00eb flas dy fjal\u00eb n\u00eb anglisht, s\u00eb pari duke shprehur fal\u00ebnderime shum\u00eb t\u00eb sinqerta p\u00ebr nj\u00eb \u00e7ift q\u00eb e b\u00ebri t\u00eb mundur nj\u00eb gj\u00eb t\u00eb till\u00eb dhe \u00ebsht\u00eb di\u00e7ka q\u00eb t\u2019ju them t\u00eb v\u00ebrtet\u00ebn ishte di\u00e7ka p\u00ebr t\u00eb cil\u00ebn isha skeptik, sepse ne e dim\u00eb shum\u00eb mir\u00eb q\u00eb Forbes Property nuk \u00ebsht\u00eb deg\u00eb po themi k\u00ebtu, \u00ebsht\u00eb ajo e mir\u00ebfillta, e v\u00ebrteta, dhe t\u00eb shoh\u00ebsh drejtuesin ekzekutiv q\u00eb vjen nga Shtetet e Bashkuara t\u00eb Amerik\u00ebs, me nj\u00eb grup jo t\u00eb vog\u00ebl, p\u00ebr t\u00eb kremtuar k\u00ebt\u00eb mbr\u00ebmje \u00ebsht\u00eb v\u00ebrtet\u00eb nj\u00eb arritje mjaft e madhe, k\u00ebshtu q\u00eb p\u00ebrg\u00ebzime,\u201d<\/em>\u00a0tha Rama.<\/p>\n<p>\/<a href=\"https:\/\/kapitali.al\/lajme-nga-vendi\/kompania-qe-levdoi-rama-se-solli-forbes-global-ne-shqiperi-eshte-i35835?fbclid=IwZnRzaANE51VleHRuA2FlbQIxMQABHgOKersBL9GNlL7evlB2DLl5D0aydZBG1YWODl983wq8Dm92kLXNw2FiulVG_aem_aUC4ve11bHdPLM1iIcDDGw\" target=\"_blank\" rel=\"noopener\">Kapitali.al<\/a><\/p>\n","protected":false},"excerpt":{"rendered":"<p>\u201cCapital Point\u201d, kompania e cila u b\u00eb pjes\u00eb e rrjetit Forbes Global Properties rezulton t\u00eb jet\u00eb n\u00ebn mas\u00ebn e sigurimit tatimor p\u00ebr shkak t\u00eb borxheve t\u00eb papaguar n\u00eb Tatime. Kompania, e cila u l\u00ebvdua publikisht nga kryeministri Edi Rama, \u00ebsht\u00eb v\u00ebn\u00eb n\u00ebn mas\u00eb q\u00eb n\u00eb tetor t\u00eb vitit t\u00eb kaluar p\u00ebr shkak se nuk ka &hellip;<\/p>\n","protected":false},"author":4,"featured_media":124352,"comment_status":"closed","ping_status":"closed","sticky":false,"template":"","format":"standard","meta":{"footnotes":""},"categories":[37],"tags":[],"class_list":["post-124351","post","type-post","status-publish","format-standard","has-post-thumbnail","","category-politike"],"_links":{"self":[{"href":"https:\/\/rdnews.al\/index.php\/wp-json\/wp\/v2\/posts\/124351","targetHints":{"allow":["GET"]}}],"collection":[{"href":"https:\/\/rdnews.al\/index.php\/wp-json\/wp\/v2\/posts"}],"about":[{"href":"https:\/\/rdnews.al\/index.php\/wp-json\/wp\/v2\/types\/post"}],"author":[{"embeddable":true,"href":"https:\/\/rdnews.al\/index.php\/wp-json\/wp\/v2\/users\/4"}],"replies":[{"embeddable":true,"href":"https:\/\/rdnews.al\/index.php\/wp-json\/wp\/v2\/comments?post=124351"}],"version-history":[{"count":1,"href":"https:\/\/rdnews.al\/index.php\/wp-json\/wp\/v2\/posts\/124351\/revisions"}],"predecessor-version":[{"id":124353,"href":"https:\/\/rdnews.al\/index.php\/wp-json\/wp\/v2\/posts\/124351\/revisions\/124353"}],"wp:featuredmedia":[{"embeddable":true,"href":"https:\/\/rdnews.al\/index.php\/wp-json\/wp\/v2\/media\/124352"}],"wp:attachment":[{"href":"https:\/\/rdnews.al\/index.php\/wp-json\/wp\/v2\/media?parent=124351"}],"wp:term":[{"taxonomy":"category","embeddable":true,"href":"https:\/\/rdnews.al\/index.php\/wp-json\/wp\/v2\/categories?post=124351"},{"taxonomy":"post_tag","embeddable":true,"href":"https:\/\/rdnews.al\/index.php\/wp-json\/wp\/v2\/tags?post=124351"}],"curies":[{"name":"wp","href":"https:\/\/api.w.org\/{rel}","templated":true}]}}