{"id":124390,"date":"2025-09-29T08:32:45","date_gmt":"2025-09-29T08:32:45","guid":{"rendered":"https:\/\/rdnews.al\/?p=124390"},"modified":"2025-09-29T08:35:43","modified_gmt":"2025-09-29T08:35:43","slug":"berisha-perpjekje-kriminale-per-te-mbrojtur-vrasesit-e-pushtetit-vrasesit-e-biznesmenit-italian","status":"publish","type":"post","link":"https:\/\/rdnews.al\/index.php\/2025\/09\/29\/berisha-perpjekje-kriminale-per-te-mbrojtur-vrasesit-e-pushtetit-vrasesit-e-biznesmenit-italian\/","title":{"rendered":"Berisha: P\u00ebrpjekje kriminale p\u00ebr t\u00eb mbrojtur vras\u00ebsit e pushtetit, vras\u00ebsit e biznesmenit italian!"},"content":{"rendered":"<p>Kryetari i PD, Sali Berisha shkruan se, nj\u00eb makineri e t\u00ebr\u00eb shtet\u00ebrore b\u00ebn p\u00ebrpjekje p\u00ebr t\u00eb mbrojtur vras\u00ebsin e biznesmenit italian. Ai shkruan se, nj\u00eb her\u00eb thuhet se ishte me 4 veta n\u00eb makin\u00eb, nj\u00eb her\u00eb tjet\u00ebr shkruhet se ai mori nj\u00eb plumb n\u00eb k\u00ebmb\u00eb dhe vdiq nga hemorragjia, her\u00ebn tjet\u00ebr thuhet se mori nj\u00eb plumb n\u00eb kok\u00eb.<\/p>\n<p><strong>Reagimi i Berish\u00ebs<\/strong><\/p>\n<p>P\u00ebrpjekje kriminale p\u00ebr t\u00eb mbrojtur vras\u00ebsit e pushtetit, vras\u00ebsit e biznesmenit italian.<\/p>\n<p>Paskrimi \u00ebsht\u00eb edhe m\u00eb i sh\u00ebmtuar se krimi.<\/p>\n<p>T\u00eb dashur miq, nj\u00eb makineri e t\u00ebr\u00eb shtet\u00ebrore mashtrimi p\u00ebr t\u00eb mbrojtur vras\u00ebsin e biznesmenit italian.<\/p>\n<p>Nj\u00eb her\u00eb thuhet se ishte me 4 veta n\u00eb makin\u00eb, nj\u00eb her\u00eb tjet\u00ebr shkruhet se ai mori nj\u00eb plumb n\u00eb k\u00ebmb\u00eb dhe vdiq nga hemorragjia, her\u00ebn tjet\u00ebr thuhet se mori nj\u00eb plumb n\u00eb kok\u00eb. Klani Bra\u00e7e, me gjith\u00eb d\u00ebshmit\u00eb kontradiktore t\u00eb secilit prej tyre, u la i lir\u00eb. Madje iu k\u00ebrkuan ndjes\u00eb se i mor\u00ebn n\u00eb pyetje.<\/p>\n<p>Tani mbetet t\u00eb thuhet se i ndjeri vrau veten me nj\u00eb plumb n\u00eb kok\u00eb dhe nuk e ka vrar\u00eb njeri.<\/p>\n<p>T\u00eb dashur miq, n\u00eb nj\u00eb vend ku shteti dhe mafia jan\u00eb nj\u00eb, ku vras\u00ebsi dhe hetuesi jan\u00eb nj\u00eb, n\u00eb krime habi nuk ka, por edhe pas krimi \u00ebsht\u00eb edhe m\u00eb i sh\u00ebmtuar se krimi.<\/p>\n","protected":false},"excerpt":{"rendered":"<p>Kryetari i PD, Sali Berisha shkruan se, nj\u00eb makineri e t\u00ebr\u00eb shtet\u00ebrore b\u00ebn p\u00ebrpjekje p\u00ebr t\u00eb mbrojtur vras\u00ebsin e biznesmenit italian. Ai shkruan se, nj\u00eb her\u00eb thuhet se ishte me 4 veta n\u00eb makin\u00eb, nj\u00eb her\u00eb tjet\u00ebr shkruhet se ai mori nj\u00eb plumb n\u00eb k\u00ebmb\u00eb dhe vdiq nga hemorragjia, her\u00ebn tjet\u00ebr thuhet se mori nj\u00eb &hellip;<\/p>\n","protected":false},"author":4,"featured_media":124392,"comment_status":"closed","ping_status":"closed","sticky":false,"template":"","format":"standard","meta":{"footnotes":""},"categories":[37],"tags":[],"class_list":["post-124390","post","type-post","status-publish","format-standard","has-post-thumbnail","","category-politike"],"_links":{"self":[{"href":"https:\/\/rdnews.al\/index.php\/wp-json\/wp\/v2\/posts\/124390","targetHints":{"allow":["GET"]}}],"collection":[{"href":"https:\/\/rdnews.al\/index.php\/wp-json\/wp\/v2\/posts"}],"about":[{"href":"https:\/\/rdnews.al\/index.php\/wp-json\/wp\/v2\/types\/post"}],"author":[{"embeddable":true,"href":"https:\/\/rdnews.al\/index.php\/wp-json\/wp\/v2\/users\/4"}],"replies":[{"embeddable":true,"href":"https:\/\/rdnews.al\/index.php\/wp-json\/wp\/v2\/comments?post=124390"}],"version-history":[{"count":1,"href":"https:\/\/rdnews.al\/index.php\/wp-json\/wp\/v2\/posts\/124390\/revisions"}],"predecessor-version":[{"id":124391,"href":"https:\/\/rdnews.al\/index.php\/wp-json\/wp\/v2\/posts\/124390\/revisions\/124391"}],"wp:featuredmedia":[{"embeddable":true,"href":"https:\/\/rdnews.al\/index.php\/wp-json\/wp\/v2\/media\/124392"}],"wp:attachment":[{"href":"https:\/\/rdnews.al\/index.php\/wp-json\/wp\/v2\/media?parent=124390"}],"wp:term":[{"taxonomy":"category","embeddable":true,"href":"https:\/\/rdnews.al\/index.php\/wp-json\/wp\/v2\/categories?post=124390"},{"taxonomy":"post_tag","embeddable":true,"href":"https:\/\/rdnews.al\/index.php\/wp-json\/wp\/v2\/tags?post=124390"}],"curies":[{"name":"wp","href":"https:\/\/api.w.org\/{rel}","templated":true}]}}