{"id":124401,"date":"2025-09-29T08:56:21","date_gmt":"2025-09-29T08:56:21","guid":{"rendered":"https:\/\/rdnews.al\/?p=124401"},"modified":"2025-09-29T08:56:21","modified_gmt":"2025-09-29T08:56:21","slug":"shkarkimi-i-peleshit-bardhi-mazhoranca-po-shkel-rregulloren-refuzon-te-trajtoje-kerkesat-e-pd","status":"publish","type":"post","link":"https:\/\/rdnews.al\/index.php\/2025\/09\/29\/shkarkimi-i-peleshit-bardhi-mazhoranca-po-shkel-rregulloren-refuzon-te-trajtoje-kerkesat-e-pd\/","title":{"rendered":"Shkarkimi i Peleshit\/ Bardhi: Mazhoranca po shkel rregulloren, refuzon t\u00eb trajtoj\u00eb k\u00ebrkesat e PD"},"content":{"rendered":"<p>Kreu i grupit parlamentar t\u00eb PD, Gazment Bardhi gjat\u00eb mbledhjes s\u00eb Konferenc\u00ebs s\u00eb Kryetar\u00ebve, ka k\u00ebrkuar q\u00eb t\u00eb thirret K\u00ebshilli i Legjislacionit p\u00ebr shqyrtimin e k\u00ebrkes\u00ebs s\u00eb Partis\u00eb Demokratike p\u00ebr shkarkimin e Kryetarit t\u00eb Kuvendit, Niko Peleshi.<\/p>\n<p>Gjithashtu, Bardhi i k\u00ebrkoi mazhoranc\u00ebs q\u00eb t\u00eb p\u00ebrfshihej edhe k\u00ebrkesa e PD-s\u00eb p\u00ebr p\u00ebrs\u00ebriten e seanc\u00ebs s\u00eb 12 Shtatorit, ku programi qeveritar dhe kabineti u votuan vet\u00ebm me votat e PS.<\/p>\n<p>\u201cJu sjell ne vemendje se keni detyrim te therrisni Keshillin e Legjisclacionit per kerkesen e PD per shkarkimin e kryetarit te Kuvendit. Thirrja e Keshillit eshte detyrim qe ju duhet ta respektoni.<\/p>\n<p>Kemi sjell edhe nje kerkese per riperseritjen e seanc\u00ebs se 12 shtatorit. Kalimi pa debat, kemi arsyetuar se eshte ne shkelje te kushtetutes dhe rregullores. Ju duhet ta perfshini ate kerkese.<\/p>\n<p>\u00c7\u00ebshtja e 3-te. Ne kemi dorezuar nje kerkese per Mocion me Debat mbi programin e qeverise per 4 vitet e ardhshme. Ne baze te rregullore do duhej qe ky mocion me debat te ishte perfshire ne kete mbledhje te Konferences se Kryetareve. Sot skadon dita e 3-te e fatit sic e parashikon rregullorja. Dhe deri tani ne nuk kemi njoftim per mbledhje tjeter.\u201d,\u00a0m\u00ebsohet t\u00eb jet\u00eb shprehur Bardhi.<\/p>\n","protected":false},"excerpt":{"rendered":"<p>Kreu i grupit parlamentar t\u00eb PD, Gazment Bardhi gjat\u00eb mbledhjes s\u00eb Konferenc\u00ebs s\u00eb Kryetar\u00ebve, ka k\u00ebrkuar q\u00eb t\u00eb thirret K\u00ebshilli i Legjislacionit p\u00ebr shqyrtimin e k\u00ebrkes\u00ebs s\u00eb Partis\u00eb Demokratike p\u00ebr shkarkimin e Kryetarit t\u00eb Kuvendit, Niko Peleshi. Gjithashtu, Bardhi i k\u00ebrkoi mazhoranc\u00ebs q\u00eb t\u00eb p\u00ebrfshihej edhe k\u00ebrkesa e PD-s\u00eb p\u00ebr p\u00ebrs\u00ebriten e seanc\u00ebs s\u00eb 12 &hellip;<\/p>\n","protected":false},"author":4,"featured_media":88001,"comment_status":"closed","ping_status":"closed","sticky":false,"template":"","format":"standard","meta":{"footnotes":""},"categories":[37],"tags":[],"class_list":["post-124401","post","type-post","status-publish","format-standard","has-post-thumbnail","","category-politike"],"_links":{"self":[{"href":"https:\/\/rdnews.al\/index.php\/wp-json\/wp\/v2\/posts\/124401","targetHints":{"allow":["GET"]}}],"collection":[{"href":"https:\/\/rdnews.al\/index.php\/wp-json\/wp\/v2\/posts"}],"about":[{"href":"https:\/\/rdnews.al\/index.php\/wp-json\/wp\/v2\/types\/post"}],"author":[{"embeddable":true,"href":"https:\/\/rdnews.al\/index.php\/wp-json\/wp\/v2\/users\/4"}],"replies":[{"embeddable":true,"href":"https:\/\/rdnews.al\/index.php\/wp-json\/wp\/v2\/comments?post=124401"}],"version-history":[{"count":1,"href":"https:\/\/rdnews.al\/index.php\/wp-json\/wp\/v2\/posts\/124401\/revisions"}],"predecessor-version":[{"id":124402,"href":"https:\/\/rdnews.al\/index.php\/wp-json\/wp\/v2\/posts\/124401\/revisions\/124402"}],"wp:featuredmedia":[{"embeddable":true,"href":"https:\/\/rdnews.al\/index.php\/wp-json\/wp\/v2\/media\/88001"}],"wp:attachment":[{"href":"https:\/\/rdnews.al\/index.php\/wp-json\/wp\/v2\/media?parent=124401"}],"wp:term":[{"taxonomy":"category","embeddable":true,"href":"https:\/\/rdnews.al\/index.php\/wp-json\/wp\/v2\/categories?post=124401"},{"taxonomy":"post_tag","embeddable":true,"href":"https:\/\/rdnews.al\/index.php\/wp-json\/wp\/v2\/tags?post=124401"}],"curies":[{"name":"wp","href":"https:\/\/api.w.org\/{rel}","templated":true}]}}