{"id":124403,"date":"2025-09-29T09:04:26","date_gmt":"2025-09-29T09:04:26","guid":{"rendered":"https:\/\/rdnews.al\/?p=124403"},"modified":"2025-09-29T09:05:18","modified_gmt":"2025-09-29T09:05:18","slug":"veliaj-con-ramen-ne-kushtetuese","status":"publish","type":"post","link":"https:\/\/rdnews.al\/index.php\/2025\/09\/29\/veliaj-con-ramen-ne-kushtetuese\/","title":{"rendered":"Veliaj \u00e7on Ram\u00ebn n\u00eb Gjykat\u00ebn Kushtetuese"},"content":{"rendered":"<p>Erion Veliaj, i shkarkuar m\u00eb 25 shtator nga detyra e kryetarit t\u00eb Bashkis\u00eb s\u00eb Tiran\u00ebs, ka ankimuar vendimin n\u00eb Gjykat\u00ebn Kushtetuese. N\u00eb ankimin e tij theksohet se nj\u00eb kryebashkiak nuk mund t\u00eb shkarkohet pa nj\u00eb shkelje t\u00eb r\u00ebnd\u00eb t\u00eb provuar dhe se vendimi \u00ebsht\u00eb i paligjsh\u00ebm dhe antikushtetues.<\/p>\n<div class=\"jeg_ad jeg_ad_article jnews_content_inline_ads \">\n<div class=\"ads-wrapper align-center \">\n<div class=\"ads_code\">K\u00ebshilli Bashkiak i Tiran\u00ebs votoi pro shkarkimit t\u00eb tij jav\u00ebn q\u00eb lam\u00eb pas urdhrit t\u00eb Kryeministrit Edi Rama, n\u00eb asamblen\u00eb e Partis\u00eb Socialiste, ku u b\u00eb publike edhe emri i Ogerta Mamastriliut si kandidate p\u00ebr t\u00eb qen\u00eb pasuesja e Veliajt.<\/div>\n<\/div>\n<\/div>\n<p>Rama u shpreh se shkak p\u00ebr shkarkimin e Veliajt u b\u00eb mosparaqitja n\u00eb detyr\u00eb p\u00ebr m\u00eb shum\u00eb se tre muaj. N\u00eb k\u00ebrkes\u00ebn e dor\u00ebzuar n\u00eb Kushtetuese, Veliaj sqaron se mungesa nuk ishte me vullnetin e tij, por pasoj\u00eb e nj\u00eb mase sigurie q\u00eb ai synon ta kund\u00ebrshtoj\u00eb n\u00eb t\u00eb gjitha shkall\u00ebt e gjyq\u00ebsorit.<\/p>\n<p><strong>P\u00ebr \u00e7far\u00eb akuzohet Veliaj?<\/strong><\/p>\n<p>SPAK ka p\u00ebrfunduar hetimet dhe ka d\u00ebrguar p\u00ebr gjykim dosjen e tij n\u00eb Gjykat\u00ebn e Posa\u00e7me. Veliaj p\u00ebrballet me 13 akuza, nd\u00ebrsa bashk\u00ebshortja e tij, Ajola Xoxa, me 12 akuza. Sipas SPAK, \u00e7ifti n\u00eb t\u00eb pakt\u00ebn 9 raste ka marr\u00eb p\u00ebrfitime t\u00eb parregullta monetare dhe pasuri t\u00eb paluajtshme nga kompani dhe OJF, t\u00eb cilat m\u00eb pas kan\u00eb p\u00ebrfituar leje nd\u00ebrtimi dhe fonde publike nga Bashkia e Tiran\u00ebs.<\/p>\n<p>N\u00eb dosje thuhet se Veliaj, me n\u00ebnshkrimin e tij si kryebashkiak, ka miratuar shp\u00ebrndarjen e fondeve publike q\u00eb kan\u00eb p\u00ebrfunduar n\u00eb OJF t\u00eb lidhura me bashk\u00ebshorten dhe individ\u00eb t\u00eb af\u00ebrt me t\u00eb. P\u00ebrmes k\u00ebtij skemi, sipas SPAK, ata kan\u00eb p\u00ebrfituar edhe pasuri t\u00eb paluajtshme n\u00eb vlera t\u00eb konsiderueshme.<\/p>\n<figure class=\"wp-caption alignnone\"><img loading=\"lazy\" decoding=\"async\" src=\"https:\/\/shqiptarja.com\/uploads\/ckeditor\/68da2f2f3a805Screenshot_1.jpg\" alt=\"\" width=\"669\" height=\"801\" data-pin-no-hover=\"true\" \/><\/figure>\n","protected":false},"excerpt":{"rendered":"<p>Erion Veliaj, i shkarkuar m\u00eb 25 shtator nga detyra e kryetarit t\u00eb Bashkis\u00eb s\u00eb Tiran\u00ebs, ka ankimuar vendimin n\u00eb Gjykat\u00ebn Kushtetuese. N\u00eb ankimin e tij theksohet se nj\u00eb kryebashkiak nuk mund t\u00eb shkarkohet pa nj\u00eb shkelje t\u00eb r\u00ebnd\u00eb t\u00eb provuar dhe se vendimi \u00ebsht\u00eb i paligjsh\u00ebm dhe antikushtetues. K\u00ebshilli Bashkiak i Tiran\u00ebs votoi pro shkarkimit &hellip;<\/p>\n","protected":false},"author":4,"featured_media":121745,"comment_status":"closed","ping_status":"closed","sticky":false,"template":"","format":"standard","meta":{"footnotes":""},"categories":[37],"tags":[],"class_list":["post-124403","post","type-post","status-publish","format-standard","has-post-thumbnail","","category-politike"],"_links":{"self":[{"href":"https:\/\/rdnews.al\/index.php\/wp-json\/wp\/v2\/posts\/124403","targetHints":{"allow":["GET"]}}],"collection":[{"href":"https:\/\/rdnews.al\/index.php\/wp-json\/wp\/v2\/posts"}],"about":[{"href":"https:\/\/rdnews.al\/index.php\/wp-json\/wp\/v2\/types\/post"}],"author":[{"embeddable":true,"href":"https:\/\/rdnews.al\/index.php\/wp-json\/wp\/v2\/users\/4"}],"replies":[{"embeddable":true,"href":"https:\/\/rdnews.al\/index.php\/wp-json\/wp\/v2\/comments?post=124403"}],"version-history":[{"count":2,"href":"https:\/\/rdnews.al\/index.php\/wp-json\/wp\/v2\/posts\/124403\/revisions"}],"predecessor-version":[{"id":124405,"href":"https:\/\/rdnews.al\/index.php\/wp-json\/wp\/v2\/posts\/124403\/revisions\/124405"}],"wp:featuredmedia":[{"embeddable":true,"href":"https:\/\/rdnews.al\/index.php\/wp-json\/wp\/v2\/media\/121745"}],"wp:attachment":[{"href":"https:\/\/rdnews.al\/index.php\/wp-json\/wp\/v2\/media?parent=124403"}],"wp:term":[{"taxonomy":"category","embeddable":true,"href":"https:\/\/rdnews.al\/index.php\/wp-json\/wp\/v2\/categories?post=124403"},{"taxonomy":"post_tag","embeddable":true,"href":"https:\/\/rdnews.al\/index.php\/wp-json\/wp\/v2\/tags?post=124403"}],"curies":[{"name":"wp","href":"https:\/\/api.w.org\/{rel}","templated":true}]}}