{"id":124408,"date":"2025-09-29T09:46:49","date_gmt":"2025-09-29T09:46:49","guid":{"rendered":"https:\/\/rdnews.al\/?p=124408"},"modified":"2025-09-29T09:46:57","modified_gmt":"2025-09-29T09:46:57","slug":"dosja-partizani-gjykata-nuk-lejon-mediat-malltezi-kerkova-transparence-jo-pamje-per-show","status":"publish","type":"post","link":"https:\/\/rdnews.al\/index.php\/2025\/09\/29\/dosja-partizani-gjykata-nuk-lejon-mediat-malltezi-kerkova-transparence-jo-pamje-per-show\/","title":{"rendered":"Dosja \u201cPartizani\u201d\/ Gjykata nuk lejon mediat, Malltezi: K\u00ebrkova transparenc\u00eb, jo pamje p\u00ebr show&#8230;"},"content":{"rendered":"<p>N\u00eb seanc\u00ebn gjyq\u00ebsore t\u00eb s\u00eb h\u00ebn\u00ebs p\u00ebr dosjen \u201cPartizani\u201d, ku i pandehur \u00ebsht\u00eb Jamarb\u00ebr Malltezi, mediat kishin shprehur interesin p\u00ebr t\u00eb ndjekur t\u00eb gjith\u00eb zhvillimin e seanc\u00ebs, k\u00ebrkes\u00eb p\u00ebr t\u00eb cil\u00ebn vet\u00eb Malltezi ishte shprehur dakord.<\/p>\n<p>Megjithat\u00eb, GJKKO vendosi t\u00eb rr\u00ebzoj\u00eb k\u00ebrkes\u00ebn p\u00ebr regjistrim, duke lejuar vet\u00ebm filmimin e momenteve t\u00eb nisjes s\u00eb seanc\u00ebs, si\u00e7 \u00ebsht\u00eb praktika e zakonshme n\u00eb shumic\u00ebn e proceseve gjyq\u00ebsore. Malltezi reagoi pas vendimit, duke e kund\u00ebrshtuar vendimin e gjykat\u00ebs dhe duke theksuar se q\u00ebllimi i k\u00ebrkes\u00ebs s\u00eb tij ishte transparenca e plot\u00eb, dhe jo krijimi i nj\u00eb efekti mediatik t\u00eb nj\u00ebansh\u00ebm.<\/p>\n<p>\u201cKam b\u00ebr\u00eb k\u00ebrkes\u00eb q\u00eb t\u00eb regjistrohet e gjith\u00eb seanca, p\u00ebr t\u00eb pasur nj\u00eb proces sa m\u00eb transparent dhe t\u00eb d\u00ebgjohen q\u00ebndrimet e t\u00eb gjitha pal\u00ebve. Gjykata e rr\u00ebzoi k\u00ebt\u00eb k\u00ebrkes\u00eb, duke lejuar vet\u00ebm regjistrimin e fillimit t\u00eb seanc\u00ebs. Un\u00eb nuk mund t\u00eb lejoj q\u00eb t\u00eb filmohen vet\u00ebm pamje sa p\u00ebr show. Po t\u00eb jepej mund\u00ebsia p\u00ebr t\u00eb par\u00eb t\u00eb gjith\u00eb seanc\u00ebn, do ta kuptonit q\u00eb gjykata dhe prokuroria jan\u00eb b\u00ebr\u00eb lepe-peqe\u201d, u shpreh Malltezi.<\/p>\n<p>Procesi ndaj Malltezit vijon n\u00eb kuad\u00ebr t\u00eb hetimeve p\u00ebr \u00e7\u00ebshtjen e pronave t\u00eb ish-klubit sportiv \u201cPartizani\u201d, nd\u00ebrkoh\u00eb q\u00eb mbrojtja k\u00ebmb\u00ebngul p\u00ebr transparenc\u00eb t\u00eb plot\u00eb dhe publikim t\u00eb gjer\u00eb t\u00eb \u00e7do zhvillimi gjyq\u00ebsor.<\/p>\n","protected":false},"excerpt":{"rendered":"<p>N\u00eb seanc\u00ebn gjyq\u00ebsore t\u00eb s\u00eb h\u00ebn\u00ebs p\u00ebr dosjen \u201cPartizani\u201d, ku i pandehur \u00ebsht\u00eb Jamarb\u00ebr Malltezi, mediat kishin shprehur interesin p\u00ebr t\u00eb ndjekur t\u00eb gjith\u00eb zhvillimin e seanc\u00ebs, k\u00ebrkes\u00eb p\u00ebr t\u00eb cil\u00ebn vet\u00eb Malltezi ishte shprehur dakord. Megjithat\u00eb, GJKKO vendosi t\u00eb rr\u00ebzoj\u00eb k\u00ebrkes\u00ebn p\u00ebr regjistrim, duke lejuar vet\u00ebm filmimin e momenteve t\u00eb nisjes s\u00eb seanc\u00ebs, si\u00e7 &hellip;<\/p>\n","protected":false},"author":4,"featured_media":124409,"comment_status":"closed","ping_status":"closed","sticky":false,"template":"","format":"standard","meta":{"footnotes":""},"categories":[37],"tags":[],"class_list":["post-124408","post","type-post","status-publish","format-standard","has-post-thumbnail","","category-politike"],"_links":{"self":[{"href":"https:\/\/rdnews.al\/index.php\/wp-json\/wp\/v2\/posts\/124408","targetHints":{"allow":["GET"]}}],"collection":[{"href":"https:\/\/rdnews.al\/index.php\/wp-json\/wp\/v2\/posts"}],"about":[{"href":"https:\/\/rdnews.al\/index.php\/wp-json\/wp\/v2\/types\/post"}],"author":[{"embeddable":true,"href":"https:\/\/rdnews.al\/index.php\/wp-json\/wp\/v2\/users\/4"}],"replies":[{"embeddable":true,"href":"https:\/\/rdnews.al\/index.php\/wp-json\/wp\/v2\/comments?post=124408"}],"version-history":[{"count":1,"href":"https:\/\/rdnews.al\/index.php\/wp-json\/wp\/v2\/posts\/124408\/revisions"}],"predecessor-version":[{"id":124410,"href":"https:\/\/rdnews.al\/index.php\/wp-json\/wp\/v2\/posts\/124408\/revisions\/124410"}],"wp:featuredmedia":[{"embeddable":true,"href":"https:\/\/rdnews.al\/index.php\/wp-json\/wp\/v2\/media\/124409"}],"wp:attachment":[{"href":"https:\/\/rdnews.al\/index.php\/wp-json\/wp\/v2\/media?parent=124408"}],"wp:term":[{"taxonomy":"category","embeddable":true,"href":"https:\/\/rdnews.al\/index.php\/wp-json\/wp\/v2\/categories?post=124408"},{"taxonomy":"post_tag","embeddable":true,"href":"https:\/\/rdnews.al\/index.php\/wp-json\/wp\/v2\/tags?post=124408"}],"curies":[{"name":"wp","href":"https:\/\/api.w.org\/{rel}","templated":true}]}}