{"id":124503,"date":"2025-09-30T10:44:38","date_gmt":"2025-09-30T10:44:38","guid":{"rendered":"https:\/\/rdnews.al\/?p=124503"},"modified":"2025-09-30T10:44:38","modified_gmt":"2025-09-30T10:44:38","slug":"bardhi-deputetet-e-ps-sot-refuzuan-edhe-rezoluten-per-denimin-e-gjenocidit-serb-ne-kosove","status":"publish","type":"post","link":"https:\/\/rdnews.al\/index.php\/2025\/09\/30\/bardhi-deputetet-e-ps-sot-refuzuan-edhe-rezoluten-per-denimin-e-gjenocidit-serb-ne-kosove\/","title":{"rendered":"Bardhi: Deputet\u00ebt e PS sot refuzuan edhe rezolut\u00ebn p\u00ebr d\u00ebnimin e gjenocidit serb n\u00eb Kosov\u00eb"},"content":{"rendered":"<p>Kreu i grupit parlamentar t\u00eb PD, Gazment Bardhi, ka akuzuar mazhoranc\u00ebn p\u00ebr mohimin e debatit parlamentar dhe p\u00ebrpjekjet p\u00ebr t\u00eb shtypur z\u00ebrin e opozit\u00ebs n\u00eb Kuvend. N\u00eb nj\u00eb deklarat\u00eb p\u00ebr mediat, Bardhi tha se, ashtu si n\u00eb seanc\u00ebn e 18 shtatorit, ku programi dhe p\u00ebrb\u00ebrja e qeveris\u00eb kaluan pa asnj\u00eb debat, edhe sot u konfirmua qart\u00eb se kush e do nj\u00eb Parlament pa z\u00eb dhe pa p\u00ebrballje.<\/p>\n<p>Sipas tij, refuzimi nga PS i mocionit me debat p\u00ebr t\u00eb diskutuar mbi prioritetet e vendit dhe p\u00ebr t\u00eb d\u00ebnuar gjenocidin serb n\u00eb Kosov\u00eb, \u00ebsht\u00eb nj\u00eb tregues i qart\u00eb i mend\u00ebsis\u00eb autokratike q\u00eb, si\u00e7 u shpreh ai, e kthen Shqip\u00ebrin\u00eb n\u00eb nj\u00eb republik\u00eb kryeministrore.<\/p>\n<p>\u201cMaxhoranca doli zbuluar, si n\u00eb rastin e 18 shtatorit, ku p\u00ebrb\u00ebrja edhe programi i qeveris\u00eb, kaloi pa debat. Sot u rr\u00ebzua dhe alibia se opozita prishi seanc\u00ebn. Sot duket se kush e do Kuvendin e Shqip\u00ebris\u00eb memec, dhe mos t\u00eb debatoj\u00eb. \u00cbsht\u00eb e paimagjinueshme p\u00ebr \u00e7do parlament funksional, q\u00eb qeveria i ik\u00ebn debatit p\u00ebr prioritetet e Shqip\u00ebris\u00eb.<\/p>\n<p>Mohimi i t\u00eb drejt\u00ebs p\u00ebr debat t\u00eb k\u00ebrkuar nga opozita tregon mend\u00ebsin\u00eb e Ram\u00ebs p\u00ebr ta b\u00ebr\u00eb Shqip\u00ebrin\u00eb n\u00eb republik\u00eb kryeministrore. Deputet\u00ebt e PS vet\u00ebm votojn\u00eb. K\u00ebrkesa p\u00ebr mocion me debat e opozit\u00ebs ishte e qart\u00eb. P\u00ebr ne Kuvendi \u00ebsht\u00eb vendi ku debatohet dhe flitet. Sot u refuzua nj\u00eb tjet\u00ebr mocion me debat p\u00ebr gjenocidin n\u00eb Kosov\u00eb, p\u00ebr t\u00eb d\u00ebnuar gjenocidin serb.<\/p>\n<p>N\u00eb 17 maj 2019 Kuvendi i Kosov\u00ebs ka miratuar nj\u00eb rezolut\u00eb p\u00ebr d\u00ebnimin e gjenocidit serb. N\u00eb vizit\u00ebn zyrtare t\u00eb 16 dhjetorit 2020 presidentja e Kosov\u00ebs, Vjosa Osmani do t\u00eb b\u00ebnte k\u00ebt\u00eb thirrje; Rruga e Kosov\u00ebs ka qen\u00eb plot\u00eb sfida. Q\u00eb mos t\u00eb p\u00ebrmbyset e v\u00ebrteta, kemi nevoj\u00eb p\u00ebr z\u00ebrin e Shqip\u00ebris\u00eb q\u00eb t\u00eb jet\u00eb z\u00ebri yn\u00eb atje ku nuk kemi z\u00eb. Kemi nevoj\u00eb p\u00ebr ndihm\u00eb nga Shqip\u00ebria. I b\u00ebjm\u00eb thirrje Kuvendit t\u00eb Shqip\u00ebris\u00eb q\u00eb t\u00eb miratoj\u00eb nj\u00eb rezolut\u00eb q\u00eb d\u00ebnon gjenocidin serb\u201d. Kan\u00eb kaluar disa vite dhe ende nuk ka nj\u00eb k\u00ebrkes\u00eb. K\u00ebrkesa jon\u00eb p\u00ebr rezolut\u00eb u refuzua\u201d, u shpreh Bardhi.<\/p>\n","protected":false},"excerpt":{"rendered":"<p>Kreu i grupit parlamentar t\u00eb PD, Gazment Bardhi, ka akuzuar mazhoranc\u00ebn p\u00ebr mohimin e debatit parlamentar dhe p\u00ebrpjekjet p\u00ebr t\u00eb shtypur z\u00ebrin e opozit\u00ebs n\u00eb Kuvend. N\u00eb nj\u00eb deklarat\u00eb p\u00ebr mediat, Bardhi tha se, ashtu si n\u00eb seanc\u00ebn e 18 shtatorit, ku programi dhe p\u00ebrb\u00ebrja e qeveris\u00eb kaluan pa asnj\u00eb debat, edhe sot u konfirmua &hellip;<\/p>\n","protected":false},"author":4,"featured_media":59720,"comment_status":"closed","ping_status":"closed","sticky":false,"template":"","format":"standard","meta":{"footnotes":""},"categories":[37],"tags":[],"class_list":["post-124503","post","type-post","status-publish","format-standard","has-post-thumbnail","","category-politike"],"_links":{"self":[{"href":"https:\/\/rdnews.al\/index.php\/wp-json\/wp\/v2\/posts\/124503","targetHints":{"allow":["GET"]}}],"collection":[{"href":"https:\/\/rdnews.al\/index.php\/wp-json\/wp\/v2\/posts"}],"about":[{"href":"https:\/\/rdnews.al\/index.php\/wp-json\/wp\/v2\/types\/post"}],"author":[{"embeddable":true,"href":"https:\/\/rdnews.al\/index.php\/wp-json\/wp\/v2\/users\/4"}],"replies":[{"embeddable":true,"href":"https:\/\/rdnews.al\/index.php\/wp-json\/wp\/v2\/comments?post=124503"}],"version-history":[{"count":1,"href":"https:\/\/rdnews.al\/index.php\/wp-json\/wp\/v2\/posts\/124503\/revisions"}],"predecessor-version":[{"id":124504,"href":"https:\/\/rdnews.al\/index.php\/wp-json\/wp\/v2\/posts\/124503\/revisions\/124504"}],"wp:featuredmedia":[{"embeddable":true,"href":"https:\/\/rdnews.al\/index.php\/wp-json\/wp\/v2\/media\/59720"}],"wp:attachment":[{"href":"https:\/\/rdnews.al\/index.php\/wp-json\/wp\/v2\/media?parent=124503"}],"wp:term":[{"taxonomy":"category","embeddable":true,"href":"https:\/\/rdnews.al\/index.php\/wp-json\/wp\/v2\/categories?post=124503"},{"taxonomy":"post_tag","embeddable":true,"href":"https:\/\/rdnews.al\/index.php\/wp-json\/wp\/v2\/tags?post=124503"}],"curies":[{"name":"wp","href":"https:\/\/api.w.org\/{rel}","templated":true}]}}