{"id":124511,"date":"2025-09-30T13:10:30","date_gmt":"2025-09-30T13:10:30","guid":{"rendered":"https:\/\/rdnews.al\/?p=124511"},"modified":"2025-09-30T13:27:17","modified_gmt":"2025-09-30T13:27:17","slug":"vendimi-i-kushtetueses-nuk-do-te-kete-votime-te-reja-ne-tirane","status":"publish","type":"post","link":"https:\/\/rdnews.al\/index.php\/2025\/09\/30\/vendimi-i-kushtetueses-nuk-do-te-kete-votime-te-reja-ne-tirane\/","title":{"rendered":"Vendimi i Kushtetueses\/ Nuk do t\u00eb ket\u00eb votime t\u00eb reja n\u00eb Tiran\u00eb"},"content":{"rendered":"<p>N\u00eb p\u00ebrputhje me nenin 115 t\u00eb Kushtetut\u00ebs, n\u00eb rast ankimi, vendimmarrja e shkarkimit t\u00eb Veliajt pezullohet automatikisht.<\/p>\n<p>K\u00ebshilli i Ministrave ka njoftuar Presidenc\u00ebn sot p\u00ebr vakanc\u00ebn n\u00eb Bashkin\u00eb e Tiran\u00ebs, pas shkarkimit t\u00eb Erion Veliajt.<\/p>\n<p>P\u00ebrmes nj\u00eb letre q\u00eb mban dat\u00ebn e sotme, Sekretari i P\u00ebrgjithsh\u00ebm i Kryeministris\u00eb, Engj\u00ebll Aga\u00e7i njofton Presidenc\u00ebn, lidhur me bashkit\u00eb ku aktualisht mungon drejtuesi i institucionit.<\/p>\n<p><strong>Pyetje Gjykates Kushtetuese:<\/strong><\/p>\n<p>Duke qen\u00eb se Erion Veliaj ka depozituar nj\u00eb k\u00ebrkes\u00eb kund\u00ebr shkarkimit t\u00eb tij m\u00eb GJK.Bazuar n\u00eb nenin 115 t\u00eb Kushtetut\u00ebs, a do ta njoftoj\u00eb GJK sot K\u00ebshillin e Ministrave dhe Presidentin e Republik\u00ebs mbi pezullimin ex-lege t\u00eb vendimit t\u00eb shkarkimit t\u00eb tij?<\/p>\n<p><strong>Pergjigje Gjykata Kushtetuese:<\/strong><\/p>\n<p>Gjykata ka bere publikimin e regjistrimit te kerkeses. Shpallja eshte e barazvlefshme me njoftimin publik.<\/p>\n<p>&nbsp;<\/p>\n<p><em>\u201c<\/em><\/p>\n","protected":false},"excerpt":{"rendered":"<p>N\u00eb p\u00ebrputhje me nenin 115 t\u00eb Kushtetut\u00ebs, n\u00eb rast ankimi, vendimmarrja e shkarkimit t\u00eb Veliajt pezullohet automatikisht. K\u00ebshilli i Ministrave ka njoftuar Presidenc\u00ebn sot p\u00ebr vakanc\u00ebn n\u00eb Bashkin\u00eb e Tiran\u00ebs, pas shkarkimit t\u00eb Erion Veliajt. P\u00ebrmes nj\u00eb letre q\u00eb mban dat\u00ebn e sotme, Sekretari i P\u00ebrgjithsh\u00ebm i Kryeministris\u00eb, Engj\u00ebll Aga\u00e7i njofton Presidenc\u00ebn, lidhur me bashkit\u00eb &hellip;<\/p>\n","protected":false},"author":3,"featured_media":124512,"comment_status":"closed","ping_status":"closed","sticky":false,"template":"","format":"standard","meta":{"footnotes":""},"categories":[37],"tags":[],"class_list":["post-124511","post","type-post","status-publish","format-standard","has-post-thumbnail","","category-politike"],"_links":{"self":[{"href":"https:\/\/rdnews.al\/index.php\/wp-json\/wp\/v2\/posts\/124511","targetHints":{"allow":["GET"]}}],"collection":[{"href":"https:\/\/rdnews.al\/index.php\/wp-json\/wp\/v2\/posts"}],"about":[{"href":"https:\/\/rdnews.al\/index.php\/wp-json\/wp\/v2\/types\/post"}],"author":[{"embeddable":true,"href":"https:\/\/rdnews.al\/index.php\/wp-json\/wp\/v2\/users\/3"}],"replies":[{"embeddable":true,"href":"https:\/\/rdnews.al\/index.php\/wp-json\/wp\/v2\/comments?post=124511"}],"version-history":[{"count":3,"href":"https:\/\/rdnews.al\/index.php\/wp-json\/wp\/v2\/posts\/124511\/revisions"}],"predecessor-version":[{"id":124518,"href":"https:\/\/rdnews.al\/index.php\/wp-json\/wp\/v2\/posts\/124511\/revisions\/124518"}],"wp:featuredmedia":[{"embeddable":true,"href":"https:\/\/rdnews.al\/index.php\/wp-json\/wp\/v2\/media\/124512"}],"wp:attachment":[{"href":"https:\/\/rdnews.al\/index.php\/wp-json\/wp\/v2\/media?parent=124511"}],"wp:term":[{"taxonomy":"category","embeddable":true,"href":"https:\/\/rdnews.al\/index.php\/wp-json\/wp\/v2\/categories?post=124511"},{"taxonomy":"post_tag","embeddable":true,"href":"https:\/\/rdnews.al\/index.php\/wp-json\/wp\/v2\/tags?post=124511"}],"curies":[{"name":"wp","href":"https:\/\/api.w.org\/{rel}","templated":true}]}}