{"id":124593,"date":"2025-10-01T16:38:14","date_gmt":"2025-10-01T16:38:14","guid":{"rendered":"https:\/\/rdnews.al\/?p=124593"},"modified":"2025-10-01T16:38:14","modified_gmt":"2025-10-01T16:38:14","slug":"lubonja-kemi-te-bejme-me-nje-noter-te-kryeministrit-jo-me-nje-president-te-pavarur","status":"publish","type":"post","link":"https:\/\/rdnews.al\/index.php\/2025\/10\/01\/lubonja-kemi-te-bejme-me-nje-noter-te-kryeministrit-jo-me-nje-president-te-pavarur\/","title":{"rendered":"Lubonja: Kemi t\u00eb b\u00ebjm\u00eb me nj\u00eb noter t\u00eb kryeministrit, jo me nj\u00eb president t\u00eb pavarur!"},"content":{"rendered":"<p>Analisti Fatos Lubonja, ka diskutuar mbi aktualitetin politik n\u00eb Shqip\u00ebri, duke u ndalur te zgjedhjet e pjesshme t\u00eb 9 n\u00ebntorit, si dhe duke komentuar situat\u00ebn juridike t\u00eb Erion Veliajt dhe mund\u00ebsin\u00eb e nj\u00eb kandidati t\u00eb p\u00ebrbashk\u00ebt t\u00eb opozit\u00ebs.<\/p>\n<p>N\u00eb News 24, Lubonja theksoi se Gjykata Kushtetuese do t\u00eb jet\u00eb ajo q\u00eb do t\u00eb vendos\u00eb n\u00ebse Erion Veliaj mbetet ose jo kryetar i bashkis\u00eb s\u00eb Tiran\u00ebs, pasi ai ka apeluar vendimin e K\u00ebshillit t\u00eb Ministrave p\u00ebr shkarkimin e tij.<\/p>\n<p>Ai theksoi se n\u00ebse vendimi i Gjykat\u00ebs Kushtetuese nuk del para dat\u00ebs 9 n\u00ebntor, do t\u00eb kemi nj\u00eb situat\u00eb t\u00eb pazakont\u00eb me dy kryetar\u00eb bashkie, nj\u00eb t\u00eb ri t\u00eb zgjedhur dhe Veliajn q\u00eb nuk \u00ebsht\u00eb shkarkuar ende p\u00ebrfundimisht.<\/p>\n<p>\u201cN\u00ebse vendimi i Gjykat\u00ebs Kushtetuese nuk del para zgjedhjeve t\u00eb 9 n\u00ebntorit, at\u00ebher\u00eb mund t\u00eb kemi dy kryetar\u00eb bashkie, at\u00eb q\u00eb do t\u00eb zgjidhet n\u00eb zgjedhjet e pjesshme dhe Veliajn, i cili ende nuk \u00ebsht\u00eb shkarkuar p\u00ebrfundimisht,\u201d shpjegoi Lubonja.<\/p>\n<p>Lubonja shtoi se, pavar\u00ebsisht problemeve t\u00eb mundshme q\u00eb mund t\u00eb ket\u00eb Veliaj, ai ka t\u00eb drejt\u00eb t\u00eb shkoj\u00eb deri n\u00eb Gjykat\u00ebn Kushtetuese p\u00ebr t\u00eb kund\u00ebrshtuar shkarkimin e tij.<\/p>\n<p><span style=\"font-weight: inherit;\">Sipas analistit, Presidenti i Republik\u00ebs ka \u201cmarr\u00eb atributet e GJK-s\u00eb\u201d dhe ka firmosur vendime q\u00eb, sipas tij, jan\u00eb shkelje t\u00eb ligjit, duke e krahasuar Presidentin me nj\u00eb \u201cnoter t\u00eb kryeministris\u00eb\u201d.<\/span><\/p>\n<p>\u201cKy president nuk ka th\u00ebn\u00eb asnj\u00ebher\u00eb jo p\u00ebr vendimet e qeveris\u00eb. Kemi t\u00eb b\u00ebjm\u00eb me nj\u00eb noter t\u00eb kryeministris\u00eb, jo me nj\u00eb president t\u00eb pavarur\u201d, u shpreh Lubonja.<\/p>\n","protected":false},"excerpt":{"rendered":"<p>Analisti Fatos Lubonja, ka diskutuar mbi aktualitetin politik n\u00eb Shqip\u00ebri, duke u ndalur te zgjedhjet e pjesshme t\u00eb 9 n\u00ebntorit, si dhe duke komentuar situat\u00ebn juridike t\u00eb Erion Veliajt dhe mund\u00ebsin\u00eb e nj\u00eb kandidati t\u00eb p\u00ebrbashk\u00ebt t\u00eb opozit\u00ebs. N\u00eb News 24, Lubonja theksoi se Gjykata Kushtetuese do t\u00eb jet\u00eb ajo q\u00eb do t\u00eb vendos\u00eb n\u00ebse &hellip;<\/p>\n","protected":false},"author":4,"featured_media":58427,"comment_status":"closed","ping_status":"closed","sticky":false,"template":"","format":"standard","meta":{"footnotes":""},"categories":[37],"tags":[],"class_list":["post-124593","post","type-post","status-publish","format-standard","has-post-thumbnail","","category-politike"],"_links":{"self":[{"href":"https:\/\/rdnews.al\/index.php\/wp-json\/wp\/v2\/posts\/124593","targetHints":{"allow":["GET"]}}],"collection":[{"href":"https:\/\/rdnews.al\/index.php\/wp-json\/wp\/v2\/posts"}],"about":[{"href":"https:\/\/rdnews.al\/index.php\/wp-json\/wp\/v2\/types\/post"}],"author":[{"embeddable":true,"href":"https:\/\/rdnews.al\/index.php\/wp-json\/wp\/v2\/users\/4"}],"replies":[{"embeddable":true,"href":"https:\/\/rdnews.al\/index.php\/wp-json\/wp\/v2\/comments?post=124593"}],"version-history":[{"count":1,"href":"https:\/\/rdnews.al\/index.php\/wp-json\/wp\/v2\/posts\/124593\/revisions"}],"predecessor-version":[{"id":124594,"href":"https:\/\/rdnews.al\/index.php\/wp-json\/wp\/v2\/posts\/124593\/revisions\/124594"}],"wp:featuredmedia":[{"embeddable":true,"href":"https:\/\/rdnews.al\/index.php\/wp-json\/wp\/v2\/media\/58427"}],"wp:attachment":[{"href":"https:\/\/rdnews.al\/index.php\/wp-json\/wp\/v2\/media?parent=124593"}],"wp:term":[{"taxonomy":"category","embeddable":true,"href":"https:\/\/rdnews.al\/index.php\/wp-json\/wp\/v2\/categories?post=124593"},{"taxonomy":"post_tag","embeddable":true,"href":"https:\/\/rdnews.al\/index.php\/wp-json\/wp\/v2\/tags?post=124593"}],"curies":[{"name":"wp","href":"https:\/\/api.w.org\/{rel}","templated":true}]}}