{"id":124595,"date":"2025-10-01T16:45:00","date_gmt":"2025-10-01T16:45:00","guid":{"rendered":"https:\/\/rdnews.al\/?p=124595"},"modified":"2025-10-01T16:45:00","modified_gmt":"2025-10-01T16:45:00","slug":"manjani-presidenti-eshte-shtet-jo-pushteti-nese-do-ta-kishte-bere-meta-do-ishte-shkarkuar","status":"publish","type":"post","link":"https:\/\/rdnews.al\/index.php\/2025\/10\/01\/manjani-presidenti-eshte-shtet-jo-pushteti-nese-do-ta-kishte-bere-meta-do-ishte-shkarkuar\/","title":{"rendered":"Manjani: Presidenti \u00ebsht\u00eb shtet, jo pushteti! N\u00ebse do ta kishte b\u00ebr\u00eb Meta, do ishte shkarkuar"},"content":{"rendered":"<p>Ish-ministri i Drejt\u00ebsis\u00eb,\u00a0Ylli Manjani\u00a0ka reaguar n\u00eb lidhje me\u00a0dekretin e presidentit Bajram Begaj, i cili shpalli dat\u00ebn p\u00ebr zgjedhjet e pjesshme lokale n\u00eb 6 Bashki.<\/p>\n<p>N\u00eb dekretin e Begajt jan\u00eb p\u00ebrfshir\u00eb edhe zgjedhjet n\u00eb Tiran\u00eb, edhe pse Erion Veliaj ka kund\u00ebrshtuar n\u00eb Gjykat\u00ebn Kushtetuese vendimin p\u00ebr shkarkimin e tij nga detyra e kryebashkiakut t\u00eb Tiran\u00ebs, i marr\u00eb nga K\u00ebshilli i Ministrave me 25 shtator.<\/p>\n<p>Ylli Manjani shkruan se n\u00ebse dekretin e sot\u00ebm t\u00eb Begajt do ta kishte nxjerr\u00eb\u00a0Ilir Meta, ai do t\u00eb ishte shkarkuar p\u00ebrmes nj\u00eb komisioni hetimor.<\/p>\n<p><strong>Reagimi i plot\u00eb i Manjanit<\/strong><\/p>\n<p>Nejse, ndoshta nuk vlen m\u00eb asnj\u00eb sekond i harxhuar p\u00ebr t\u00eb sqaruar Kushtetut\u00ebn e vendit. N\u00eb fakt e kemi st\u00ebr-sqaruar nenin 115 t\u00eb saj n\u00eb \u00e7do okazion publik. Vet\u00eb\u00a0Gjykata Kushtetuese\u00a0n\u00eb q\u00ebndrim publik dje ka th\u00ebn\u00eb se \u201c\u2026vendimi i qeveris\u00eb \u00ebsht\u00eb automatikisht i pezulluar\u201d.<\/p>\n<p>Por n\u00ebse dekretin e sot\u00ebm do ta kishte nxjerr\u00eb Ilir Meta, do ishte ngritur direkt komision hetimor dhe, do ishin \u00e7elur pro\u00e7edurat p\u00ebr shkarkim. Besoj e kujtoni hetuesin\u00eb e Ulsiut n\u00eb krye t\u00eb komisionit kund\u00ebr Met\u00ebs.<\/p>\n<p>Nj\u00eb gj\u00eb dua ta them qart\u00eb:<\/p>\n<p>E kuptoj plot\u00ebsisht nevoj\u00ebn politike t\u00eb nj\u00eb Kryeministri apo t\u00eb nj\u00eb partie q\u00eb qeveris p\u00ebr t\u00eb b\u00ebr\u00eb zgjedhje blic.\u00a0 \u00cbsht\u00eb padyshim n\u00eb t\u00eb drejt\u00ebn e tyre politike t\u00eb k\u00ebrkojn\u00eb e gjejn\u00eb zgjidhje. Ashtu si\u00e7 edhe PD e Bash\u00ebs ishte n\u00eb t\u00eb drejt\u00ebn e vet t\u00eb k\u00ebrkonte shtyrje zgjedhjeve vendore t\u00eb 2019-s.\u00a0 Un\u00eb vet\u00eb jam n\u00eb favor t\u00eb zgjedhjeve.<\/p>\n<p>Por nuk kuptoj fare, po fare fare as Met\u00ebn dje, kur l\u00ebshoi dekret p\u00ebr anulimin e zgjedhjeve e as Begajn sot q\u00eb dekreton zgjedhje pa vend vakant.<\/p>\n<p>Q\u00eb t\u00eb dy kan\u00eb dhunuar kushtetut\u00ebn e shkruar!<\/p>\n<p>Presidenti i Republik\u00ebs \u00ebsht\u00eb shtet, jo pushteti.<\/p>\n","protected":false},"excerpt":{"rendered":"<p>Ish-ministri i Drejt\u00ebsis\u00eb,\u00a0Ylli Manjani\u00a0ka reaguar n\u00eb lidhje me\u00a0dekretin e presidentit Bajram Begaj, i cili shpalli dat\u00ebn p\u00ebr zgjedhjet e pjesshme lokale n\u00eb 6 Bashki. N\u00eb dekretin e Begajt jan\u00eb p\u00ebrfshir\u00eb edhe zgjedhjet n\u00eb Tiran\u00eb, edhe pse Erion Veliaj ka kund\u00ebrshtuar n\u00eb Gjykat\u00ebn Kushtetuese vendimin p\u00ebr shkarkimin e tij nga detyra e kryebashkiakut t\u00eb Tiran\u00ebs, i &hellip;<\/p>\n","protected":false},"author":4,"featured_media":63148,"comment_status":"closed","ping_status":"closed","sticky":false,"template":"","format":"standard","meta":{"footnotes":""},"categories":[37],"tags":[],"class_list":["post-124595","post","type-post","status-publish","format-standard","has-post-thumbnail","","category-politike"],"_links":{"self":[{"href":"https:\/\/rdnews.al\/index.php\/wp-json\/wp\/v2\/posts\/124595","targetHints":{"allow":["GET"]}}],"collection":[{"href":"https:\/\/rdnews.al\/index.php\/wp-json\/wp\/v2\/posts"}],"about":[{"href":"https:\/\/rdnews.al\/index.php\/wp-json\/wp\/v2\/types\/post"}],"author":[{"embeddable":true,"href":"https:\/\/rdnews.al\/index.php\/wp-json\/wp\/v2\/users\/4"}],"replies":[{"embeddable":true,"href":"https:\/\/rdnews.al\/index.php\/wp-json\/wp\/v2\/comments?post=124595"}],"version-history":[{"count":1,"href":"https:\/\/rdnews.al\/index.php\/wp-json\/wp\/v2\/posts\/124595\/revisions"}],"predecessor-version":[{"id":124596,"href":"https:\/\/rdnews.al\/index.php\/wp-json\/wp\/v2\/posts\/124595\/revisions\/124596"}],"wp:featuredmedia":[{"embeddable":true,"href":"https:\/\/rdnews.al\/index.php\/wp-json\/wp\/v2\/media\/63148"}],"wp:attachment":[{"href":"https:\/\/rdnews.al\/index.php\/wp-json\/wp\/v2\/media?parent=124595"}],"wp:term":[{"taxonomy":"category","embeddable":true,"href":"https:\/\/rdnews.al\/index.php\/wp-json\/wp\/v2\/categories?post=124595"},{"taxonomy":"post_tag","embeddable":true,"href":"https:\/\/rdnews.al\/index.php\/wp-json\/wp\/v2\/tags?post=124595"}],"curies":[{"name":"wp","href":"https:\/\/api.w.org\/{rel}","templated":true}]}}