{"id":124597,"date":"2025-10-01T17:47:30","date_gmt":"2025-10-01T17:47:30","guid":{"rendered":"https:\/\/rdnews.al\/?p=124597"},"modified":"2025-10-01T17:50:24","modified_gmt":"2025-10-01T17:50:24","slug":"gjekmarkaj-vendimi-i-begajt-nje-faqe-e-zeze-ne-kroniken-e-kapjes-se-shtetit","status":"publish","type":"post","link":"https:\/\/rdnews.al\/index.php\/2025\/10\/01\/gjekmarkaj-vendimi-i-begajt-nje-faqe-e-zeze-ne-kroniken-e-kapjes-se-shtetit\/","title":{"rendered":"Presidenti n\u00eb rolin e noterit politik &#8211; Dekreti p\u00ebr Tiran\u00ebn, nj\u00eb faqe e zez\u00eb n\u00eb kronik\u00ebn e kapjes s\u00eb shtetit"},"content":{"rendered":"<p><strong>Nga Agron GJEKMARKAJ<\/strong><\/p>\n<p>Tirana ka par\u00eb shum\u00eb dekada t\u00eb trishta, por dekretimi i sot\u00ebm p\u00ebr zgjedhje t\u00eb pjesshme pa nj\u00eb baz\u00eb kushtetuese t\u00eb qart\u00eb \u00ebsht\u00eb nj\u00eb akt q\u00eb nuk i sh\u00ebrben demokracis\u00eb, por interesave t\u00eb nj\u00eb njeriu t\u00eb vet\u00ebm \u2013 Kryeministrit !<\/p>\n<p>Presidenti Bajram Begaj sot ka zgjedhur t\u00eb mos jet\u00eb simbol uniteti komb\u00ebtar, por noter i mazhoranc\u00ebs. N\u00eb vend q\u00eb t\u00eb garantoj\u00eb funksionimin normal t\u00eb institucioneve, ai ka p\u00ebrqafuar rolin e interpretuesit selektiv t\u00eb d\u00ebshirave t\u00eb Kryeministrit, duke e futur procesin zgjedhor n\u00eb Tiran\u00eb n\u00eb nj\u00eb labirint kushtetues pa dalje.<\/p>\n<p>Akti i tij \u00ebsht\u00eb nj\u00eb p\u00ebrkulje, jo ndaj ligjit, por ndaj frik\u00ebs politike q\u00eb ka kapluar qeverin\u00eb. Dekreti i sot\u00ebm nuk \u00ebsht\u00eb produkt reflektimi institucional, por pasoj\u00eb e nj\u00eb urdhri partiak t\u00eb marr\u00eb n\u00eb nj\u00eb zyr\u00eb ku mungon fryma republikane.<\/p>\n<p>E p\u00ebrs\u00ebris: nuk mund t\u00eb ket\u00eb zgjedhje t\u00eb lira e t\u00eb ndershme kur p\u00ebr dekretet vendoset me telefon, jo me kushtetut\u00eb. Tirana meriton m\u00eb shum\u00eb se sa nj\u00eb fars\u00eb t\u00eb orkestruar nga pushteti q\u00eb k\u00ebrkon t\u00eb mbijetoj\u00eb mbi rr\u00ebnojat e shtetit ligjor.<\/p>\n<p>Bajram Begaj na e futi te gjith\u00ebve per tejkalim t\u00eb fantazise!<\/p>\n<p>Historia do ta mbaj\u00eb mend k\u00ebt\u00eb dit\u00eb jo p\u00ebr drejt\u00ebsin\u00eb e saj, por p\u00ebr shkeljen brutale t\u00eb \u00e7do norme kushtetuese.<\/p>\n","protected":false},"excerpt":{"rendered":"<p>Nga Agron GJEKMARKAJ Tirana ka par\u00eb shum\u00eb dekada t\u00eb trishta, por dekretimi i sot\u00ebm p\u00ebr zgjedhje t\u00eb pjesshme pa nj\u00eb baz\u00eb kushtetuese t\u00eb qart\u00eb \u00ebsht\u00eb nj\u00eb akt q\u00eb nuk i sh\u00ebrben demokracis\u00eb, por interesave t\u00eb nj\u00eb njeriu t\u00eb vet\u00ebm \u2013 Kryeministrit ! Presidenti Bajram Begaj sot ka zgjedhur t\u00eb mos jet\u00eb simbol uniteti komb\u00ebtar, por &hellip;<\/p>\n","protected":false},"author":4,"featured_media":95779,"comment_status":"closed","ping_status":"closed","sticky":false,"template":"","format":"standard","meta":{"footnotes":""},"categories":[37],"tags":[],"class_list":["post-124597","post","type-post","status-publish","format-standard","has-post-thumbnail","","category-politike"],"_links":{"self":[{"href":"https:\/\/rdnews.al\/index.php\/wp-json\/wp\/v2\/posts\/124597","targetHints":{"allow":["GET"]}}],"collection":[{"href":"https:\/\/rdnews.al\/index.php\/wp-json\/wp\/v2\/posts"}],"about":[{"href":"https:\/\/rdnews.al\/index.php\/wp-json\/wp\/v2\/types\/post"}],"author":[{"embeddable":true,"href":"https:\/\/rdnews.al\/index.php\/wp-json\/wp\/v2\/users\/4"}],"replies":[{"embeddable":true,"href":"https:\/\/rdnews.al\/index.php\/wp-json\/wp\/v2\/comments?post=124597"}],"version-history":[{"count":2,"href":"https:\/\/rdnews.al\/index.php\/wp-json\/wp\/v2\/posts\/124597\/revisions"}],"predecessor-version":[{"id":124599,"href":"https:\/\/rdnews.al\/index.php\/wp-json\/wp\/v2\/posts\/124597\/revisions\/124599"}],"wp:featuredmedia":[{"embeddable":true,"href":"https:\/\/rdnews.al\/index.php\/wp-json\/wp\/v2\/media\/95779"}],"wp:attachment":[{"href":"https:\/\/rdnews.al\/index.php\/wp-json\/wp\/v2\/media?parent=124597"}],"wp:term":[{"taxonomy":"category","embeddable":true,"href":"https:\/\/rdnews.al\/index.php\/wp-json\/wp\/v2\/categories?post=124597"},{"taxonomy":"post_tag","embeddable":true,"href":"https:\/\/rdnews.al\/index.php\/wp-json\/wp\/v2\/tags?post=124597"}],"curies":[{"name":"wp","href":"https:\/\/api.w.org\/{rel}","templated":true}]}}