{"id":124600,"date":"2025-10-01T17:55:45","date_gmt":"2025-10-01T17:55:45","guid":{"rendered":"https:\/\/rdnews.al\/?p=124600"},"modified":"2025-10-01T17:55:45","modified_gmt":"2025-10-01T17:55:45","slug":"rregulla-te-reja-per-hyrje-daljet-ne-zonen-shengen-pas-12-tetorit","status":"publish","type":"post","link":"https:\/\/rdnews.al\/index.php\/2025\/10\/01\/rregulla-te-reja-per-hyrje-daljet-ne-zonen-shengen-pas-12-tetorit\/","title":{"rendered":"Rregulla t\u00eb reja p\u00ebr hyrje-daljet n\u00eb zon\u00ebn Shengen pas 12 tetorit"},"content":{"rendered":"<p class=\"TableParagraph\">Zyra e Bashkimit Europian n\u00eb Shqip\u00ebri ka dh\u00ebn\u00eb nj\u00eb njoftim t\u00eb r\u00ebnd\u00ebsish\u00ebm sot, 1 tetor, p\u00ebr t\u00eb gjith\u00eb qytetar\u00ebt, p\u00ebrfshir\u00eb shqiptar\u00ebt, q\u00eb udh\u00ebtojn\u00eb p\u00ebr q\u00ebndrime afatshkurtra n\u00eb 29 vendet e Zon\u00ebs Shengen.<\/p>\n<p class=\"TableParagraph\">Nga data 12 tetor 2025, do t\u00eb nis\u00eb gradualisht funksionimi i Sistemit t\u00eb ri t\u00eb hyrje\/daljes, nj\u00eb mekaniz\u00ebm modern i menaxhimit t\u00eb kufijve q\u00eb do t\u00eb regjistroj\u00eb automatikisht:<\/p>\n<p class=\"TableParagraph\">-t\u00eb dh\u00ebnat nga dokumenti i udh\u00ebtimit<br \/>\n-datat e mb\u00ebrritjes dhe t\u00eb largimit<br \/>\n-t\u00eb dh\u00ebnat biometrike (shenjat e gishtave dhe imazhi i fytyr\u00ebs)<\/p>\n<p class=\"TableParagraph\">Ky sistem i ri synon t\u00eb forcoj\u00eb sigurin\u00eb dhe kontrollin e kufijve t\u00eb BE-s\u00eb.<\/p>\n<p class=\"TableParagraph\">Nuk \u00ebsht\u00eb e nevojshme t\u00eb b\u00ebhet ndonj\u00eb veprim paraprak para udh\u00ebtimit.<\/p>\n<p class=\"TableParagraph\">Nuk ka asnj\u00eb tarif\u00eb shtes\u00eb.<\/p>\n<p class=\"TableParagraph\">Ky ndryshim prek t\u00eb gjith\u00eb udh\u00ebtar\u00ebt nga vendet jo-an\u00ebtare t\u00eb BE-s\u00eb, t\u00eb cil\u00ebt hyjn\u00eb n\u00eb shtetet e Zon\u00ebs Shengen p\u00ebr vizita afatshkurtra.<\/p>\n<p class=\"TableParagraph\">Sistemi\u00a0\u201cEntry\/Exit System\u201d\u00a0(EES) do t\u00eb z\u00ebvend\u00ebsoj\u00eb tanim\u00eb vulosjen tradicionale t\u00eb pasaportave me regjistrim digjital t\u00eb t\u00eb dh\u00ebnave biometrike.<\/p>\n<p class=\"TableParagraph\">Zbatimi i tij parashikohet t\u00eb ndikoj\u00eb n\u00eb m\u00ebnyr\u00eb t\u00eb drejtp\u00ebrdrejt\u00eb te t\u00eb gjith\u00eb turist\u00ebt, udh\u00ebtar\u00ebt p\u00ebr q\u00ebllime biznesi q\u00eb nuk jan\u00eb qytetar\u00eb t\u00eb Bashkimit Europian, p\u00ebrfshir\u00eb k\u00ebtu edhe shtetasit shqiptar\u00eb.<\/p>\n","protected":false},"excerpt":{"rendered":"<p>Zyra e Bashkimit Europian n\u00eb Shqip\u00ebri ka dh\u00ebn\u00eb nj\u00eb njoftim t\u00eb r\u00ebnd\u00ebsish\u00ebm sot, 1 tetor, p\u00ebr t\u00eb gjith\u00eb qytetar\u00ebt, p\u00ebrfshir\u00eb shqiptar\u00ebt, q\u00eb udh\u00ebtojn\u00eb p\u00ebr q\u00ebndrime afatshkurtra n\u00eb 29 vendet e Zon\u00ebs Shengen. Nga data 12 tetor 2025, do t\u00eb nis\u00eb gradualisht funksionimi i Sistemit t\u00eb ri t\u00eb hyrje\/daljes, nj\u00eb mekaniz\u00ebm modern i menaxhimit t\u00eb kufijve &hellip;<\/p>\n","protected":false},"author":4,"featured_media":124601,"comment_status":"closed","ping_status":"closed","sticky":false,"template":"","format":"standard","meta":{"footnotes":""},"categories":[37],"tags":[],"class_list":["post-124600","post","type-post","status-publish","format-standard","has-post-thumbnail","","category-politike"],"_links":{"self":[{"href":"https:\/\/rdnews.al\/index.php\/wp-json\/wp\/v2\/posts\/124600","targetHints":{"allow":["GET"]}}],"collection":[{"href":"https:\/\/rdnews.al\/index.php\/wp-json\/wp\/v2\/posts"}],"about":[{"href":"https:\/\/rdnews.al\/index.php\/wp-json\/wp\/v2\/types\/post"}],"author":[{"embeddable":true,"href":"https:\/\/rdnews.al\/index.php\/wp-json\/wp\/v2\/users\/4"}],"replies":[{"embeddable":true,"href":"https:\/\/rdnews.al\/index.php\/wp-json\/wp\/v2\/comments?post=124600"}],"version-history":[{"count":1,"href":"https:\/\/rdnews.al\/index.php\/wp-json\/wp\/v2\/posts\/124600\/revisions"}],"predecessor-version":[{"id":124602,"href":"https:\/\/rdnews.al\/index.php\/wp-json\/wp\/v2\/posts\/124600\/revisions\/124602"}],"wp:featuredmedia":[{"embeddable":true,"href":"https:\/\/rdnews.al\/index.php\/wp-json\/wp\/v2\/media\/124601"}],"wp:attachment":[{"href":"https:\/\/rdnews.al\/index.php\/wp-json\/wp\/v2\/media?parent=124600"}],"wp:term":[{"taxonomy":"category","embeddable":true,"href":"https:\/\/rdnews.al\/index.php\/wp-json\/wp\/v2\/categories?post=124600"},{"taxonomy":"post_tag","embeddable":true,"href":"https:\/\/rdnews.al\/index.php\/wp-json\/wp\/v2\/tags?post=124600"}],"curies":[{"name":"wp","href":"https:\/\/api.w.org\/{rel}","templated":true}]}}