{"id":124613,"date":"2025-10-01T21:00:14","date_gmt":"2025-10-01T21:00:14","guid":{"rendered":"https:\/\/rdnews.al\/?p=124613"},"modified":"2025-10-01T21:40:56","modified_gmt":"2025-10-01T21:40:56","slug":"do-tu-var-tek-pylli-orbital-kercenimi-i-rames-per-keshilltaret-e-ps","status":"publish","type":"post","link":"https:\/\/rdnews.al\/index.php\/2025\/10\/01\/do-tu-var-tek-pylli-orbital-kercenimi-i-rames-per-keshilltaret-e-ps\/","title":{"rendered":"&#8220;Do t&#8217;u var tek pylli orbital&#8221;\/ K\u00ebrc\u00ebnimi i Ram\u00ebs p\u00ebr k\u00ebshilltar\u00ebt e PS"},"content":{"rendered":"<p>K\u00ebshilltari i PD n\u00eb K\u00ebshillin Bashkiak t\u00eb Tiran\u00ebs, Ilir Alimehmeti ka deklaruar sot se k\u00ebshilltar\u00ebt e PS jan\u00eb \u201cterrorizuar\u201d nga kryeministri Edi Rama gjat\u00eb nj\u00eb mbledhjeje t\u00eb zhvilluar me t\u00eb lidhur me shkarkimin e Erion Veliajt nga posti i kryebashkiakut.<\/p>\n<p>Alimehmeti tha n\u00eb News24 se Rama ka k\u00ebrc\u00ebnuar k\u00ebshilltar\u00ebt socialist\u00eb me q\u00ebllimin q\u00eb t\u00eb votonin pro shkarkimit t\u00eb Veliajt nga drejtimi i bashkis\u00eb.<\/p>\n<p>Sipas tij, kreu i PS i ka k\u00ebrc\u00ebnuar duke kujtuar nj\u00eb shprehje t\u00eb para disa viteve drejtuar Veliajt, kur ai tha \u201cErion Veliaj nj\u00eb dit\u00eb do t\u00eb varet te nj\u00eb nga pem\u00ebt q\u00eb ka mbjell\u00eb\u201d.<\/p>\n<p>Ai zbuloi se k\u00ebshilltar\u00ebve t\u00eb PS u \u00ebsht\u00eb th\u00ebn\u00eb \u201cashtu si ai, ju do t\u00eb vareni te pylli orbital\u201d n\u00eb rast se do t\u00eb d\u00ebshtonin n\u00eb p\u00ebrmbushjen e k\u00ebrkes\u00ebs.<\/p>\n","protected":false},"excerpt":{"rendered":"<p>K\u00ebshilltari i PD n\u00eb K\u00ebshillin Bashkiak t\u00eb Tiran\u00ebs, Ilir Alimehmeti ka deklaruar sot se k\u00ebshilltar\u00ebt e PS jan\u00eb \u201cterrorizuar\u201d nga kryeministri Edi Rama gjat\u00eb nj\u00eb mbledhjeje t\u00eb zhvilluar me t\u00eb lidhur me shkarkimin e Erion Veliajt nga posti i kryebashkiakut. Alimehmeti tha n\u00eb News24 se Rama ka k\u00ebrc\u00ebnuar k\u00ebshilltar\u00ebt socialist\u00eb me q\u00ebllimin q\u00eb t\u00eb votonin &hellip;<\/p>\n","protected":false},"author":3,"featured_media":124614,"comment_status":"closed","ping_status":"closed","sticky":false,"template":"","format":"standard","meta":{"footnotes":""},"categories":[40],"tags":[],"class_list":["post-124613","post","type-post","status-publish","format-standard","has-post-thumbnail","","category-aktualitet"],"_links":{"self":[{"href":"https:\/\/rdnews.al\/index.php\/wp-json\/wp\/v2\/posts\/124613","targetHints":{"allow":["GET"]}}],"collection":[{"href":"https:\/\/rdnews.al\/index.php\/wp-json\/wp\/v2\/posts"}],"about":[{"href":"https:\/\/rdnews.al\/index.php\/wp-json\/wp\/v2\/types\/post"}],"author":[{"embeddable":true,"href":"https:\/\/rdnews.al\/index.php\/wp-json\/wp\/v2\/users\/3"}],"replies":[{"embeddable":true,"href":"https:\/\/rdnews.al\/index.php\/wp-json\/wp\/v2\/comments?post=124613"}],"version-history":[{"count":2,"href":"https:\/\/rdnews.al\/index.php\/wp-json\/wp\/v2\/posts\/124613\/revisions"}],"predecessor-version":[{"id":124616,"href":"https:\/\/rdnews.al\/index.php\/wp-json\/wp\/v2\/posts\/124613\/revisions\/124616"}],"wp:featuredmedia":[{"embeddable":true,"href":"https:\/\/rdnews.al\/index.php\/wp-json\/wp\/v2\/media\/124614"}],"wp:attachment":[{"href":"https:\/\/rdnews.al\/index.php\/wp-json\/wp\/v2\/media?parent=124613"}],"wp:term":[{"taxonomy":"category","embeddable":true,"href":"https:\/\/rdnews.al\/index.php\/wp-json\/wp\/v2\/categories?post=124613"},{"taxonomy":"post_tag","embeddable":true,"href":"https:\/\/rdnews.al\/index.php\/wp-json\/wp\/v2\/tags?post=124613"}],"curies":[{"name":"wp","href":"https:\/\/api.w.org\/{rel}","templated":true}]}}