{"id":124640,"date":"2025-10-02T10:56:08","date_gmt":"2025-10-02T10:56:08","guid":{"rendered":"https:\/\/rdnews.al\/?p=124640"},"modified":"2025-10-02T11:02:31","modified_gmt":"2025-10-02T11:02:31","slug":"rama-hakmerret-ndaj-veliajt-pas-ankimimit-ne-kushtetuese-urdherohen-hetime-te-reja-edhe-per-maznikun","status":"publish","type":"post","link":"https:\/\/rdnews.al\/index.php\/2025\/10\/02\/rama-hakmerret-ndaj-veliajt-pas-ankimimit-ne-kushtetuese-urdherohen-hetime-te-reja-edhe-per-maznikun\/","title":{"rendered":"Rama hakmerret ndaj Veliajt pas ankimimit n\u00eb Kushtetuese\/ Urdh\u00ebrohen hetime t\u00eb reja edhe p\u00ebr Maznikun"},"content":{"rendered":"<p><strong>Pa kaluar as 48 or\u00eb nga ankimimi n\u00eb Kushtetuese i Veliajt p\u00ebr mas\u00ebn e shkarkimit t\u00eb tij nga detyra e Kryebashkiakut, ndaj tij jan\u00eb urdh\u00ebruar hetime t\u00eb reja. Esht\u00eb nj\u00eb sinjal i nj\u00eb hakmarrje t\u00eb past\u00ebr t\u00eb Ram\u00ebs ndaj tij. <\/strong><\/p>\n<p><strong>Nj\u00eb urdh\u00ebr i till\u00eb p\u00ebr t\u00eb hetuar Veliajn p\u00ebr nj\u00eb tjet\u00ebr afer\u00eb korruptive mund t\u00eb ishte marr\u00eb edhe disa muaj m\u00eb par\u00eb ose edhe disa jav\u00eb m\u00eb par\u00eb, por fakti q\u00eb \u00ebsht\u00eb marr\u00eb vet\u00ebm dy dit\u00eb pas ankimimit t\u00eb tij n\u00eb Kushtetuese e b\u00ebn t\u00eb dukshme shenj\u00ebn hakmarr\u00ebse t\u00eb Ram\u00ebs.<\/strong><\/p>\n<p>Gjykata e Posa\u00e7me ka urdh\u00ebruar SPAK t\u00eb nis\u00eb hetimet p\u00ebr ish-kryebashkiakun e Tiran\u00ebs, Erion Veliajn dhe ish-n\u00ebnkryetarin Arbjan Mazniku.<\/p>\n<p>Hetimet ndaj Erion Veliajt dhe ish-vart\u00ebsit t\u00eb tij lidhen me prishjen e nd\u00ebrtesave tek zona e \u201c5 Majit\u201d.<\/p>\n<p>Kall\u00ebzimi i ngritur ndaj ish-kryebashkiakut dhe Arbjan Maznikut p\u00ebr vepr\u00ebn penale \u201cshp\u00ebrdorimi i detyr\u00ebs\u201d \u00ebsht\u00eb pushuar nga Prokuroria e Tiran\u00ebs.<\/p>\n<p>Nd\u00ebrkoh\u00eb gjyqtarja e posa\u00e7me, Rudina Palloj vendosi:\u201cKonstatimin e pavlefshm\u00ebris\u00eb absolute t\u00eb k\u00ebrkes\u00ebs s\u00eb Prokuroris\u00eb pran\u00eb Gjykat\u00ebs s\u00eb Shkall\u00ebs s\u00eb Par\u00eb e Juridiksionit t\u00eb P\u00ebrgjithsh\u00ebm Tiran\u00eb, me dat\u00eb 14.04.2023, me objekt: \u201cPushimin e \u00e7\u00ebshtjes penale me nr. 1782 t\u00eb vitit 2022, t\u00eb regjistruar p\u00ebr vepr\u00ebn penale t\u00eb \u201cShp\u00ebrdorimit t\u00eb detyr\u00ebs\u201d, t\u00eb parashikuar nga neni 248 i Kodit Penal, p\u00ebr shkak se fakti nuk parashikohet nga ligji si vep\u00ebr penale\u201d.\u201d<\/p>\n<p>\u201cKalimin e akteve q\u00eb ndodhen pran\u00eb k\u00ebsaj gjykate, t\u00eb p\u00ebrcjella nga Gjykata e Apelit t\u00eb Juridiksionit t\u00eb P\u00ebrgjithsh\u00ebm, Tiran\u00eb, Prokuroris\u00eb s\u00eb Posa\u00e7me Kund\u00ebr Korrupsionit dhe Krimit t\u00eb Organizuar\u201d, thuhet n\u00eb vendim.<\/p>\n<p>NJOFTIM P\u00cbR MEDIAT<\/p>\n<p>Pran\u00eb Gjykat\u00ebs s\u00eb Posa\u00e7me t\u00eb Shkall\u00ebs s\u00eb Par\u00eb p\u00ebr Korrupsionin dhe Krimin e Organizuar me dat\u00eb 08.09.2025 \u00ebsht\u00eb regjistruar k\u00ebrkesa me nr. 140 regj.them., d\u00ebrguar p\u00ebr kompetenc\u00eb nga Gjykata e Apelit t\u00eb Juridiksionit t\u00eb P\u00ebrgjithsh\u00ebm, me k\u00ebrkues Prokurorin\u00eb pran\u00eb Gjykat\u00ebs s\u00eb Shkall\u00ebs s\u00eb Par\u00eb t\u00eb Juridiksionit t\u00eb P\u00ebrgjithsh\u00ebm Tiran\u00eb, me objekt: \u201cPushimin e \u00e7\u00ebshtjes penale me nr. 1782 t\u00eb vitit 2022, t\u00eb regjistruar p\u00ebr vepr\u00ebn penale t\u00eb \u201cShp\u00ebrdorimit t\u00eb detyr\u00ebs\u201d, t\u00eb parashikuar nga neni 248 i Kodit Penal, p\u00ebr shkak se fakti nuk parashikohet nga ligji si vep\u00ebr penale\u201d.<br \/>\nN\u00eb p\u00ebrfundim t\u00eb gjykimit, Gjykata e Posa\u00e7me e Shkall\u00ebs s\u00eb Par\u00eb p\u00ebr Korrupsionin dhe Krimin e Organizuar me trup gjykues t\u00eb p\u00ebrb\u00ebr\u00eb nga gjyqtarja Rudina Palloj, bazuar n\u00eb nenet 112, 128, 128\/a pika 1 shkronja \u201cb\u201d, 329 dhe 329\/b e vijues t\u00eb K.Pr.Penale, me vendimin nr. 140, dat\u00eb 30.09.2025, vendosi:<br \/>\nKonstatimin e pavlefshm\u00ebris\u00eb absolute t\u00eb k\u00ebrkes\u00ebs s\u00eb Prokuroris\u00eb pran\u00eb Gjykat\u00ebs s\u00eb Shkall\u00ebs s\u00eb Par\u00eb e Juridiksionit t\u00eb P\u00ebrgjithsh\u00ebm Tiran\u00eb, me dat\u00eb 14.04.2023, me objekt: \u201cPushimin e \u00e7\u00ebshtjes penale me nr. 1782 t\u00eb vitit 2022, t\u00eb regjistruar p\u00ebr vepr\u00ebn penale t\u00eb \u201cShp\u00ebrdorimit t\u00eb detyr\u00ebs\u201d, t\u00eb parashikuar nga neni 248 i Kodit Penal, p\u00ebr shkak se fakti nuk parashikohet nga ligji si vep\u00ebr penale\u201d.<br \/>\nKalimin e akteve q\u00eb ndodhen pran\u00eb k\u00ebsaj gjykate, t\u00eb p\u00ebrcjella nga Gjykata e Apelit t\u00eb Juridiksionit t\u00eb P\u00ebrgjithsh\u00ebm, Tiran\u00eb, Prokuroris\u00eb s\u00eb Posa\u00e7me Kund\u00ebr Korrupsionit dhe Krimit t\u00eb Organizuar.<br \/>\nKund\u00ebr k\u00ebtij vendimi pal\u00ebt kan\u00eb t\u00eb drejt\u00ebn e ankimit brenda 15 (pes\u00ebmb\u00ebdhjet\u00eb) dit\u00ebve nga e nes\u00ebrmja e komunikimit t\u00eb vendimit t\u00eb arsyetuar n\u00eb Gjykat\u00ebn e Posa\u00e7me t\u00eb Apelit p\u00ebr Korrupsionin dhe Krimin e Organizuar.<br \/>\nTiran\u00eb, m\u00eb dat\u00eb 02.10.2025<\/p>\n<p>Gjykata e Posa\u00e7me e Shkall\u00ebs s\u00eb Par\u00eb p\u00ebr Korrupsionin dhe Krimin e Organizuar<\/p>\n","protected":false},"excerpt":{"rendered":"<p>Pa kaluar as 48 or\u00eb nga ankimimi n\u00eb Kushtetuese i Veliajt p\u00ebr mas\u00ebn e shkarkimit t\u00eb tij nga detyra e Kryebashkiakut, ndaj tij jan\u00eb urdh\u00ebruar hetime t\u00eb reja. Esht\u00eb nj\u00eb sinjal i nj\u00eb hakmarrje t\u00eb past\u00ebr t\u00eb Ram\u00ebs ndaj tij. Nj\u00eb urdh\u00ebr i till\u00eb p\u00ebr t\u00eb hetuar Veliajn p\u00ebr nj\u00eb tjet\u00ebr afer\u00eb korruptive mund t\u00eb &hellip;<\/p>\n","protected":false},"author":3,"featured_media":124580,"comment_status":"closed","ping_status":"closed","sticky":false,"template":"","format":"standard","meta":{"footnotes":""},"categories":[37],"tags":[],"class_list":["post-124640","post","type-post","status-publish","format-standard","has-post-thumbnail","","category-politike"],"_links":{"self":[{"href":"https:\/\/rdnews.al\/index.php\/wp-json\/wp\/v2\/posts\/124640","targetHints":{"allow":["GET"]}}],"collection":[{"href":"https:\/\/rdnews.al\/index.php\/wp-json\/wp\/v2\/posts"}],"about":[{"href":"https:\/\/rdnews.al\/index.php\/wp-json\/wp\/v2\/types\/post"}],"author":[{"embeddable":true,"href":"https:\/\/rdnews.al\/index.php\/wp-json\/wp\/v2\/users\/3"}],"replies":[{"embeddable":true,"href":"https:\/\/rdnews.al\/index.php\/wp-json\/wp\/v2\/comments?post=124640"}],"version-history":[{"count":2,"href":"https:\/\/rdnews.al\/index.php\/wp-json\/wp\/v2\/posts\/124640\/revisions"}],"predecessor-version":[{"id":124648,"href":"https:\/\/rdnews.al\/index.php\/wp-json\/wp\/v2\/posts\/124640\/revisions\/124648"}],"wp:featuredmedia":[{"embeddable":true,"href":"https:\/\/rdnews.al\/index.php\/wp-json\/wp\/v2\/media\/124580"}],"wp:attachment":[{"href":"https:\/\/rdnews.al\/index.php\/wp-json\/wp\/v2\/media?parent=124640"}],"wp:term":[{"taxonomy":"category","embeddable":true,"href":"https:\/\/rdnews.al\/index.php\/wp-json\/wp\/v2\/categories?post=124640"},{"taxonomy":"post_tag","embeddable":true,"href":"https:\/\/rdnews.al\/index.php\/wp-json\/wp\/v2\/tags?post=124640"}],"curies":[{"name":"wp","href":"https:\/\/api.w.org\/{rel}","templated":true}]}}