{"id":124643,"date":"2025-10-02T11:01:25","date_gmt":"2025-10-02T11:01:25","guid":{"rendered":"https:\/\/rdnews.al\/?p=124643"},"modified":"2025-10-02T11:02:05","modified_gmt":"2025-10-02T11:02:05","slug":"shkollat-kthene-ne-arene-lufte-plagosen-me-thike-3-nxenes-ne-gjimnazin-e-kamzes-dergohen-ne-spitalin-e-traumes","status":"publish","type":"post","link":"https:\/\/rdnews.al\/index.php\/2025\/10\/02\/shkollat-kthene-ne-arene-lufte-plagosen-me-thike-3-nxenes-ne-gjimnazin-e-kamzes-dergohen-ne-spitalin-e-traumes\/","title":{"rendered":"Shkollat kthehen n\u00eb aren\u00eb \u201clufte\u201d, plagosen me thik\u00eb 3 nx\u00ebn\u00ebs n\u00eb gjimnazin e Kamz\u00ebs, d\u00ebrgohen n\u00eb spitalin e Traum\u00ebs"},"content":{"rendered":"<p>Tre adoleshent\u00eb jan\u00eb plagosur me thik\u00eb dit\u00ebn e sotme pran\u00eb gjimnazit<a href=\"https:\/\/boldnews.al\/2025\/10\/02\/sherr-masiv-prane-gjimnazit-ibrahim-rugova-ne-kamez-plagoset-nje-nxenes\/\" target=\"_blank\" rel=\"noopener\">\u00a0\u201cIbrahim Rugova\u201d<\/a>\u00a0n\u00eb Kam\u00ebz. Dy prej tyre, me inicialet A.L. dhe B.T., jan\u00eb d\u00ebrguar me urgjenc\u00eb n\u00eb spitalin e Traum\u00ebs n\u00eb Tiran\u00eb, pasi kan\u00eb marr\u00eb d\u00ebmtime serioze n\u00eb kraharor. Nj\u00eb tjet\u00ebr bashk\u00ebmoshatare ka p\u00ebsuar vet\u00ebm l\u00ebndime t\u00eb lehta.<\/p>\n<p>Sherri fillimisht ka nisur brenda oborrit t\u00eb shkoll\u00ebs dhe m\u00eb pas ka p\u00ebrfunduar jasht\u00eb, ku nx\u00ebn\u00ebset jan\u00eb p\u00ebrplasur me thika. N\u00eb konflikt kan\u00eb qen\u00eb t\u00eb p\u00ebrfshir\u00eb rreth pes\u00eb nx\u00ebn\u00ebs.<\/p>\n<p>Aktualisht, dy 16-vje\u00e7ar\u00ebt e plagosur ndodhen n\u00eb sall\u00ebn e urgjenc\u00ebs dhe po ekzaminohen nga mjek\u00ebt.<\/p>\n<p>Fatmir\u00ebsisht nga ngjarja e sotme nuk ka viktima, por fenomeni mbetet shqet\u00ebsues. Ky rast \u00ebsht\u00eb pjes\u00eb e nj\u00eb serie<a href=\"https:\/\/boldnews.al\/2025\/08\/17\/tiktok-u-mbyll-por-adoleshentet-vazhdojne-te-vriten\/\" target=\"_blank\" rel=\"noopener\">\u00a0ngjarjesh t\u00eb dhun\u00ebs<\/a>\u00a0mes t\u00eb rinjve q\u00eb kan\u00eb tronditur vendin. Vet\u00ebm disa muaj m\u00eb par\u00eb, m\u00eb 14 gusht 2025, 14-vje\u00e7ari Erald Xhejo u vra n\u00eb fshatin Pirg t\u00eb Maliqit nga bashk\u00ebmoshatari i tij Enedio Guri.<\/p>\n<p>N\u00eb vitin 2024, 14-vje\u00e7ari Martin Cani, i cili u vra nga nj\u00eb bashk\u00ebmoshatar pas nj\u00eb konflikti t\u00eb nisur n\u00eb rrjetet sociale. Po at\u00eb vit, ngjarje t\u00eb r\u00ebnda ndodh\u00ebn edhe n\u00eb Shkoz\u00eb dhe Gramsh, ku adoleshent\u00eb p\u00ebrdor\u00ebn thika dhe sende t\u00eb forta p\u00ebr t\u00eb sulmuar bashk\u00ebmoshatar\u00ebt e tyre.<\/p>\n<p>N\u00eb Shkoz\u00eb, 18-vje\u00e7ari Aurelio Dervishi humbi jet\u00ebn pas nj\u00eb p\u00ebrplasjeje p\u00ebr nj\u00eb vajz\u00eb, nd\u00ebrsa n\u00eb Gramsh, 15-vje\u00e7ari Fatjon Bici u vra gjat\u00eb nj\u00eb konflikti mes dy grupeve t\u00eb rinjsh.<\/p>\n<p>K\u00ebto ngjarje tregojn\u00eb nj\u00eb fenomen shqet\u00ebsues t\u00eb dhun\u00ebs mes t\u00eb rinjve n\u00eb Shqip\u00ebri. \u00a0Pas vrasjes s\u00eb Martin Canit, qeveria ia faturoi fajin platform\u00ebs TikTok dhe kryeministri Edi Rama urdh\u00ebroi mbylljen e rrjetit social n\u00eb Shqip\u00ebri. Pra n\u00eb vend q\u00eb t\u00eb investoj\u00eb vazhdimisht n\u00eb mbrojtjen dhe edukimin e t\u00eb rinjve, duket se shpesh preferohet spektakli politik<\/p>\n<p><strong>Njoftimi i policis\u00eb:<\/strong><\/p>\n<p><em>Rreth or\u00ebs 10:50, te bulevardi \u201cN\u00ebn\u00eb Tereza\u201d, n\u00eb rrug\u00eb, dyshohet se jan\u00eb konfliktuar p\u00ebr motive t\u00eb dob\u00ebta, disa shtetas t\u00eb mitur, t\u00eb moshave 15-17 vje\u00e7.<\/em><\/p>\n<p><em>Gjat\u00eb konfliktit jan\u00eb d\u00ebmtuar, dyshohet me mjet t\u00eb mpreht\u00eb, dy 16-vje\u00e7ar\u00eb, t\u00eb cil\u00ebt ndodhen n\u00eb spital, n\u00ebn kujdesin e mjek\u00ebve. \u00cbsht\u00eb d\u00ebmtuar leht\u00eb dhe nj\u00eb bashk\u00ebmoshatar i tyre, i cili \u00ebsht\u00eb jasht\u00eb rrezikut p\u00ebr jet\u00ebn.<\/em><\/p>\n<p><em>Sh\u00ebrbimet e Policis\u00eb kan\u00eb shoq\u00ebruar disa shtetas dhe po marrin deklaratat e tyre.<\/em><\/p>\n","protected":false},"excerpt":{"rendered":"<p>Tre adoleshent\u00eb jan\u00eb plagosur me thik\u00eb dit\u00ebn e sotme pran\u00eb gjimnazit\u00a0\u201cIbrahim Rugova\u201d\u00a0n\u00eb Kam\u00ebz. Dy prej tyre, me inicialet A.L. dhe B.T., jan\u00eb d\u00ebrguar me urgjenc\u00eb n\u00eb spitalin e Traum\u00ebs n\u00eb Tiran\u00eb, pasi kan\u00eb marr\u00eb d\u00ebmtime serioze n\u00eb kraharor. Nj\u00eb tjet\u00ebr bashk\u00ebmoshatare ka p\u00ebsuar vet\u00ebm l\u00ebndime t\u00eb lehta. Sherri fillimisht ka nisur brenda oborrit t\u00eb shkoll\u00ebs &hellip;<\/p>\n","protected":false},"author":4,"featured_media":124644,"comment_status":"closed","ping_status":"closed","sticky":false,"template":"","format":"standard","meta":{"footnotes":""},"categories":[37],"tags":[],"class_list":["post-124643","post","type-post","status-publish","format-standard","has-post-thumbnail","","category-politike"],"_links":{"self":[{"href":"https:\/\/rdnews.al\/index.php\/wp-json\/wp\/v2\/posts\/124643","targetHints":{"allow":["GET"]}}],"collection":[{"href":"https:\/\/rdnews.al\/index.php\/wp-json\/wp\/v2\/posts"}],"about":[{"href":"https:\/\/rdnews.al\/index.php\/wp-json\/wp\/v2\/types\/post"}],"author":[{"embeddable":true,"href":"https:\/\/rdnews.al\/index.php\/wp-json\/wp\/v2\/users\/4"}],"replies":[{"embeddable":true,"href":"https:\/\/rdnews.al\/index.php\/wp-json\/wp\/v2\/comments?post=124643"}],"version-history":[{"count":2,"href":"https:\/\/rdnews.al\/index.php\/wp-json\/wp\/v2\/posts\/124643\/revisions"}],"predecessor-version":[{"id":124647,"href":"https:\/\/rdnews.al\/index.php\/wp-json\/wp\/v2\/posts\/124643\/revisions\/124647"}],"wp:featuredmedia":[{"embeddable":true,"href":"https:\/\/rdnews.al\/index.php\/wp-json\/wp\/v2\/media\/124644"}],"wp:attachment":[{"href":"https:\/\/rdnews.al\/index.php\/wp-json\/wp\/v2\/media?parent=124643"}],"wp:term":[{"taxonomy":"category","embeddable":true,"href":"https:\/\/rdnews.al\/index.php\/wp-json\/wp\/v2\/categories?post=124643"},{"taxonomy":"post_tag","embeddable":true,"href":"https:\/\/rdnews.al\/index.php\/wp-json\/wp\/v2\/tags?post=124643"}],"curies":[{"name":"wp","href":"https:\/\/api.w.org\/{rel}","templated":true}]}}