{"id":124650,"date":"2025-10-02T11:08:39","date_gmt":"2025-10-02T11:08:39","guid":{"rendered":"https:\/\/rdnews.al\/?p=124650"},"modified":"2025-10-02T11:13:54","modified_gmt":"2025-10-02T11:13:54","slug":"skandali-rama-tallet-me-presidentin-trump-punoi-shume-per-marreveshjen-e-paqes-me-azerbajxhanin","status":"publish","type":"post","link":"https:\/\/rdnews.al\/index.php\/2025\/10\/02\/skandali-rama-tallet-me-presidentin-trump-punoi-shume-per-marreveshjen-e-paqes-me-azerbajxhanin\/","title":{"rendered":"Skandali, Rama tallet me Presidentin Trump\/ Punoi shum\u00eb p\u00ebr marr\u00ebveshjen e paqes me Azerbajxhanin"},"content":{"rendered":"<p><strong>Njeriu q\u00eb p\u00ebrdoret si zar nga kartelet e drog\u00ebs dhe drejton sot qeverin\u00eb n\u00eb Shqip\u00ebri \u00ebsht\u00eb tallur me nj\u00eb gabim t\u00eb Presidentit Trump, i cili ngat\u00ebrroi emrin e Armenis\u00eb me at\u00eb t\u00eb Albanis\u00eb gjat\u00eb nj\u00eb deklarate p\u00ebr mediat..<\/strong><\/p>\n<p><strong>Trump i ka k\u00ebrkuar Presidentit francez q\u00eb ta uronte p\u00ebr mar\u00ebveshjen e paqes q\u00eb kishte b\u00ebr\u00eb Trump me Azerbaxhanin, duke shp\u00ebtuar nga lufta Shqip\u00ebrin\u00eb, nd\u00ebrkoh\u00eb q\u00eb Macron shikohet n\u00eb video q\u00eb largohet pas k\u00ebsaj deklarate t\u00eb Ram\u00ebs, pa guxuar as t\u00eb buz\u00ebqesh\u00eb.<\/strong><\/p>\n<p>Rama\u00a0i cili sot merr pjes\u00eb n\u00eb\u00a0samitin e 7-t\u00eb t\u00eb Komuniteti Politik Evropian, i pyetur nga mediat bot\u00ebrore mbi k\u00ebt\u00eb situat\u00eb, ai me humor i \u00ebsht\u00eb p\u00ebrgjigjur se tashm\u00eb Shqip\u00ebria dhe Azerbjaxhani kan\u00eb n\u00ebnshkruar paqen.<\/p>\n<p>\u201cAzerbajxhani dhe Shqip\u00ebria kan\u00eb tashm\u00eb nj\u00eb marr\u00ebveshje paqe se ishim n\u00eb luft\u00eb tashm\u00eb.<\/p>\n<p>Mendoj q\u00eb \u00ebsht\u00eb di\u00e7ka fantastike sepse ka qen\u00eb n\u00eb pritje p\u00ebr nj\u00eb koh\u00eb t\u00eb konsiderueshme, ndodhi dhe n\u00ebn drejtimin e SHBA-ve, dhe nxitjes s\u00eb fundit t\u00eb presidentit sepse duhet t\u2019ia japim merit\u00ebn p\u00ebr k\u00ebt\u00eb\u201d, tha Edi Rama.<\/p>\n<p>Nd\u00ebrkoh\u00eb nj\u00eb tjet\u00ebr video ka \u2018pushtuar\u2019 rrjetin, ku Rama n\u00eb shoq\u00ebrin\u00eb e presidentit t\u00eb Azerbajxhanit,\u00a0Ilham Aliyev\u00a0dhe presidentit francez\u00a0Emmanuel Macron, i thot\u00eb k\u00ebtij t\u00eb fundit t\u00eb k\u00ebrkoj\u00eb falje, pasi nuk i ka uruar (Ram\u00ebn dhe Aliyev) p\u00ebr arritjen e paqes.<\/p>\n<p>Rama drejtuar Macron:\u00a0Duhet t\u00eb k\u00ebrkosh falje!<\/p>\n<p>Macron:\u00a0P\u00ebrse?<\/p>\n<p>Rama:\u00a0Sepse nuk na urove kur arrit\u00ebm marr\u00ebveshjen e paqes mes dy vendeve. Dhe Presidenti Trump punoi shum\u00eb p\u00ebr k\u00ebt\u00eb marr\u00ebveshje!<\/p>\n","protected":false},"excerpt":{"rendered":"<p>Njeriu q\u00eb p\u00ebrdoret si zar nga kartelet e drog\u00ebs dhe drejton sot qeverin\u00eb n\u00eb Shqip\u00ebri \u00ebsht\u00eb tallur me nj\u00eb gabim t\u00eb Presidentit Trump, i cili ngat\u00ebrroi emrin e Armenis\u00eb me at\u00eb t\u00eb Albanis\u00eb gjat\u00eb nj\u00eb deklarate p\u00ebr mediat.. Trump i ka k\u00ebrkuar Presidentit francez q\u00eb ta uronte p\u00ebr mar\u00ebveshjen e paqes q\u00eb kishte b\u00ebr\u00eb Trump &hellip;<\/p>\n","protected":false},"author":3,"featured_media":124654,"comment_status":"closed","ping_status":"closed","sticky":false,"template":"","format":"standard","meta":{"footnotes":""},"categories":[37],"tags":[],"class_list":["post-124650","post","type-post","status-publish","format-standard","has-post-thumbnail","","category-politike"],"_links":{"self":[{"href":"https:\/\/rdnews.al\/index.php\/wp-json\/wp\/v2\/posts\/124650","targetHints":{"allow":["GET"]}}],"collection":[{"href":"https:\/\/rdnews.al\/index.php\/wp-json\/wp\/v2\/posts"}],"about":[{"href":"https:\/\/rdnews.al\/index.php\/wp-json\/wp\/v2\/types\/post"}],"author":[{"embeddable":true,"href":"https:\/\/rdnews.al\/index.php\/wp-json\/wp\/v2\/users\/3"}],"replies":[{"embeddable":true,"href":"https:\/\/rdnews.al\/index.php\/wp-json\/wp\/v2\/comments?post=124650"}],"version-history":[{"count":2,"href":"https:\/\/rdnews.al\/index.php\/wp-json\/wp\/v2\/posts\/124650\/revisions"}],"predecessor-version":[{"id":124657,"href":"https:\/\/rdnews.al\/index.php\/wp-json\/wp\/v2\/posts\/124650\/revisions\/124657"}],"wp:featuredmedia":[{"embeddable":true,"href":"https:\/\/rdnews.al\/index.php\/wp-json\/wp\/v2\/media\/124654"}],"wp:attachment":[{"href":"https:\/\/rdnews.al\/index.php\/wp-json\/wp\/v2\/media?parent=124650"}],"wp:term":[{"taxonomy":"category","embeddable":true,"href":"https:\/\/rdnews.al\/index.php\/wp-json\/wp\/v2\/categories?post=124650"},{"taxonomy":"post_tag","embeddable":true,"href":"https:\/\/rdnews.al\/index.php\/wp-json\/wp\/v2\/tags?post=124650"}],"curies":[{"name":"wp","href":"https:\/\/api.w.org\/{rel}","templated":true}]}}