{"id":124656,"date":"2025-10-02T11:14:38","date_gmt":"2025-10-02T11:14:38","guid":{"rendered":"https:\/\/rdnews.al\/?p=124656"},"modified":"2025-10-02T11:14:38","modified_gmt":"2025-10-02T11:14:38","slug":"kalaja-lejet-e-ndertimit-ne-tirane-dhe-bregdet-te-lidhura-me-pastrim-parash-me-bekimin-e-rames-dhe-ballukut","status":"publish","type":"post","link":"https:\/\/rdnews.al\/index.php\/2025\/10\/02\/kalaja-lejet-e-ndertimit-ne-tirane-dhe-bregdet-te-lidhura-me-pastrim-parash-me-bekimin-e-rames-dhe-ballukut\/","title":{"rendered":"Kalaja: Lejet e nd\u00ebrtimit n\u00eb Tiran\u00eb dhe bregdet, t\u00eb lidhura me pastrim parash me bekimin e Ram\u00ebs dhe Ballukut"},"content":{"rendered":"<p>Kryetarja e Komisionit t\u00eb Apelimit n\u00eb PD, Adriana Kalaja, ka depozituar sot nj\u00eb kall\u00ebzim penal n\u00eb SPAK ndaj kryeministrit Edi Rama dhe zv.kryeministres Belinda Balluku p\u00ebr lejet e nd\u00ebrtimit n\u00eb Tiran\u00eb dhe n\u00eb bregdet.<\/p>\n<p>Sipas Kalas\u00eb, projektet e miratuara n\u00eb m\u00ebnyr\u00eb t\u00eb p\u00ebrs\u00ebritur nga figura t\u00eb larta t\u00eb qeveris\u00eb jan\u00eb n\u00eb kund\u00ebrshtim me ligjin dhe sh\u00ebrbejn\u00eb p\u00ebr t\u00eb legjitimuar burime t\u00eb paligjshme financiare. Ajo k\u00ebrkon hetim t\u00eb plot\u00eb nga SPAK p\u00ebr t\u00eb gjitha lejet e nd\u00ebrtimit t\u00eb lidhura me studio projektimi t\u00eb p\u00ebrzgjedhura n\u00eb m\u00ebnyr\u00eb t\u00eb dyshimt\u00eb, si dhe p\u00ebr rolin e Bank\u00ebs s\u00eb Shqip\u00ebris\u00eb, q\u00eb sipas saj duhet t\u00eb jap\u00eb llogari p\u00ebr rritjen e pazakont\u00eb t\u00eb investimeve t\u00eb huaja n\u00eb pasuri t\u00eb paluajtshme n\u00eb vet\u00ebm gjasht\u00eb muajt e par\u00eb t\u00eb vitit 2025.<\/p>\n<p>\u201cKemi sjell\u00eb argumente dhe fakte bind\u00ebse sesi p\u00ebr p\u00ebr\u00e7undimi i Tiran\u00ebs dhe jo vet\u00ebm \u00a0por edhe objekte t\u00eb cilat jan\u00eb miratuar leja edhe nga kryeministri dhe shumic\u00ebn e rasteve nga z\u00ebvend\u00ebs kryeministra, kan\u00eb p\u00ebr\u00e7unduar edhe bregdetin e Shqip\u00ebris\u00eb. T\u00eb gjitha k\u00ebto veprime q\u00eb jan\u00eb b\u00ebr\u00eb n\u00eb kund\u00ebrshtim me dispozitat ligjore n\u00eb kund\u00ebrshtimin nga subjektet nd\u00ebrtuese p\u00ebr t\u00eb justifikuar burimin e ligjsh\u00ebm t\u00eb parave, na ka \u00e7uar n\u00eb dyshimin e arsyesh\u00ebm se e gjitha kjo b\u00ebhet me nism\u00ebn dhe bekimin e kryeministrit Rama dhe z\u00ebvend\u00ebses s\u00eb tij, Belinda Balluku, p\u00ebr q\u00ebllime personale dhe n\u00eb d\u00ebm t\u00eb interesit publik.<\/p>\n<p>T\u00eb inkoperuar n\u00eb k\u00ebt\u00eb kall\u00ebzim penal ne kemi k\u00ebrkuar q\u00eb nga SPAK t\u00eb hetohen t\u00eb gjitha lejet e nd\u00ebrtimit q\u00eb\u00a0 rast\u00ebsisht po e themi k\u00ebt\u00eb jan\u00eb t\u00eb lidhura me studio-projektuesin t\u00eb cil\u00ebt jan\u00eb n\u00eb list\u00ebn e Edi Ram\u00ebs dhe asnj\u00eb kompani\u00a0 tjet\u00ebr q\u00eb projekton nj\u00eb nd\u00ebrtim n\u00eb Tiran\u00eb dhe jo vet\u00ebm. N\u00ebse i drejtohet kryetarit t\u00eb K\u00ebshillit t\u00eb Rregullimit t\u00eb Territorit q\u00eb \u00ebsht\u00eb zoti Rama p\u00ebr nxjerrjen e lejes s\u00eb caktuar, refuzohet dhe orientohet q\u00eb gjith\u00eb k\u00ebto kompani t\u00eb shkojn\u00eb tek lista e studiove t\u00eb huaja q\u00eb lidhen n\u00eb k\u00ebndv\u00ebshtrimin tim me pastrimin e produkteve t\u00eb vepr\u00ebs penale.<\/p>\n<p>Nd\u00ebrkoh\u00eb kemi k\u00ebrkuar edhe hetimin nga ana e SPAK edhe t\u00eb Bashk\u00ebs s\u00eb Shqip\u00ebris\u00eb n\u00eb k\u00ebt\u00eb proces t\u00eb paligjsh\u00ebm. Rol i cili duhet t\u00eb ket\u00eb nj\u00eb v\u00ebmendje t\u00eb caktuar edhe p\u00ebr shkak t\u00eb statistikave q\u00eb jep banka e Shqip\u00ebris\u00eb ku deklarohet se mbi 250 mln euro jan\u00eb bler\u00eb nga shtetas t\u00eb huaj. Dhe kjo vler\u00eb i takon vet\u00ebm 6 mujorit t\u00eb par\u00eb t\u00eb 2025. Nd\u00ebrkoh\u00eb kemi k\u00ebrkuara nga ana e SPAK q\u00eb t\u00eb evidentohen edhe denoncimet q\u00eb tashm\u00eb jan\u00eb b\u00ebr\u00eb publike, qoft\u00eb p\u00ebr \u00e7\u00ebshtjen \u2018Aruba\u2019, jan\u00eb denoncime q\u00eb nuk jan\u00eb thjesht denoncime nga gazetar\u00eb investigativ\u00eb, por jan\u00eb denoncime q\u00eb lidhen me fakte dhe prova t\u00eb antimafias italiane, qoft\u00eb edhe me dy kronikat e dh\u00ebna nga Rai3, ku korenspondojn\u00eb n\u00eb m\u00ebnyr\u00eb t\u00eb habitshme dhe t\u00eb \u00e7uditshme deklarimet n\u00eb k\u00ebto emisione me deklarimet apo hetimet e mafias italiane.<\/p>\n<p>T\u00eb gjitha provat q\u00eb ne depozitojm\u00eb sot n\u00eb SPAK lidhin jo vet\u00ebm zotin Rama me z\u00ebvend\u00ebsen e tij Balluku n\u00eb nj\u00eb krim shum\u00eb t\u00eb madh q\u00eb \u00ebsht\u00eb pastrimi i parave\u201d, deklaroi Kalaja.<\/p>\n","protected":false},"excerpt":{"rendered":"<p>Kryetarja e Komisionit t\u00eb Apelimit n\u00eb PD, Adriana Kalaja, ka depozituar sot nj\u00eb kall\u00ebzim penal n\u00eb SPAK ndaj kryeministrit Edi Rama dhe zv.kryeministres Belinda Balluku p\u00ebr lejet e nd\u00ebrtimit n\u00eb Tiran\u00eb dhe n\u00eb bregdet. Sipas Kalas\u00eb, projektet e miratuara n\u00eb m\u00ebnyr\u00eb t\u00eb p\u00ebrs\u00ebritur nga figura t\u00eb larta t\u00eb qeveris\u00eb jan\u00eb n\u00eb kund\u00ebrshtim me ligjin dhe &hellip;<\/p>\n","protected":false},"author":4,"featured_media":103979,"comment_status":"closed","ping_status":"closed","sticky":false,"template":"","format":"standard","meta":{"footnotes":""},"categories":[37],"tags":[],"class_list":["post-124656","post","type-post","status-publish","format-standard","has-post-thumbnail","","category-politike"],"_links":{"self":[{"href":"https:\/\/rdnews.al\/index.php\/wp-json\/wp\/v2\/posts\/124656","targetHints":{"allow":["GET"]}}],"collection":[{"href":"https:\/\/rdnews.al\/index.php\/wp-json\/wp\/v2\/posts"}],"about":[{"href":"https:\/\/rdnews.al\/index.php\/wp-json\/wp\/v2\/types\/post"}],"author":[{"embeddable":true,"href":"https:\/\/rdnews.al\/index.php\/wp-json\/wp\/v2\/users\/4"}],"replies":[{"embeddable":true,"href":"https:\/\/rdnews.al\/index.php\/wp-json\/wp\/v2\/comments?post=124656"}],"version-history":[{"count":1,"href":"https:\/\/rdnews.al\/index.php\/wp-json\/wp\/v2\/posts\/124656\/revisions"}],"predecessor-version":[{"id":124658,"href":"https:\/\/rdnews.al\/index.php\/wp-json\/wp\/v2\/posts\/124656\/revisions\/124658"}],"wp:featuredmedia":[{"embeddable":true,"href":"https:\/\/rdnews.al\/index.php\/wp-json\/wp\/v2\/media\/103979"}],"wp:attachment":[{"href":"https:\/\/rdnews.al\/index.php\/wp-json\/wp\/v2\/media?parent=124656"}],"wp:term":[{"taxonomy":"category","embeddable":true,"href":"https:\/\/rdnews.al\/index.php\/wp-json\/wp\/v2\/categories?post=124656"},{"taxonomy":"post_tag","embeddable":true,"href":"https:\/\/rdnews.al\/index.php\/wp-json\/wp\/v2\/tags?post=124656"}],"curies":[{"name":"wp","href":"https:\/\/api.w.org\/{rel}","templated":true}]}}