{"id":124666,"date":"2025-10-02T16:18:21","date_gmt":"2025-10-02T16:18:21","guid":{"rendered":"https:\/\/rdnews.al\/?p=124666"},"modified":"2025-10-02T16:18:21","modified_gmt":"2025-10-02T16:18:21","slug":"incident-diplomatik-mediat-ruse-japin-lajmin-e-talljes-se-rames-me-presidentin-trump","status":"publish","type":"post","link":"https:\/\/rdnews.al\/index.php\/2025\/10\/02\/incident-diplomatik-mediat-ruse-japin-lajmin-e-talljes-se-rames-me-presidentin-trump\/","title":{"rendered":"Incident diplomatik\/ Mediat ruse japin lajmin e talljes s\u00eb Ram\u00ebs me Presidentin Trump"},"content":{"rendered":"<div class=\"stream-item stream-item-in-post stream-item-inline-post aligncenter\">\n<div class=\"stream-item stream-item-in-post stream-item-inline-post aligncenter\">\n<p><span data-contrast=\"none\">Mediat ruse i kan\u00eb dh\u00ebn\u00eb jehon\u00eb batut\u00ebs s\u00eb\u00a0Ram\u00ebs\u00a0me presidentin\u00a0Macron\u00a0dhe presidentin e Azerbajxhanit\u00a0Aljev.<\/span><span data-ccp-props=\"{}\">\u00a0<\/span><\/p>\n<p><span data-contrast=\"none\">RT ka postuar videon ku\u00a0Rama\u00a0b\u00ebn shaka me\u00a0Macron\u00a0dhe tallet me pretendimin e\u00a0Donald\u00a0Trump, se ky i fundit i dha fund konfliktit mes Azerbajxhanit dhe Shqip\u00ebris\u00eb.<\/span><span data-ccp-props=\"{}\">\u00a0<\/span><\/p>\n<p><span data-contrast=\"none\">Rama\u00a0i tha\u00a0Macron, se duhej t\u00eb kishte uruar at\u00eb dhe\u00a0Aljev\u00a0pasi m\u00eb n\u00eb fund b\u00ebn paqe. P\u00ebr k\u00ebt\u00eb\u00a0Rama\u00a0i tha\u00a0Macron\u00a0t\u00eb k\u00ebrkonte falje se nuk i ka uruar ende.<\/span><span data-ccp-props=\"{}\">\u00a0<\/span><\/p>\n<p><span data-contrast=\"none\">Tre lider\u00ebt u pan\u00eb n\u00eb Komunitetin Politik Evropian q\u00eb po zhvillohet n\u00eb\u00a0Kopenhagen\u00a0t\u00eb Danimark\u00ebs.<\/span><span data-ccp-props=\"{}\"> \u00a0<\/span><span data-contrast=\"none\">Trump\u00a0ka ngat\u00ebrruar disa her\u00eb Shqip\u00ebrin\u00eb me Armenin\u00eb, pasi kjo e fundit ka\u00a0patur\u00a0konflikte me Azerbajxhanin dhe lider\u00ebt e dy vendeve ishin dhe n\u00eb Sht\u00ebpin\u00eb e Bardh\u00eb.<\/span><span data-ccp-props=\"{}\">\u00a0<\/span><\/p>\n<\/div>\n<\/div>\n","protected":false},"excerpt":{"rendered":"<p>Mediat ruse i kan\u00eb dh\u00ebn\u00eb jehon\u00eb batut\u00ebs s\u00eb\u00a0Ram\u00ebs\u00a0me presidentin\u00a0Macron\u00a0dhe presidentin e Azerbajxhanit\u00a0Aljev.\u00a0 RT ka postuar videon ku\u00a0Rama\u00a0b\u00ebn shaka me\u00a0Macron\u00a0dhe tallet me pretendimin e\u00a0Donald\u00a0Trump, se ky i fundit i dha fund konfliktit mes Azerbajxhanit dhe Shqip\u00ebris\u00eb.\u00a0 Rama\u00a0i tha\u00a0Macron, se duhej t\u00eb kishte uruar at\u00eb dhe\u00a0Aljev\u00a0pasi m\u00eb n\u00eb fund b\u00ebn paqe. P\u00ebr k\u00ebt\u00eb\u00a0Rama\u00a0i tha\u00a0Macron\u00a0t\u00eb k\u00ebrkonte falje se &hellip;<\/p>\n","protected":false},"author":3,"featured_media":124654,"comment_status":"closed","ping_status":"closed","sticky":false,"template":"","format":"standard","meta":{"footnotes":""},"categories":[37],"tags":[],"class_list":["post-124666","post","type-post","status-publish","format-standard","has-post-thumbnail","","category-politike"],"_links":{"self":[{"href":"https:\/\/rdnews.al\/index.php\/wp-json\/wp\/v2\/posts\/124666","targetHints":{"allow":["GET"]}}],"collection":[{"href":"https:\/\/rdnews.al\/index.php\/wp-json\/wp\/v2\/posts"}],"about":[{"href":"https:\/\/rdnews.al\/index.php\/wp-json\/wp\/v2\/types\/post"}],"author":[{"embeddable":true,"href":"https:\/\/rdnews.al\/index.php\/wp-json\/wp\/v2\/users\/3"}],"replies":[{"embeddable":true,"href":"https:\/\/rdnews.al\/index.php\/wp-json\/wp\/v2\/comments?post=124666"}],"version-history":[{"count":2,"href":"https:\/\/rdnews.al\/index.php\/wp-json\/wp\/v2\/posts\/124666\/revisions"}],"predecessor-version":[{"id":124668,"href":"https:\/\/rdnews.al\/index.php\/wp-json\/wp\/v2\/posts\/124666\/revisions\/124668"}],"wp:featuredmedia":[{"embeddable":true,"href":"https:\/\/rdnews.al\/index.php\/wp-json\/wp\/v2\/media\/124654"}],"wp:attachment":[{"href":"https:\/\/rdnews.al\/index.php\/wp-json\/wp\/v2\/media?parent=124666"}],"wp:term":[{"taxonomy":"category","embeddable":true,"href":"https:\/\/rdnews.al\/index.php\/wp-json\/wp\/v2\/categories?post=124666"},{"taxonomy":"post_tag","embeddable":true,"href":"https:\/\/rdnews.al\/index.php\/wp-json\/wp\/v2\/tags?post=124666"}],"curies":[{"name":"wp","href":"https:\/\/api.w.org\/{rel}","templated":true}]}}