{"id":124669,"date":"2025-10-02T16:32:09","date_gmt":"2025-10-02T16:32:09","guid":{"rendered":"https:\/\/rdnews.al\/?p=124669"},"modified":"2025-10-02T16:32:09","modified_gmt":"2025-10-02T16:32:09","slug":"hackaj-ndjehem-i-nderuar-qe-jam-propozuar-si-nje-nga-kandidatet-per-tiranen","status":"publish","type":"post","link":"https:\/\/rdnews.al\/index.php\/2025\/10\/02\/hackaj-ndjehem-i-nderuar-qe-jam-propozuar-si-nje-nga-kandidatet-per-tiranen\/","title":{"rendered":"Ha\u00e7kaj: Ndjehem i nderuar q\u00eb jam propozuar si nj\u00eb nga kandidat\u00ebt p\u00ebr Tiran\u00ebn"},"content":{"rendered":"<p>Ndihem i nderuar q\u00eb emri im \u00ebsht\u00eb propozuar si nj\u00eb nga kandidat\u00ebt e mundsh\u00ebm t\u00eb opozit\u00ebs p\u00ebr Bashkin\u00eb e Tiran\u00ebs dhe fal\u00ebnderoj t\u00eb gjith\u00eb ata q\u00eb e kan\u00eb sugjeruar dhe mb\u00ebshtetur k\u00ebt\u00eb ide.<\/p>\n<p>Ky nuk \u00ebsht\u00eb vet\u00ebm nj\u00eb vler\u00ebsim personal, por edhe nj\u00eb njohje e rolit q\u00eb Diaspora p\u00ebr Shqip\u00ebrin\u00eb e Lir\u00eb ka dh\u00ebn\u00eb dhe mund t\u00eb jap\u00eb n\u00eb forcimin e opozit\u00ebs dhe n\u00eb zhvillimin demokratik t\u00eb vendit.<\/p>\n<p>\u00c7do angazhim politik k\u00ebrkon vendimmarrje t\u00eb matur dhe p\u00ebrgjegj\u00ebsi t\u00eb lart\u00eb e nj\u00eb vendim i till\u00eb mund t\u00eb merret vet\u00ebm n\u00eb rast t\u00eb nj\u00eb propozimi zyrtar.<\/p>\n<p>Opozita ka nevoj\u00eb jetike p\u00ebr nj\u00eb figur\u00eb p\u00ebrbashkuese. Si Edlira \u00c7epani ashtu edhe Ermal Hasimja jan\u00eb personalitete q\u00eb i vler\u00ebsoj dhe q\u00eb do ta p\u00ebrmbushnin m\u00eb s\u00eb miri k\u00ebt\u00eb detyr\u00eb.<\/p>\n<p>Me respekt,<br \/>\nFlorian Ha\u00e7kaj<\/p>\n","protected":false},"excerpt":{"rendered":"<p>Ndihem i nderuar q\u00eb emri im \u00ebsht\u00eb propozuar si nj\u00eb nga kandidat\u00ebt e mundsh\u00ebm t\u00eb opozit\u00ebs p\u00ebr Bashkin\u00eb e Tiran\u00ebs dhe fal\u00ebnderoj t\u00eb gjith\u00eb ata q\u00eb e kan\u00eb sugjeruar dhe mb\u00ebshtetur k\u00ebt\u00eb ide. Ky nuk \u00ebsht\u00eb vet\u00ebm nj\u00eb vler\u00ebsim personal, por edhe nj\u00eb njohje e rolit q\u00eb Diaspora p\u00ebr Shqip\u00ebrin\u00eb e Lir\u00eb ka dh\u00ebn\u00eb dhe &hellip;<\/p>\n","protected":false},"author":3,"featured_media":124670,"comment_status":"closed","ping_status":"closed","sticky":false,"template":"","format":"standard","meta":{"footnotes":""},"categories":[37],"tags":[],"class_list":["post-124669","post","type-post","status-publish","format-standard","has-post-thumbnail","","category-politike"],"_links":{"self":[{"href":"https:\/\/rdnews.al\/index.php\/wp-json\/wp\/v2\/posts\/124669","targetHints":{"allow":["GET"]}}],"collection":[{"href":"https:\/\/rdnews.al\/index.php\/wp-json\/wp\/v2\/posts"}],"about":[{"href":"https:\/\/rdnews.al\/index.php\/wp-json\/wp\/v2\/types\/post"}],"author":[{"embeddable":true,"href":"https:\/\/rdnews.al\/index.php\/wp-json\/wp\/v2\/users\/3"}],"replies":[{"embeddable":true,"href":"https:\/\/rdnews.al\/index.php\/wp-json\/wp\/v2\/comments?post=124669"}],"version-history":[{"count":1,"href":"https:\/\/rdnews.al\/index.php\/wp-json\/wp\/v2\/posts\/124669\/revisions"}],"predecessor-version":[{"id":124671,"href":"https:\/\/rdnews.al\/index.php\/wp-json\/wp\/v2\/posts\/124669\/revisions\/124671"}],"wp:featuredmedia":[{"embeddable":true,"href":"https:\/\/rdnews.al\/index.php\/wp-json\/wp\/v2\/media\/124670"}],"wp:attachment":[{"href":"https:\/\/rdnews.al\/index.php\/wp-json\/wp\/v2\/media?parent=124669"}],"wp:term":[{"taxonomy":"category","embeddable":true,"href":"https:\/\/rdnews.al\/index.php\/wp-json\/wp\/v2\/categories?post=124669"},{"taxonomy":"post_tag","embeddable":true,"href":"https:\/\/rdnews.al\/index.php\/wp-json\/wp\/v2\/tags?post=124669"}],"curies":[{"name":"wp","href":"https:\/\/api.w.org\/{rel}","templated":true}]}}