{"id":124672,"date":"2025-10-02T16:37:06","date_gmt":"2025-10-02T16:37:06","guid":{"rendered":"https:\/\/rdnews.al\/?p=124672"},"modified":"2025-10-02T16:37:06","modified_gmt":"2025-10-02T16:37:06","slug":"berisha-publikon-pamje-nga-shembja-e-rruges-qukes-qafe-plloce-u-inaugurua-nga-rama-e-balluku","status":"publish","type":"post","link":"https:\/\/rdnews.al\/index.php\/2025\/10\/02\/berisha-publikon-pamje-nga-shembja-e-rruges-qukes-qafe-plloce-u-inaugurua-nga-rama-e-balluku\/","title":{"rendered":"Berisha publikon pamje nga shembja e rrug\u00ebs Quk\u00ebs-Qaf\u00eb Pllo\u00e7\u00eb, u inaugurua nga Rama e Balluku"},"content":{"rendered":"<p>Kryetari i PD, Sali Berisha ka reaguar p\u00ebr gjendjen e rrug\u00ebs Quk\u00ebs\u2013Qaf\u00eb Pllo\u00e7\u00eb, vet\u00ebm nj\u00eb muaj pas inaugurimit t\u00eb saj me buj\u00eb nga kryeministri Edi Rama dhe ministrja Belinda Balluku.<\/p>\n<p>P\u00ebrmes nj\u00eb postimi n\u00eb rrjete sociale, Berisha ka publikuar nj\u00eb foto nga ceremonia e inaugurimit, ku shfaqen Rama dhe Balluku duke promovuar p\u00ebrfundimin e rrug\u00ebs. N\u00eb t\u00eb nj\u00ebjtin postim, ai ka ndar\u00eb edhe nj\u00eb foto tjet\u00ebr ku duket nj\u00eb segment i rrug\u00ebs i d\u00ebmtuar nga rr\u00ebshqitjet e dheut.<\/p>\n<p>Ai akuzon qeverin\u00eb p\u00ebr korrupsion dhe p\u00ebr p\u00ebrdorimin e projekteve infrastrukturore si fasad\u00eb propagandistike, nd\u00ebrsa realiteti n\u00eb terren tregon nj\u00eb histori tjet\u00ebr.<\/p>\n<p>M\u00ebsohet se aktualisht nga shembja e masivit shk\u00ebmbor \u00ebsht\u00eb bllokuar nj\u00eb prej tre korsive t\u00eb segmentit rrugor, nd\u00ebrsa rr\u00ebshqitja e gur\u00ebve dhe dherave vijon.<\/p>\n<p>Rruga Quk\u00ebs\u2013Qaf\u00eb Pllo\u00e7\u00eb ka qen\u00eb nj\u00eb nga projektet m\u00eb t\u00eb gjata dhe t\u00eb kontestuara infrastrukturore n\u00eb vend, nd\u00ebrtimi i s\u00eb cil\u00ebs zgjati 14 vjet dhe u kushtoi shqiptar\u00ebve 260 milion\u00eb euro.<\/p>\n<p><iframe loading=\"lazy\" src=\"https:\/\/www.facebook.com\/plugins\/post.php?href=https%3A%2F%2Fwww.facebook.com%2FSaliBerisha%2Fposts%2Fpfbid06ddhKmKwPa2d3s13b16uS58DwuymmGRLftQofrSKoJWZvgTDH2eK3VZA7rw4qC8Yl&amp;show_text=true&amp;width=500\" width=\"500\" height=\"590\" frameborder=\"0\" scrolling=\"no\" allowfullscreen=\"allowfullscreen\" data-mce-fragment=\"1\"><\/iframe><\/p>\n<div class=\"jeg_ad jeg_ad_article jnews_content_inline_3_ads  \">\n<div class=\"ads-wrapper align-center \">\n<div class=\"ads_code\">\n<div class=\"desktopi\" align=\"center\"><\/div>\n<\/div>\n<\/div>\n<\/div>\n","protected":false},"excerpt":{"rendered":"<p>Kryetari i PD, Sali Berisha ka reaguar p\u00ebr gjendjen e rrug\u00ebs Quk\u00ebs\u2013Qaf\u00eb Pllo\u00e7\u00eb, vet\u00ebm nj\u00eb muaj pas inaugurimit t\u00eb saj me buj\u00eb nga kryeministri Edi Rama dhe ministrja Belinda Balluku. P\u00ebrmes nj\u00eb postimi n\u00eb rrjete sociale, Berisha ka publikuar nj\u00eb foto nga ceremonia e inaugurimit, ku shfaqen Rama dhe Balluku duke promovuar p\u00ebrfundimin e rrug\u00ebs. &hellip;<\/p>\n","protected":false},"author":4,"featured_media":124673,"comment_status":"closed","ping_status":"closed","sticky":false,"template":"","format":"standard","meta":{"footnotes":""},"categories":[37],"tags":[],"class_list":["post-124672","post","type-post","status-publish","format-standard","has-post-thumbnail","","category-politike"],"_links":{"self":[{"href":"https:\/\/rdnews.al\/index.php\/wp-json\/wp\/v2\/posts\/124672","targetHints":{"allow":["GET"]}}],"collection":[{"href":"https:\/\/rdnews.al\/index.php\/wp-json\/wp\/v2\/posts"}],"about":[{"href":"https:\/\/rdnews.al\/index.php\/wp-json\/wp\/v2\/types\/post"}],"author":[{"embeddable":true,"href":"https:\/\/rdnews.al\/index.php\/wp-json\/wp\/v2\/users\/4"}],"replies":[{"embeddable":true,"href":"https:\/\/rdnews.al\/index.php\/wp-json\/wp\/v2\/comments?post=124672"}],"version-history":[{"count":1,"href":"https:\/\/rdnews.al\/index.php\/wp-json\/wp\/v2\/posts\/124672\/revisions"}],"predecessor-version":[{"id":124674,"href":"https:\/\/rdnews.al\/index.php\/wp-json\/wp\/v2\/posts\/124672\/revisions\/124674"}],"wp:featuredmedia":[{"embeddable":true,"href":"https:\/\/rdnews.al\/index.php\/wp-json\/wp\/v2\/media\/124673"}],"wp:attachment":[{"href":"https:\/\/rdnews.al\/index.php\/wp-json\/wp\/v2\/media?parent=124672"}],"wp:term":[{"taxonomy":"category","embeddable":true,"href":"https:\/\/rdnews.al\/index.php\/wp-json\/wp\/v2\/categories?post=124672"},{"taxonomy":"post_tag","embeddable":true,"href":"https:\/\/rdnews.al\/index.php\/wp-json\/wp\/v2\/tags?post=124672"}],"curies":[{"name":"wp","href":"https:\/\/api.w.org\/{rel}","templated":true}]}}