{"id":124688,"date":"2025-10-02T18:55:29","date_gmt":"2025-10-02T18:55:29","guid":{"rendered":"https:\/\/rdnews.al\/?p=124688"},"modified":"2025-10-02T18:55:29","modified_gmt":"2025-10-02T18:55:29","slug":"vritet-me-thike-nje-50-vjecar-ne-tirane","status":"publish","type":"post","link":"https:\/\/rdnews.al\/index.php\/2025\/10\/02\/vritet-me-thike-nje-50-vjecar-ne-tirane\/","title":{"rendered":"Vritet me thik\u00eb nj\u00eb 50 vje\u00e7ar n\u00eb Tiran\u00eb"},"content":{"rendered":"<p>Nj\u00eb person \u00ebsht\u00eb gjetur pa shenja jete mbr\u00ebmjen e k\u00ebsaj t\u00eb enjte, rreth or\u00ebs 20:10, n\u00eb zon\u00ebn e Babrrus\u00eb n\u00eb Kam\u00ebz.<\/p>\n<p>Policia raporton se nga kqyrja paraprake, n\u00eb trupin e viktim\u00ebs \u00ebsht\u00eb konstatura nj\u00eb plag\u00eb e sjhkaktuar me mjet prer\u00eb, ku dyshohet si ai \u00ebsht\u00eb vrar\u00eb me thik\u00eb.<\/p>\n<p>Ende nuk dihet identiteti i viktim\u00ebs, teksa b\u00ebhet fjal\u00eb p\u00ebr nj\u00eb burr\u00eb rreth 50 vje\u00e7. Trupi i pajet\u00eb do t\u00eb d\u00ebrgohet n\u00eb morgun e Tiran\u00ebs, ku do t\u00eb kryehet ekspertiza mjeko-ligjore p\u00ebr t\u00eb p\u00ebrcaktuar shkakun e sakt\u00eb.<\/p>\n<p>Policia thot\u00eb se grupi hetimor ndodhet n\u00eb vendngjarje dhe po punon p\u00ebr identifikimin e viktim\u00ebs, kapjen e autorit si dhe sqarimin e rrethanave dhe dokumentimin e plot\u00eb t\u00eb rastit.<\/p>\n","protected":false},"excerpt":{"rendered":"<p>Nj\u00eb person \u00ebsht\u00eb gjetur pa shenja jete mbr\u00ebmjen e k\u00ebsaj t\u00eb enjte, rreth or\u00ebs 20:10, n\u00eb zon\u00ebn e Babrrus\u00eb n\u00eb Kam\u00ebz. Policia raporton se nga kqyrja paraprake, n\u00eb trupin e viktim\u00ebs \u00ebsht\u00eb konstatura nj\u00eb plag\u00eb e sjhkaktuar me mjet prer\u00eb, ku dyshohet si ai \u00ebsht\u00eb vrar\u00eb me thik\u00eb. Ende nuk dihet identiteti i viktim\u00ebs, teksa &hellip;<\/p>\n","protected":false},"author":4,"featured_media":85982,"comment_status":"closed","ping_status":"closed","sticky":false,"template":"","format":"standard","meta":{"footnotes":""},"categories":[37],"tags":[],"class_list":["post-124688","post","type-post","status-publish","format-standard","has-post-thumbnail","","category-politike"],"_links":{"self":[{"href":"https:\/\/rdnews.al\/index.php\/wp-json\/wp\/v2\/posts\/124688","targetHints":{"allow":["GET"]}}],"collection":[{"href":"https:\/\/rdnews.al\/index.php\/wp-json\/wp\/v2\/posts"}],"about":[{"href":"https:\/\/rdnews.al\/index.php\/wp-json\/wp\/v2\/types\/post"}],"author":[{"embeddable":true,"href":"https:\/\/rdnews.al\/index.php\/wp-json\/wp\/v2\/users\/4"}],"replies":[{"embeddable":true,"href":"https:\/\/rdnews.al\/index.php\/wp-json\/wp\/v2\/comments?post=124688"}],"version-history":[{"count":1,"href":"https:\/\/rdnews.al\/index.php\/wp-json\/wp\/v2\/posts\/124688\/revisions"}],"predecessor-version":[{"id":124689,"href":"https:\/\/rdnews.al\/index.php\/wp-json\/wp\/v2\/posts\/124688\/revisions\/124689"}],"wp:featuredmedia":[{"embeddable":true,"href":"https:\/\/rdnews.al\/index.php\/wp-json\/wp\/v2\/media\/85982"}],"wp:attachment":[{"href":"https:\/\/rdnews.al\/index.php\/wp-json\/wp\/v2\/media?parent=124688"}],"wp:term":[{"taxonomy":"category","embeddable":true,"href":"https:\/\/rdnews.al\/index.php\/wp-json\/wp\/v2\/categories?post=124688"},{"taxonomy":"post_tag","embeddable":true,"href":"https:\/\/rdnews.al\/index.php\/wp-json\/wp\/v2\/tags?post=124688"}],"curies":[{"name":"wp","href":"https:\/\/api.w.org\/{rel}","templated":true}]}}