{"id":12469,"date":"2022-05-16T11:30:41","date_gmt":"2022-05-16T11:30:41","guid":{"rendered":"https:\/\/rdnews.al\/?p=12469"},"modified":"2022-05-16T11:30:41","modified_gmt":"2022-05-16T11:30:41","slug":"komisioni-i-organizimit-miraton-fleten-e-votimit-per-zgjedhjen-e-kryetarit-te-pd","status":"publish","type":"post","link":"https:\/\/rdnews.al\/index.php\/2022\/05\/16\/komisioni-i-organizimit-miraton-fleten-e-votimit-per-zgjedhjen-e-kryetarit-te-pd\/","title":{"rendered":"Komisioni i Organizimit miraton flet\u00ebn e votimit p\u00ebr zgjedhjen e kryetarit t\u00eb PD"},"content":{"rendered":"<p><strong>Njoftim i Komisionit t\u00eb Organizimit dhe Kontrollit t\u00eb Operacioneve Elektorale n\u00eb<\/strong><\/p>\n<p><strong>Partin\u00eb Demokratike<\/strong><\/p>\n<p>MIRATIMI I FLET\u00cbS S\u00cb VOTIMIT P\u00cbR KRYETAR T\u00cb PD<\/p>\n<p>Komisioni i Organizimit dhe Kontrollit t\u00eb Operacioneve Elektorale, njofton se n\u00eb mbledhjen e dat\u00ebs 16.05.2022, ora 11.30, u hodh shorti p\u00ebr renditjen e kandidat\u00ebve n\u00eb flet\u00ebn e votimit, n\u00eb prezenc\u00eb t\u00eb p\u00ebrfaq\u00ebsuesve t\u00eb tyre.<\/p>\n<p>Pas hedhjes s\u00eb shortit, renditja e emrave n\u00eb flet\u00ebn e votimit \u00ebsht\u00eb:<\/p>\n<ol>\n<li>Sali Berisha<\/li>\n<li>Ibsen Elezi<\/li>\n<\/ol>\n<p>Komisioni do njoftoj\u00eb n\u00eb vijim kalendarin e takimeve t\u00eb dy kandidat\u00ebve p\u00ebr dit\u00ebn e mart\u00eb dt 17 maj 2022.<\/p>\n","protected":false},"excerpt":{"rendered":"<p>Njoftim i Komisionit t\u00eb Organizimit dhe Kontrollit t\u00eb Operacioneve Elektorale n\u00eb Partin\u00eb Demokratike MIRATIMI I FLET\u00cbS S\u00cb VOTIMIT P\u00cbR KRYETAR T\u00cb PD Komisioni i Organizimit dhe Kontrollit t\u00eb Operacioneve Elektorale, njofton se n\u00eb mbledhjen e dat\u00ebs 16.05.2022, ora 11.30, u hodh shorti p\u00ebr renditjen e kandidat\u00ebve n\u00eb flet\u00ebn e votimit, n\u00eb prezenc\u00eb t\u00eb p\u00ebrfaq\u00ebsuesve t\u00eb &hellip;<\/p>\n","protected":false},"author":4,"featured_media":10219,"comment_status":"open","ping_status":"open","sticky":false,"template":"","format":"standard","meta":{"footnotes":""},"categories":[37],"tags":[],"class_list":["post-12469","post","type-post","status-publish","format-standard","has-post-thumbnail","","category-politike"],"_links":{"self":[{"href":"https:\/\/rdnews.al\/index.php\/wp-json\/wp\/v2\/posts\/12469","targetHints":{"allow":["GET"]}}],"collection":[{"href":"https:\/\/rdnews.al\/index.php\/wp-json\/wp\/v2\/posts"}],"about":[{"href":"https:\/\/rdnews.al\/index.php\/wp-json\/wp\/v2\/types\/post"}],"author":[{"embeddable":true,"href":"https:\/\/rdnews.al\/index.php\/wp-json\/wp\/v2\/users\/4"}],"replies":[{"embeddable":true,"href":"https:\/\/rdnews.al\/index.php\/wp-json\/wp\/v2\/comments?post=12469"}],"version-history":[{"count":0,"href":"https:\/\/rdnews.al\/index.php\/wp-json\/wp\/v2\/posts\/12469\/revisions"}],"wp:featuredmedia":[{"embeddable":true,"href":"https:\/\/rdnews.al\/index.php\/wp-json\/wp\/v2\/media\/10219"}],"wp:attachment":[{"href":"https:\/\/rdnews.al\/index.php\/wp-json\/wp\/v2\/media?parent=12469"}],"wp:term":[{"taxonomy":"category","embeddable":true,"href":"https:\/\/rdnews.al\/index.php\/wp-json\/wp\/v2\/categories?post=12469"},{"taxonomy":"post_tag","embeddable":true,"href":"https:\/\/rdnews.al\/index.php\/wp-json\/wp\/v2\/tags?post=12469"}],"curies":[{"name":"wp","href":"https:\/\/api.w.org\/{rel}","templated":true}]}}