{"id":124690,"date":"2025-10-02T18:59:09","date_gmt":"2025-10-02T18:59:09","guid":{"rendered":"https:\/\/rdnews.al\/?p=124690"},"modified":"2025-10-02T18:59:09","modified_gmt":"2025-10-02T18:59:09","slug":"balluku-merr-ne-administrim-edhe-transportin-publik","status":"publish","type":"post","link":"https:\/\/rdnews.al\/index.php\/2025\/10\/02\/balluku-merr-ne-administrim-edhe-transportin-publik\/","title":{"rendered":"Balluku merr n\u00eb administrim edhe transportin publik"},"content":{"rendered":"<p>Transporti publik nuk do t\u00eb jet\u00eb m\u00eb n\u00eb var\u00ebsi t\u00eb bashkive, por nga shtatori i vitit 2026, autobus\u00ebt bashk\u00eb me hap\u00ebsir\u00ebn ku do t\u00eb parkohen dhe biletat t\u00eb cilat pritet t\u00eb jen\u00eb elektronike do t\u00eb administrohen nga Ministria e Infrastruktur\u00ebs, e drejtuar aktualisht nga Belinda Balluku.<\/p>\n<p>K\u00ebshilli i Ministrave ka miratuar n\u00eb mbledhjen e t\u00eb m\u00ebrkur\u00ebs ngritjen e shoq\u00ebris\u00eb \u201cMobAI\u201d e cila do t\u00eb jet\u00eb me kapital 100 p\u00ebr qind shtet\u00ebror.<\/p>\n<p>\u201cShoq\u00ebria \u201cMobAl\u201d, sh.a., ka si objekt t\u00eb veprimtaris\u00eb operimin e sh\u00ebrbimit t\u00eb transportit publik rrugor t\u00eb udh\u00ebtar\u00ebve, p\u00ebrfshir\u00eb destinacionet turistike; operimin e sh\u00ebrbimeve t\u00eb rregullta t\u00eb specializuara t\u00eb transportit t\u00eb udh\u00ebtar\u00ebve p\u00ebrfshir\u00eb transportin e nx\u00ebn\u00ebsve dhe t\u00eb punonj\u00ebsve arsimor\u00eb; ark\u00ebtimin e tarif\u00ebs s\u00eb biletave n\u00eb m\u00ebnyr\u00eb fizike ose elektronike dhe krijimin ose sigurimin e sistemeve e t\u00eb aplikacioneve elektronike p\u00ebr menaxhimin, informacionin dhe monitorimin e sh\u00ebrbimeve t\u00eb transportit publik rrugor t\u00eb udh\u00ebtar\u00ebve.\u201d\u00a0\u2013 thuhet n\u00eb vendimin e Qeveris\u00eb.<\/p>\n<p>Shoq\u00ebria e re do t\u00eb operoj\u00eb si nj\u00eb struktur\u00eb publike, n\u00ebn var\u00ebsin\u00eb e Ministris\u00eb s\u00eb Infrastruktur\u00ebs dhe Energjis\u00eb, e cila do t\u00eb p\u00ebrfaq\u00ebsoj\u00eb shtetin si aksionar i vet\u00ebm. Kapitali fillestar prej 10 milion\u00eb lek\u00ebsh do t\u00eb transferohet nga buxheti i ministris\u00eb, nd\u00ebrsa \u201cMobAl\u201d m\u00eb pas do t\u00eb funksionoj\u00eb me vet\u00ebfinancim.<\/p>\n<p>\u201cBurimi i t\u00eb ardhurave t\u00eb shoq\u00ebris\u00eb \u201cMobAl\u201d jan\u00eb t\u00eb ardhura nga ark\u00ebtimi i tarif\u00ebs s\u00eb bilet\u00ebs; t\u00eb ardhura nga tarifa vjetore, q\u00eb p\u00ebrftohet nga subjektet q\u00eb kryejn\u00eb sh\u00ebrbimin e operimit t\u00eb sh\u00ebrbimeve t\u00eb transportit publik rrugor; \u00a0t\u00eb ardhura t\u00eb tjera t\u00eb ligjshme, t\u00eb cilat vijn\u00eb nga kryerja e veprimtarive sipas pik\u00ebs 7, t\u00eb k\u00ebtij vendimi dhe grantet, huat\u00eb, subvencionet\u201d , thuhet n\u00eb vendimin e Qeveris\u00eb.<\/p>\n<p>Sipas vendimit, shoq\u00ebria \u201cMobAl\u201d, sh.a., mund t\u00eb ofroj\u00eb sh\u00ebrbime t\u00eb tjera shtes\u00eb p\u00ebr subjekte publike dhe private, n\u00eb p\u00ebrputhje me q\u00ebllimin e krijimit, fush\u00ebn e veprimtaris\u00eb dhe statutin e saj.<\/p>\n","protected":false},"excerpt":{"rendered":"<p>Transporti publik nuk do t\u00eb jet\u00eb m\u00eb n\u00eb var\u00ebsi t\u00eb bashkive, por nga shtatori i vitit 2026, autobus\u00ebt bashk\u00eb me hap\u00ebsir\u00ebn ku do t\u00eb parkohen dhe biletat t\u00eb cilat pritet t\u00eb jen\u00eb elektronike do t\u00eb administrohen nga Ministria e Infrastruktur\u00ebs, e drejtuar aktualisht nga Belinda Balluku. K\u00ebshilli i Ministrave ka miratuar n\u00eb mbledhjen e t\u00eb &hellip;<\/p>\n","protected":false},"author":4,"featured_media":124691,"comment_status":"closed","ping_status":"closed","sticky":false,"template":"","format":"standard","meta":{"footnotes":""},"categories":[37],"tags":[],"class_list":["post-124690","post","type-post","status-publish","format-standard","has-post-thumbnail","","category-politike"],"_links":{"self":[{"href":"https:\/\/rdnews.al\/index.php\/wp-json\/wp\/v2\/posts\/124690","targetHints":{"allow":["GET"]}}],"collection":[{"href":"https:\/\/rdnews.al\/index.php\/wp-json\/wp\/v2\/posts"}],"about":[{"href":"https:\/\/rdnews.al\/index.php\/wp-json\/wp\/v2\/types\/post"}],"author":[{"embeddable":true,"href":"https:\/\/rdnews.al\/index.php\/wp-json\/wp\/v2\/users\/4"}],"replies":[{"embeddable":true,"href":"https:\/\/rdnews.al\/index.php\/wp-json\/wp\/v2\/comments?post=124690"}],"version-history":[{"count":1,"href":"https:\/\/rdnews.al\/index.php\/wp-json\/wp\/v2\/posts\/124690\/revisions"}],"predecessor-version":[{"id":124692,"href":"https:\/\/rdnews.al\/index.php\/wp-json\/wp\/v2\/posts\/124690\/revisions\/124692"}],"wp:featuredmedia":[{"embeddable":true,"href":"https:\/\/rdnews.al\/index.php\/wp-json\/wp\/v2\/media\/124691"}],"wp:attachment":[{"href":"https:\/\/rdnews.al\/index.php\/wp-json\/wp\/v2\/media?parent=124690"}],"wp:term":[{"taxonomy":"category","embeddable":true,"href":"https:\/\/rdnews.al\/index.php\/wp-json\/wp\/v2\/categories?post=124690"},{"taxonomy":"post_tag","embeddable":true,"href":"https:\/\/rdnews.al\/index.php\/wp-json\/wp\/v2\/tags?post=124690"}],"curies":[{"name":"wp","href":"https:\/\/api.w.org\/{rel}","templated":true}]}}