{"id":124694,"date":"2025-10-02T19:57:31","date_gmt":"2025-10-02T19:57:31","guid":{"rendered":"https:\/\/rdnews.al\/?p=124694"},"modified":"2025-10-02T19:57:31","modified_gmt":"2025-10-02T19:57:31","slug":"ironia-e-rames-me-presidentin-trump-lubonja-mund-te-kete-pasoja-politike","status":"publish","type":"post","link":"https:\/\/rdnews.al\/index.php\/2025\/10\/02\/ironia-e-rames-me-presidentin-trump-lubonja-mund-te-kete-pasoja-politike\/","title":{"rendered":"Ironia e Ram\u00ebs me presidentin Trump, Lubonja: Mund t\u00eb ket\u00eb pasoja politike!"},"content":{"rendered":"<p>Analisti Fatos Lubonja ka komentuar ironin\u00eb e kryeministrit Edi Rama drejtuar president\u00ebve Macron dhe Aliyev, n\u00eb lidhje me ngat\u00ebrrimin e emrave Shqip\u00ebri\u2013Armeni nga presidenti amerikan Donald Trump.<\/p>\n<p>Lubonja e sheh reagimin e Macron-it si t\u00eb matur, nd\u00ebrsa batut\u00ebn e Ram\u00ebs si nj\u00eb veprim q\u00eb mund t\u00eb lexohet n\u00eb disa m\u00ebnyra.<\/p>\n<p>Sipas Lubonj\u00ebs, kjo mund t\u00eb ket\u00eb qen\u00eb nj\u00eb shaka spontane pa reflektuar p\u00ebr pasojat politike, ose nj\u00eb sinjal i q\u00ebllimsh\u00ebm p\u00ebr t\u00eb k\u00ebrkuar mb\u00ebshtetje nga Evropa p\u00ebrball\u00eb nj\u00eb marr\u00ebdh\u00ebnieje t\u00eb ftohur me SHBA-n\u00eb.<\/p>\n<p>\u201cPo t\u00eb shikosh reagimin e Macron, q\u00eb \u00ebsht\u00eb president i Franc\u00ebs, nj\u00eb shtet me pesh\u00eb te madhe, ai qeshi pak nuk qeshi shum\u00eb, nuk e ushqeu. Mund t\u00eb konsiderohet nj\u00eb guxim i madh i nj\u00eb shteti t\u00eb vog\u00ebl, po nj\u00eb lider i madh i nj\u00eb shteti t\u00eb vog\u00ebl q\u00eb b\u00ebn k\u00ebt\u00eb batut\u00eb, nd\u00ebrsa kemi nj\u00eb vend q\u00eb vasalitetin e vet ndaj SHBA e ka t\u00eb theksuar.<\/p>\n<p>Kjo ishte nj\u00eb batut\u00eb q\u00eb nganj\u00ebher\u00eb i shp\u00ebton nga batuta pa e peshuar politikisht se \u00e7far\u00eb pasojash mund t\u00eb ket\u00eb. Ose mund ta interpretojm\u00eb si hall me Trump dhe\u00a0 ndihm\u00eb nga Evropa. Un\u00eb mbetem i hapur, nuk mund ta interpretoj.<\/p>\n<p>Duket se opozita k\u00ebt\u00eb si kart\u00ebn e fundit q\u00eb i ka mbetur. \u00cbsht\u00eb paradoksale q\u00eb t\u00eb t\u00eb shp\u00ebtoj\u00eb Trump nga Edi Rama, \u00ebsht\u00eb nj\u00eb e papritur e madhe q\u00eb mund t\u00eb na ler\u00eb me goj\u00eb hapur\u201d.<\/p>\n","protected":false},"excerpt":{"rendered":"<p>Analisti Fatos Lubonja ka komentuar ironin\u00eb e kryeministrit Edi Rama drejtuar president\u00ebve Macron dhe Aliyev, n\u00eb lidhje me ngat\u00ebrrimin e emrave Shqip\u00ebri\u2013Armeni nga presidenti amerikan Donald Trump. Lubonja e sheh reagimin e Macron-it si t\u00eb matur, nd\u00ebrsa batut\u00ebn e Ram\u00ebs si nj\u00eb veprim q\u00eb mund t\u00eb lexohet n\u00eb disa m\u00ebnyra. Sipas Lubonj\u00ebs, kjo mund t\u00eb &hellip;<\/p>\n","protected":false},"author":4,"featured_media":124654,"comment_status":"closed","ping_status":"closed","sticky":false,"template":"","format":"standard","meta":{"footnotes":""},"categories":[37],"tags":[],"class_list":["post-124694","post","type-post","status-publish","format-standard","has-post-thumbnail","","category-politike"],"_links":{"self":[{"href":"https:\/\/rdnews.al\/index.php\/wp-json\/wp\/v2\/posts\/124694","targetHints":{"allow":["GET"]}}],"collection":[{"href":"https:\/\/rdnews.al\/index.php\/wp-json\/wp\/v2\/posts"}],"about":[{"href":"https:\/\/rdnews.al\/index.php\/wp-json\/wp\/v2\/types\/post"}],"author":[{"embeddable":true,"href":"https:\/\/rdnews.al\/index.php\/wp-json\/wp\/v2\/users\/4"}],"replies":[{"embeddable":true,"href":"https:\/\/rdnews.al\/index.php\/wp-json\/wp\/v2\/comments?post=124694"}],"version-history":[{"count":1,"href":"https:\/\/rdnews.al\/index.php\/wp-json\/wp\/v2\/posts\/124694\/revisions"}],"predecessor-version":[{"id":124695,"href":"https:\/\/rdnews.al\/index.php\/wp-json\/wp\/v2\/posts\/124694\/revisions\/124695"}],"wp:featuredmedia":[{"embeddable":true,"href":"https:\/\/rdnews.al\/index.php\/wp-json\/wp\/v2\/media\/124654"}],"wp:attachment":[{"href":"https:\/\/rdnews.al\/index.php\/wp-json\/wp\/v2\/media?parent=124694"}],"wp:term":[{"taxonomy":"category","embeddable":true,"href":"https:\/\/rdnews.al\/index.php\/wp-json\/wp\/v2\/categories?post=124694"},{"taxonomy":"post_tag","embeddable":true,"href":"https:\/\/rdnews.al\/index.php\/wp-json\/wp\/v2\/tags?post=124694"}],"curies":[{"name":"wp","href":"https:\/\/api.w.org\/{rel}","templated":true}]}}