{"id":12471,"date":"2022-05-16T11:39:54","date_gmt":"2022-05-16T11:39:54","guid":{"rendered":"https:\/\/rdnews.al\/?p=12471"},"modified":"2022-05-16T11:39:54","modified_gmt":"2022-05-16T11:39:54","slug":"video-veliaj-pritet-me-protesta-ne-shba-drejtesi-per-ardit-gjoklajn","status":"publish","type":"post","link":"https:\/\/rdnews.al\/index.php\/2022\/05\/16\/video-veliaj-pritet-me-protesta-ne-shba-drejtesi-per-ardit-gjoklajn\/","title":{"rendered":"Video\/ Veliaj pritet me protesta n\u00eb SHBA: Drejt\u00ebsi p\u00ebr Ardit Gjoklajn!"},"content":{"rendered":"<p>Kryebashkiaku i Tiran\u00ebs, Erion Veliaj \u00ebsht\u00eb pritur me protesta nga dhjet\u00ebra shqiptar\u00eb gjat\u00eb vizit\u00ebs s\u00eb tij n\u00eb SHBA. Pavar\u00ebsisht fotove q\u00eb dilnin nga zyra e shtypit t\u00eb Bashkis\u00eb se Veliaj ishte pritur nga nj\u00eb s\u00ebr\u00eb personalitetesh, duket se realiteti \u00ebsht\u00eb ndryshe.<\/p>\n<p>Deputeti Belind K\u00eblli\u00e7i, n\u00eb nj\u00eb postim n\u00eb rrjetin social Facebook, ka postuar disa foto dhe video, ku tregon se si u prit kryebashkiaku i Tiran\u00ebs n\u00eb SHBA.<\/p>\n<p>Me pankarta n\u00eb duar, njer\u00ebzit kan\u00eb k\u00ebrkuar drejt\u00ebsi p\u00ebr Ardit Gjoklajn, nd\u00ebrsa deputeti thekson se liria e Veliajt \u00ebsht\u00eb padrejt\u00ebsi dhe se ai duhet t\u00eb ishte sot pas hekurave.<br \/>\n\u201cKjo \u00ebsht\u00eb pritja q\u00eb i rezervuan n\u00eb New York Ndot\u00ebsit t\u00eb Tiran\u00ebs Erion Veliaj!<\/p>\n<p>Ti mund t\u00eb shfaqesh me shum\u00eb fytyra, po kudo qofsh, emri i t\u00eb vrarit Ardit Gjoklaj do t\u00eb t\u00eb ndjek\u00eb nga pas.<\/p>\n<p>Liria jote \u00ebsht\u00eb padrejt\u00ebsi p\u00ebr Arditin. Duhet t\u00eb ishe prapa hekurave, jo n\u00eb New York!\u201d, shkruan K\u00eblli\u00e7i.<\/p>\n<p><iframe loading=\"lazy\" style=\"border: none; overflow: hidden;\" src=\"https:\/\/www.facebook.com\/plugins\/video.php?height=476&amp;href=https%3A%2F%2Fwww.facebook.com%2FBelindKellici.Official%2Fvideos%2F352536703608709%2F&amp;show_text=false&amp;width=269&amp;t=0\" width=\"269\" height=\"476\" frameborder=\"0\" scrolling=\"no\" allowfullscreen=\"allowfullscreen\"><\/iframe><\/p>\n","protected":false},"excerpt":{"rendered":"<p>Kryebashkiaku i Tiran\u00ebs, Erion Veliaj \u00ebsht\u00eb pritur me protesta nga dhjet\u00ebra shqiptar\u00eb gjat\u00eb vizit\u00ebs s\u00eb tij n\u00eb SHBA. Pavar\u00ebsisht fotove q\u00eb dilnin nga zyra e shtypit t\u00eb Bashkis\u00eb se Veliaj ishte pritur nga nj\u00eb s\u00ebr\u00eb personalitetesh, duket se realiteti \u00ebsht\u00eb ndryshe. Deputeti Belind K\u00eblli\u00e7i, n\u00eb nj\u00eb postim n\u00eb rrjetin social Facebook, ka postuar disa foto &hellip;<\/p>\n","protected":false},"author":4,"featured_media":12472,"comment_status":"open","ping_status":"open","sticky":false,"template":"","format":"standard","meta":{"footnotes":""},"categories":[40],"tags":[],"class_list":["post-12471","post","type-post","status-publish","format-standard","has-post-thumbnail","","category-aktualitet"],"_links":{"self":[{"href":"https:\/\/rdnews.al\/index.php\/wp-json\/wp\/v2\/posts\/12471","targetHints":{"allow":["GET"]}}],"collection":[{"href":"https:\/\/rdnews.al\/index.php\/wp-json\/wp\/v2\/posts"}],"about":[{"href":"https:\/\/rdnews.al\/index.php\/wp-json\/wp\/v2\/types\/post"}],"author":[{"embeddable":true,"href":"https:\/\/rdnews.al\/index.php\/wp-json\/wp\/v2\/users\/4"}],"replies":[{"embeddable":true,"href":"https:\/\/rdnews.al\/index.php\/wp-json\/wp\/v2\/comments?post=12471"}],"version-history":[{"count":0,"href":"https:\/\/rdnews.al\/index.php\/wp-json\/wp\/v2\/posts\/12471\/revisions"}],"wp:featuredmedia":[{"embeddable":true,"href":"https:\/\/rdnews.al\/index.php\/wp-json\/wp\/v2\/media\/12472"}],"wp:attachment":[{"href":"https:\/\/rdnews.al\/index.php\/wp-json\/wp\/v2\/media?parent=12471"}],"wp:term":[{"taxonomy":"category","embeddable":true,"href":"https:\/\/rdnews.al\/index.php\/wp-json\/wp\/v2\/categories?post=12471"},{"taxonomy":"post_tag","embeddable":true,"href":"https:\/\/rdnews.al\/index.php\/wp-json\/wp\/v2\/tags?post=12471"}],"curies":[{"name":"wp","href":"https:\/\/api.w.org\/{rel}","templated":true}]}}