{"id":124723,"date":"2025-10-03T10:11:51","date_gmt":"2025-10-03T10:11:51","guid":{"rendered":"https:\/\/rdnews.al\/?p=124723"},"modified":"2025-10-03T10:16:41","modified_gmt":"2025-10-03T10:16:41","slug":"keqperdorimi-i-spak-si-qen-sulmi-i-rames-i-ndersen-spak-un-per-tu-hakmarre-zyrtarit-socialist","status":"publish","type":"post","link":"https:\/\/rdnews.al\/index.php\/2025\/10\/03\/keqperdorimi-i-spak-si-qen-sulmi-i-rames-i-ndersen-spak-un-per-tu-hakmarre-zyrtarit-socialist\/","title":{"rendered":"Keqp\u00ebrdorimi i SPAK si qen sulmi i Ram\u00ebs\/ I nd\u00ebrsen SPAK-un p\u00ebr t&#8217;u hakmarr\u00eb zyrtarit socialist"},"content":{"rendered":"<div class=\"xdj266r x14z9mp xat24cr x1lziwak x1vvkbs x126k92a\">\n<div dir=\"auto\">\n<p><strong>\u201cKristian mos luaj me dy porta\u201d. Ky ishte paralajm\u00ebrimi q\u00eb i b\u00ebri Rama n\u00eb fushat\u00ebn e zgjedhjeve t\u00eb 11 majit Kryebashkiakut socialist t\u00eb Vaut t\u00eb Dej\u00ebs gjat\u00eb nj\u00eb takimi elektoral. Deklarata e Ram\u00ebs u kap nga mediat n\u00eb at\u00eb koh\u00eb dhe u kometua se porta tjet\u00ebr e Kristian ishte Tom Doshi. 4 muaj pas zgjedhjeve Rama i ka nd\u00ebrsyer SPAK-un kryebashkiakut t\u00eb tij p\u00ebr t\u00eb hakmarr\u00eb ndaj tij. Kjo \u00ebsht\u00eb nj\u00eb luft\u00eb brenda PS dhe SPAK s\u00ebrish identifikohet si zagari i Ram\u00ebs.<\/strong><\/p>\n<p><strong>Lajmi nga zyrat e SPAK<\/strong><\/p>\n<p>SPAK ka marr\u00eb zyrtarisht t\u00eb pandehur sot kryebashkiakun socialist t\u00eb Vaut t\u00eb Dej\u00ebs, Kristian Shkreli, i akuzuar p\u00ebr korrupsion n\u00eb zgjedhje n\u00eb favor t\u00eb Partis\u00eb Socialdemokrate t\u00eb Tom Doshit.<\/p>\n<\/div>\n<\/div>\n<div class=\"x14z9mp xat24cr x1lziwak x1vvkbs xtlvy1s x126k92a\">\n<div dir=\"auto\">Hetimet e Prokuroris\u00eb s\u00eb Posa\u00e7me kan\u00eb nisur q\u00eb para zgjedhjeve t\u00eb 11 majit, kur n\u00eb zyr\u00ebn e Shkrelit u kryen kontrolle dhe me vendim t\u00eb GJKKO-s\u00eb iu sekuestrua telefoni celular. Sipas SPAK, kryebashkiaku dyshohet se \u00ebsht\u00eb p\u00ebrfshir\u00eb n\u00eb skema t\u00eb shitblerjes s\u00eb vot\u00ebs n\u00eb qarkun e Shkodr\u00ebs, duke mb\u00ebshtetur kandidat\u00eb t\u00eb PSD-s\u00eb.<\/div>\n<\/div>\n<div class=\"x14z9mp xat24cr x1lziwak x1vvkbs xtlvy1s x126k92a\">\n<div dir=\"auto\">Burime nga hetimi b\u00ebjn\u00eb me dije se p\u00ebrve\u00e7 Shkrelit, n\u00ebn hetim jan\u00eb edhe tre persona t\u00eb tjer\u00eb t\u00eb lidhur me t\u00eb nj\u00ebjt\u00ebn afer\u00eb. Po ashtu, jan\u00eb sekuestruar celular\u00ebt e disa eksponent\u00ebve t\u00eb PSD-s\u00eb, q\u00eb dyshohet se kan\u00eb bashk\u00ebpunuar n\u00eb veprimtarin\u00eb kriminale.<\/div>\n<\/div>\n<div class=\"x14z9mp xat24cr x1lziwak x1vvkbs xtlvy1s x126k92a\">\n<div dir=\"auto\">Kryebashkiaku u paraqit sot n\u00eb SPAK, ku iu komunikua zyrtarisht akuza p\u00ebr korrupsion zgjedhor. Rasti i tij ka qen\u00eb objekt i kritikave t\u00eb hapura edhe nga kryeministri Edi Rama, i cili nj\u00eb jav\u00eb para votimeve e paralajm\u00ebroi publikisht me fjal\u00ebt: \u201cKristian, mos luaj me dy porta Kristian.\u201d<\/div>\n<\/div>\n","protected":false},"excerpt":{"rendered":"<p>\u201cKristian mos luaj me dy porta\u201d. Ky ishte paralajm\u00ebrimi q\u00eb i b\u00ebri Rama n\u00eb fushat\u00ebn e zgjedhjeve t\u00eb 11 majit Kryebashkiakut socialist t\u00eb Vaut t\u00eb Dej\u00ebs gjat\u00eb nj\u00eb takimi elektoral. Deklarata e Ram\u00ebs u kap nga mediat n\u00eb at\u00eb koh\u00eb dhe u kometua se porta tjet\u00ebr e Kristian ishte Tom Doshi. 4 muaj pas zgjedhjeve &hellip;<\/p>\n","protected":false},"author":3,"featured_media":124724,"comment_status":"closed","ping_status":"closed","sticky":false,"template":"","format":"standard","meta":{"footnotes":""},"categories":[37],"tags":[],"class_list":["post-124723","post","type-post","status-publish","format-standard","has-post-thumbnail","","category-politike"],"_links":{"self":[{"href":"https:\/\/rdnews.al\/index.php\/wp-json\/wp\/v2\/posts\/124723","targetHints":{"allow":["GET"]}}],"collection":[{"href":"https:\/\/rdnews.al\/index.php\/wp-json\/wp\/v2\/posts"}],"about":[{"href":"https:\/\/rdnews.al\/index.php\/wp-json\/wp\/v2\/types\/post"}],"author":[{"embeddable":true,"href":"https:\/\/rdnews.al\/index.php\/wp-json\/wp\/v2\/users\/3"}],"replies":[{"embeddable":true,"href":"https:\/\/rdnews.al\/index.php\/wp-json\/wp\/v2\/comments?post=124723"}],"version-history":[{"count":2,"href":"https:\/\/rdnews.al\/index.php\/wp-json\/wp\/v2\/posts\/124723\/revisions"}],"predecessor-version":[{"id":124726,"href":"https:\/\/rdnews.al\/index.php\/wp-json\/wp\/v2\/posts\/124723\/revisions\/124726"}],"wp:featuredmedia":[{"embeddable":true,"href":"https:\/\/rdnews.al\/index.php\/wp-json\/wp\/v2\/media\/124724"}],"wp:attachment":[{"href":"https:\/\/rdnews.al\/index.php\/wp-json\/wp\/v2\/media?parent=124723"}],"wp:term":[{"taxonomy":"category","embeddable":true,"href":"https:\/\/rdnews.al\/index.php\/wp-json\/wp\/v2\/categories?post=124723"},{"taxonomy":"post_tag","embeddable":true,"href":"https:\/\/rdnews.al\/index.php\/wp-json\/wp\/v2\/tags?post=124723"}],"curies":[{"name":"wp","href":"https:\/\/api.w.org\/{rel}","templated":true}]}}