{"id":124732,"date":"2025-10-03T11:17:56","date_gmt":"2025-10-03T11:17:56","guid":{"rendered":"https:\/\/rdnews.al\/?p=124732"},"modified":"2025-10-03T11:17:56","modified_gmt":"2025-10-03T11:17:56","slug":"i-verteti-eshte-rama-ne-video-ne-lidhje-me-talljen-e-presidentin-tramp-falja-eshte-hipokrizi-taktike","status":"publish","type":"post","link":"https:\/\/rdnews.al\/index.php\/2025\/10\/03\/i-verteti-eshte-rama-ne-video-ne-lidhje-me-talljen-e-presidentin-tramp-falja-eshte-hipokrizi-taktike\/","title":{"rendered":"I v\u00ebrteti \u00ebsht\u00eb Rama n\u00eb video n\u00eb lidhje me talljen e presidentin Tramp! Falja \u00ebsht\u00eb hipokrizi taktike"},"content":{"rendered":"<p><strong>Nga\u00a0Ndri\u00e7im KULLA<\/strong><\/p>\n<p>\u00c7do kush do kishte shum\u00eb kurizitet q\u00eb ta shikonte fytyr\u00ebn e liderit global mbas\u00a0 batut\u00ebs s\u00eb batut\u00ebs s\u00eb tij p\u00ebr presidentin Tramp, kur\u00a0 lajmi mori dhen\u00eb dhe u p\u00ebrhap val\u00eb &#8211;\u00a0 val\u00eb n\u00eb t\u00eb gjitha mediat prestigjioze evropian\u00eb dhe bot\u00ebrore.<\/p>\n<p>Z\u00ebmra e tij, e cila\u00a0 rreh nga br\u00ebnda vet\u00ebm si nj\u00eb radikal i majt\u00eb\u00a0 dhe gjithmon\u00eb kryen\u00a0 ritual t\u00eb zbrazt\u00eb q\u00eb i dalin nj\u00eb nga nj\u00eb nga subkoshienca, n\u00ebn instinktin e fort\u00eb t\u00eb frik\u00ebs, jo rralle p\u00ebr siguri, i kthehet\u00a0 filozofis\u00eb s\u00eb aparenc\u00ebs, p\u00ebr tu endur dhe p\u00ebr t\u00eb jetuar p\u00ebrtej s\u00eb majt\u00ebs dhe s\u00eb djatht\u00ebs.<\/p>\n<p>-\u201cB\u00ebra shaka\u201d &#8211; na thot\u00eb mbas nj\u00eb ore i frik\u00ebsuar\u00a0 p\u00ebr tu justifikuar\u00a0 i p\u00ebrgjunjuri evropian\u00a0 i d\u00eblir\u00ebve t\u00eb m\u00ebdha t\u00eb vetvetes, mbasi at\u00eb qes\u00ebndi pa vend t\u00eb cil\u00ebn e b\u00ebri jo p\u00ebr zhelet e ndonj\u00eb prej atyre q\u00eb drejton institucionet e kapura t\u00eb\u00a0 pushtetit, por p\u00ebr presidentin e SHBA.<\/p>\n<p>Po a mund t\u00eb ket\u00eb vler\u00eb kjo m\u00ebnyr\u00eb p\u00ebrg\u00ebnjeshtrimi?!<\/p>\n<p>Asgj\u00eb nuk ndryshon. Falja e tij \u00ebsht\u00eb hipokrizi taktike. I v\u00ebrteti \u00ebsht\u00eb Edi Rama n\u00eb video n\u00eb lidhje me talljen e presidentit amerikan.<\/p>\n<p>Po ti b\u00ebsh nj\u00eb analiz\u00eb t\u00eb holl\u00ebsishme vendit ku ai ka zgjedhur\u00a0 t\u00eb b\u00ebj shakan\u00eb e tij pa krip, t\u00eb vjen menj\u00ebher\u00eb nd\u00ebrmend\u00a0\u00a0 gjirizi i shoq\u00ebrive t\u00eb tij okulte, si p.sh gjirizi i dasm\u00ebs s\u00eb v\u00ebllait tij t\u00eb vog\u00ebl Aleksit , apo\u00a0 nga gjirizet e shumta me\u00a0\u00a0 McGonigal me t\u00eb cilin shakat\u00eb p\u00ebr shkarkimin e Donald Trampit n\u00eb mandatin\u00a0 e\u00a0 par\u00eb i b\u00ebnin rrug\u00ebve t\u00eb Tiran\u00ebs t\u00eb shoq\u00ebruar nga Yuri Kim, Damian Gjiknuri apo Dorian Du\u00e7ka.<\/p>\n<p>Makthi i pushtetit, (sepse ai llogaridhenies nuk i beson kurr\u00eb), i zgjojn\u00eb dram\u00ebn e talentit t\u00eb d\u00ebshtuar, q\u00eb nuk u b\u00eb dot kurr\u00eb piktor.Impulset e dhun\u00ebn s\u00eb br\u00ebnd\u00ebshme q\u00eb i shp\u00ebrthejn\u00eb nga frika e humbjes s\u00eb pushtetit liderit global\u00a0 , i ngjallin inatet e p\u00ebrditshme politike\u00a0 dhe i shp\u00ebrthejn\u00eb\u00a0 dhun\u00ebn e pa kontrolluar, ku n\u00eb ato \u00e7aste, n\u00eb pa mund\u00ebsi q\u00eb t\u00eb p\u00ebrdor\u00eb\u00a0 forc\u00ebn e pushtetit shp\u00ebrthen me helmin e gjarprit t\u00eb fjal\u00ebs.<\/p>\n<p>Q\u00eb ti je nj\u00eb gomar, Edi Rama, kjo \u00ebsht\u00eb nj\u00eb gj\u00eb q\u00eb duket. Ky ka qen\u00eb nj\u00eb lajtmotiv q\u00eb t\u00eb ka shoq\u00ebruar q\u00eb prej 30 vitesh, e t\u00eb p\u00ebrshtatet fiks sot, kur shikon batut\u00ebn tende t\u00eb sh\u00ebmtuar dhe pa krip\u00eb fare, me t\u00eb cil\u00ebn ke dashur t\u00eb ngat\u00ebrrosh nj\u00eb lapsus t\u00eb presidentit Trump, me nje traktat t\u00eb v\u00ebrtet\u00eb paqeje, mes Armenis\u00eb dhe Azerbajxhanit. Nuk ishte aspak relevant emri, p\u00ebr di\u00e7ka, ku president\u00ebt e dy vendeve q\u00eb e n\u00ebnshkruanin ishin aty prezent. Por egoja jote e fryr\u00eb dhe dallaveraxhije, jo, nuk kap thelbin, p\u00ebrmbajtjen e thell\u00eb t\u00eb luft\u00ebrave t\u00eb tmerrshme q\u00eb k\u00ebto dy vende kan\u00eb kaluar, por do t\u00eb b\u00ebj\u00eb pehlivanin qesharak t\u00eb nj\u00eb gabimi njer\u00ebzor, q\u00eb ska lidhje fare me at\u00eb q\u00eb ti k\u00ebrkon t\u00eb thuash. Ndaj, q\u00eb je i ngrat\u00eb dhe i pafytyr\u00eb, Edi Rama, kjo \u00ebsht\u00eb nj\u00eb gj\u00eb q\u00eb sot u duk qart\u00eb para syve t\u00eb gjith\u00eb bot\u00ebs!<\/p>\n<p>Kur i men\u00e7uri tregon h\u00ebn\u00ebn me gisht, budallai nis t\u00eb analizoj\u00eb gishtin. K\u00ebshtu shkruan Konfuci, dhe duket sikur e ka shkruar bash p\u00ebr ty,\u00a0 p\u00ebr k\u00ebt\u00eb torollakun viral q\u00eb u b\u00ebre sot. Nuk ia ul, kjo shakaja jote trashamane, as edhe nj\u00eb dromc\u00eb meritat e presidentit\u00a0 Trump p\u00ebr paqen, jo vet\u00ebm mes k\u00ebtyre dy vendeve, por edhe mes shum\u00eb t\u00eb tjerave q\u00eb ai ka realizuar, pavar\u00ebsisht nga e qeshura prej bufoni e Makronit, q\u00eb vet\u00eb Trump e ka b\u00ebr\u00eb qesharak e t\u00eb par\u00ebnd\u00ebsish\u00ebm n\u00eb shum\u00eb raste. Ajo i nxin faqen Shqip\u00ebris\u00eb s\u00eb par\u00ebs, dhe pastaj atyre vendeve q\u00eb kishin p\u00ebrfaq\u00ebsuesit e tyre aty. Ajo na b\u00ebn me turp t\u00eb gjith\u00eb ne shqiptar\u00ebt q\u00eb e duam dhe e kemi si yll polar t\u00eb dashuris\u00eb, nderimit dhe respektit, marr\u00ebdh\u00ebnien me popullin amerikan, president i t\u00eb cilit, \u00ebsht\u00eb sot i plebishit-votuar dhe krenar, vet\u00eb presidenti Trump. Ndaj, q\u00eb ti je nj\u00eb kloun i p\u00ebshtir\u00eb, Edi Rama, kjo \u00ebsht\u00eb nj\u00eb gj\u00eb q\u00eb sot iu vu kapaku.<\/p>\n<p>Nuk ke l\u00ebn\u00eb njeri pa u l\u00ebpir\u00eb,pa u gjunj\u00ebzuar , as korridor e sall\u00eb lobimi pa fshir\u00eb me gjuh\u00eb lajkash e parash, madje edhe b&#8230;. e ke nxjerr\u00eb n\u00eb ankand, vet\u00ebm e vet\u00ebm p\u00ebr nj\u00eb takim, qoft\u00eb edhe rast\u00ebsor, pik\u00ebrisht me at\u00eb president, q\u00eb po k\u00ebrkon sot t\u00eb shakatosh. Nuk ia dole e s\u2019do t\u2019ia dal\u00ebsh dot kurr\u00eb, as me para, as me\u00a0 konjuktura e as me zvarritje e l\u00ebpirje, ndaj i frustruar me mllef e gjuh\u00eb urrejtje kapesh pas cik\u00ebrrimave. \u00cbsht\u00eb kompleksi i nj\u00eb njeriu inferior gjer n\u00eb asht, q\u00eb do t\u00eb shfaqet i fort\u00eb, superior, n\u00eb nj\u00eb publik kukullash e arlekin\u00ebsh globalist\u00eb e sorosian\u00eb. Se vet\u00ebm aty mund t\u00eb t\u00eb l\u00ebn\u00eb ti l\u00ebviz\u00ebsh fijet padron\u00ebt. Ne, shqiptar\u00ebt q\u00eb jemi njer\u00ebz t\u00eb lir\u00eb, nuk k\u00ebrkojm\u00eb protagoniz\u00ebm, nuk flasim kur s&#8217;na takon, nuk ngrihemi e ngjitemi n\u00eb sken\u00eb kur s&#8217;na duhet, vet\u00ebm p\u00ebr t\u00eb bro\u00e7kullitur di\u00e7ka t\u00eb pap\u00ebrfillshme.<\/p>\n<p>Ndaj, q\u00eb je dhe qenia m\u00eb mosmir\u00ebnjoh\u00ebse, m\u00eb anti-shqiptare, Edi Rama, kjo u duk sot n\u00eb dit\u00ebn p\u00ebr diell. Sepse ka qen\u00eb, pik\u00ebrisht presidenti Trump, ai q\u00eb ka arritur t\u00eb mbyll\u00eb nj\u00eb konflikt lufte midis Serbis\u00eb dhe Kosov\u00ebs, n\u00eb vazhd\u00ebn e nj\u00eb serie marr\u00ebveshjesh t\u00eb tilla paqeje, kudo n\u00ebp\u00ebr bot\u00eb. Por jo, kjo ty nuk t\u00eb intereson, nuk flet kurr\u00eb asnj\u00eb fjal\u00eb fal\u00ebnderimi p\u00ebr t\u00eb, ty t\u00eb duhet nj\u00eb shfaqje idiote humori t\u00eb pavler\u00eb, q\u00eb tu sh\u00ebrbej\u00eb burokrat\u00ebve evropian\u00eb, p\u00ebr tu zgjatur agonin\u00eb ku po jetojn\u00eb.<\/p>\n<p>Ne, shqiptar\u00ebve patriot\u00eb, t\u00eb bes\u00ebs dhe mir\u00ebnjohjes, na hapet toka nga mynxyrat q\u00eb ti sjell, sa her\u00eb hap goj\u00ebn t\u00eb thuash ndonj\u00eb fjal\u00eb. Po ajo tok\u00eb tash t\u00eb \u00ebsht\u00eb hapur edhe ty n\u00eb analet e s\u00eb ardhmes dhe t\u00eb historis\u00eb shqiptare, sepse je n\u00eb an\u00ebn kundra jet\u00ebs, njer\u00ebzimit dhe besimit, qoft\u00eb edhe me bekimin e ca nd\u00ebrkomb\u00ebtar\u00ebve mortor\u00eb e ikanak\u00eb nga kjo bot\u00eb. N\u00eb nj\u00eb koh\u00eb kur vlerat q\u00eb ne mbrojm\u00eb e luftojm\u00eb jan\u00eb ato t\u00eb q\u00ebndrueshmet, t\u00eb v\u00ebrtetat, t\u00eb p\u00ebrjetshmet, q\u00eb si l\u00ebkund dot asnj\u00eb fuqi a shpoti n\u00eb bot\u00eb: atdheu, familja dhe Zoti.<\/p>\n","protected":false},"excerpt":{"rendered":"<p>Nga\u00a0Ndri\u00e7im KULLA \u00c7do kush do kishte shum\u00eb kurizitet q\u00eb ta shikonte fytyr\u00ebn e liderit global mbas\u00a0 batut\u00ebs s\u00eb batut\u00ebs s\u00eb tij p\u00ebr presidentin Tramp, kur\u00a0 lajmi mori dhen\u00eb dhe u p\u00ebrhap val\u00eb &#8211;\u00a0 val\u00eb n\u00eb t\u00eb gjitha mediat prestigjioze evropian\u00eb dhe bot\u00ebrore. Z\u00ebmra e tij, e cila\u00a0 rreh nga br\u00ebnda vet\u00ebm si nj\u00eb radikal i &hellip;<\/p>\n","protected":false},"author":4,"featured_media":48717,"comment_status":"closed","ping_status":"closed","sticky":false,"template":"","format":"standard","meta":{"footnotes":""},"categories":[44],"tags":[],"class_list":["post-124732","post","type-post","status-publish","format-standard","has-post-thumbnail","","category-editorial"],"_links":{"self":[{"href":"https:\/\/rdnews.al\/index.php\/wp-json\/wp\/v2\/posts\/124732","targetHints":{"allow":["GET"]}}],"collection":[{"href":"https:\/\/rdnews.al\/index.php\/wp-json\/wp\/v2\/posts"}],"about":[{"href":"https:\/\/rdnews.al\/index.php\/wp-json\/wp\/v2\/types\/post"}],"author":[{"embeddable":true,"href":"https:\/\/rdnews.al\/index.php\/wp-json\/wp\/v2\/users\/4"}],"replies":[{"embeddable":true,"href":"https:\/\/rdnews.al\/index.php\/wp-json\/wp\/v2\/comments?post=124732"}],"version-history":[{"count":1,"href":"https:\/\/rdnews.al\/index.php\/wp-json\/wp\/v2\/posts\/124732\/revisions"}],"predecessor-version":[{"id":124733,"href":"https:\/\/rdnews.al\/index.php\/wp-json\/wp\/v2\/posts\/124732\/revisions\/124733"}],"wp:featuredmedia":[{"embeddable":true,"href":"https:\/\/rdnews.al\/index.php\/wp-json\/wp\/v2\/media\/48717"}],"wp:attachment":[{"href":"https:\/\/rdnews.al\/index.php\/wp-json\/wp\/v2\/media?parent=124732"}],"wp:term":[{"taxonomy":"category","embeddable":true,"href":"https:\/\/rdnews.al\/index.php\/wp-json\/wp\/v2\/categories?post=124732"},{"taxonomy":"post_tag","embeddable":true,"href":"https:\/\/rdnews.al\/index.php\/wp-json\/wp\/v2\/tags?post=124732"}],"curies":[{"name":"wp","href":"https:\/\/api.w.org\/{rel}","templated":true}]}}