{"id":124734,"date":"2025-10-03T11:22:59","date_gmt":"2025-10-03T11:22:59","guid":{"rendered":"https:\/\/rdnews.al\/?p=124734"},"modified":"2025-10-03T11:23:44","modified_gmt":"2025-10-03T11:23:44","slug":"berisha-kukulla-e-xhorxh-sorosit-u-tall-me-presidentin-e-shba-duke-treguar-se-eshte-kloun-nderkombetar","status":"publish","type":"post","link":"https:\/\/rdnews.al\/index.php\/2025\/10\/03\/berisha-kukulla-e-xhorxh-sorosit-u-tall-me-presidentin-e-shba-duke-treguar-se-eshte-kloun-nderkombetar\/","title":{"rendered":"Berisha: Kukulla e Xhorxh Sorosit u tall me presidentin e SHBA duke treguar se \u00ebsht\u00eb klloun nd\u00ebrkomb\u00ebtar!"},"content":{"rendered":"<p>Kryetari i PD, Sali Berisha, gjat\u00eb nj\u00eb konferenc\u00eb p\u00ebr shtyp tha se, kukulla e Xhorxh Sorosit u tall me presidentin e SHBA duke treguar se \u00ebsht\u00eb kloun nd\u00ebrkomb\u00ebtar.<\/p>\n<p>Ai tha se, Edi Rama, kllounad\u00ebn e tij, q\u00eb e filloi n\u00eb sall\u00ebn e samitit, e vazhdoi m\u00eb von\u00eb me mediat, duke b\u00ebr\u00eb t\u00eb nj\u00ebjtat deklarata.<\/p>\n<p>\u201cDje shqiptar\u00ebt, europian\u00ebt dhe qytetar\u00ebt e mbar\u00eb bot\u00ebs pan\u00eb se kreu i organizat\u00ebs kriminale t\u00eb Tiran\u00ebs \u00ebsht\u00eb nj\u00ebherazi edhe klouni nd\u00ebrkomb\u00ebtar.<\/p>\n<p>Edi Rama shfryt\u00ebzoi samitin e Bashkimit Politik t\u00eb Europ\u00ebs p\u00ebr t\u00eb p\u00ebrqeshur, p\u00ebr t\u2019u tallur me presidentin e SHBA.<\/p>\n<p>Konkretisht, me nj\u00eb proces t\u00eb suksessh\u00ebm paqeje si\u00e7 ishte paqja e Kaukazit.<\/p>\n<p>Edi Rama, kllounad\u00ebn e tij, q\u00eb e filloi n\u00eb sall\u00ebn e samitit, e vazhdoi m\u00eb von\u00eb me mediat, duke b\u00ebr\u00eb t\u00eb nj\u00ebjtat deklarata.<\/p>\n<p>N\u00eb nj\u00eb akt t\u00eb verb\u00ebr, kukulla e Xhorxh Sorosit, mendoi se ky \u00ebsht\u00eb sh\u00ebrbimi m\u00eb i madh q\u00eb mund t\u2019i b\u00ebj\u00eb k\u00ebtij t\u00eb fundit.<\/p>\n<p>Por ky \u00ebsht\u00eb sh\u00ebrbimi m\u00eb i keq q\u00eb Edi Rama mund t\u2019u b\u00ebj\u00eb shqiptar\u00ebve.<\/p>\n<p>Ky \u00ebsht\u00eb sh\u00ebrbimi m\u00eb i keq q\u00eb Edi Rama mund t\u2019i b\u00ebj\u00eb Europ\u00ebs.<\/p>\n<p>N\u00eb dark\u00eb u p\u00ebrpoq t\u00eb marr\u00eb kthes\u00ebn duke d\u00ebshmuar edhe nj\u00ebher\u00eb se sa hipokrit dhe i pakarakter \u00ebsht\u00eb.<\/p>\n<p>Kam sjell\u00eb k\u00ebtu jo kllounad\u00ebn e tij me paqen e Kaukazit, por kam sjell\u00eb deklaratat e tij zyrtare p\u00ebr t\u00eb kuptuar se \u00e7far\u00eb hipokriti dhe i pakarakter \u00ebsht\u00eb.<\/p>\n<p>Me dat\u00ebn 1 shtator t\u00eb vitit 2025, n\u00eb forumin e Bledit n\u00eb Slloveni, kukulla e Xhorxh Sorosit, Ramaduro, n\u00eb fjal\u00ebn e tij theksoi: askush nuk mund t\u00eb thot\u00eb se ka ndonj\u00eb lloj paqart\u00ebsie, por besoj se Europa nuk duhet t\u00eb pres\u00eb se \u00e7far\u00eb do t\u00eb ndodh\u00eb n\u00eb an\u00ebn tjet\u00ebr t\u00eb oqeanit me planin e paqes p\u00ebr Ukrain\u00ebn. Europa \u00ebsht\u00eb p\u00ebrmbi t\u00eb gjitha paqe, \u00ebsht\u00eb kultura e paqes, \u00ebsht\u00eb paqja n\u00eb kultur\u00eb.<\/p>\n<p>Sipas tij, Europa-paqe nuk duhet t\u00eb pyes\u00eb SHBA-luft\u00eb apo Europa-kultura e paqes, pa\u00e7ka se ka shkaktuar dy tragjedit\u00eb m\u00eb t\u00eb m\u00ebdha bot\u00ebrore t\u00eb t\u00eb gjitha koh\u00ebrave, luft\u00ebn e par\u00eb dhe luft\u00ebn e dyt\u00eb, qenka kultura e paqes, kurse urat e zjarrit del se paskan ardhur nga p\u00ebrtej Atlantikut\u201d, u shpreh Berisha,<\/p>\n","protected":false},"excerpt":{"rendered":"<p>Kryetari i PD, Sali Berisha, gjat\u00eb nj\u00eb konferenc\u00eb p\u00ebr shtyp tha se, kukulla e Xhorxh Sorosit u tall me presidentin e SHBA duke treguar se \u00ebsht\u00eb kloun nd\u00ebrkomb\u00ebtar. Ai tha se, Edi Rama, kllounad\u00ebn e tij, q\u00eb e filloi n\u00eb sall\u00ebn e samitit, e vazhdoi m\u00eb von\u00eb me mediat, duke b\u00ebr\u00eb t\u00eb nj\u00ebjtat deklarata. \u201cDje &hellip;<\/p>\n","protected":false},"author":4,"featured_media":124735,"comment_status":"closed","ping_status":"closed","sticky":false,"template":"","format":"standard","meta":{"footnotes":""},"categories":[37],"tags":[],"class_list":["post-124734","post","type-post","status-publish","format-standard","has-post-thumbnail","","category-politike"],"_links":{"self":[{"href":"https:\/\/rdnews.al\/index.php\/wp-json\/wp\/v2\/posts\/124734","targetHints":{"allow":["GET"]}}],"collection":[{"href":"https:\/\/rdnews.al\/index.php\/wp-json\/wp\/v2\/posts"}],"about":[{"href":"https:\/\/rdnews.al\/index.php\/wp-json\/wp\/v2\/types\/post"}],"author":[{"embeddable":true,"href":"https:\/\/rdnews.al\/index.php\/wp-json\/wp\/v2\/users\/4"}],"replies":[{"embeddable":true,"href":"https:\/\/rdnews.al\/index.php\/wp-json\/wp\/v2\/comments?post=124734"}],"version-history":[{"count":2,"href":"https:\/\/rdnews.al\/index.php\/wp-json\/wp\/v2\/posts\/124734\/revisions"}],"predecessor-version":[{"id":124737,"href":"https:\/\/rdnews.al\/index.php\/wp-json\/wp\/v2\/posts\/124734\/revisions\/124737"}],"wp:featuredmedia":[{"embeddable":true,"href":"https:\/\/rdnews.al\/index.php\/wp-json\/wp\/v2\/media\/124735"}],"wp:attachment":[{"href":"https:\/\/rdnews.al\/index.php\/wp-json\/wp\/v2\/media?parent=124734"}],"wp:term":[{"taxonomy":"category","embeddable":true,"href":"https:\/\/rdnews.al\/index.php\/wp-json\/wp\/v2\/categories?post=124734"},{"taxonomy":"post_tag","embeddable":true,"href":"https:\/\/rdnews.al\/index.php\/wp-json\/wp\/v2\/tags?post=124734"}],"curies":[{"name":"wp","href":"https:\/\/api.w.org\/{rel}","templated":true}]}}