{"id":124775,"date":"2025-10-03T16:27:21","date_gmt":"2025-10-03T16:27:21","guid":{"rendered":"https:\/\/rdnews.al\/?p=124775"},"modified":"2025-10-03T16:27:21","modified_gmt":"2025-10-03T16:27:21","slug":"a-e-di-meloni-si-e-talle-trump-in-tallja-publike-dhe-diplomatike-e-rames-ne-kopenhage","status":"publish","type":"post","link":"https:\/\/rdnews.al\/index.php\/2025\/10\/03\/a-e-di-meloni-si-e-talle-trump-in-tallja-publike-dhe-diplomatike-e-rames-ne-kopenhage\/","title":{"rendered":"A e di Meloni si e talle Trump-in? Tallja publike dhe diplomatike e Ram\u00ebs n\u00eb Kopenhag\u00eb"},"content":{"rendered":"<p><strong>Nga Alba KEPI <\/strong><\/p>\n<p>Gjat\u00eb Samitit t\u00eb Komunitetit t\u00eb Politik\u00ebs Evropiane n\u00eb Kopenhag\u00eb, Kryeministri shqiptar Edi Rama shfryt\u00ebzoi nj\u00eb gaf\u00eb t\u00eb ish-Presidentit amerikan Donald Trump, i cili kishte ngat\u00ebrruar Shqip\u00ebrin\u00eb me Armenin\u00eb, p\u00ebr t\u00eb b\u00ebr\u00eb nj\u00eb tallje diplomatike (italisht: sfott\u00f2). N\u00eb prani t\u00eb Presidentit francez Emmanuel Macron dhe Presidentit Ilham Aliyev, Rama tha:<\/p>\n<p>\u201cCi devi delle scuse, non ti sei congratulato con noi per la pace\u201d<\/p>\n<p>(Duhet t\u00eb k\u00ebrkosh falje, nuk na ke uruar p\u00ebr marr\u00ebveshjen e paqes q\u00eb Presidenti Trump ka b\u00ebr\u00eb midis Shqip\u00ebris\u00eb dhe Azerbajxhanit.)<\/p>\n<p>Ky moment u pasqyrua gjer\u00ebsisht nga mediat italiane. Fanpage.it \/ anpage.it shkruan:<\/p>\n<p>\u201cUna battuta tagliente e un colpo di scena diplomatico\u201d \u2013 nj\u00eb batut\u00eb e mpreht\u00eb dhe nj\u00eb kthes\u00eb diplomatike q\u00eb surprizoi Macron-in.<\/p>\n<p>La Repubblica e p\u00ebrshkruan si:<\/p>\n<p>\u201csfott\u00f2 diplomatico\u201d \u2013 tallje diplomatike ndaj Trump-it.<\/p>\n<p>ADNKRONOS raporton:<\/p>\n<p>\u201ctante risate tra i leader europei\u201d \u2013 shum\u00eb t\u00eb qeshura mes lider\u00ebve evropian\u00eb.<\/p>\n<p>La7 dhe NDTV theksojn\u00eb se episodi u kthye:<\/p>\n<p>\u201cun momento humoristico internazionale\u201d \u2013 nj\u00eb moment humoristik nd\u00ebrkomb\u00ebtar, duke nxjerr\u00eb n\u00eb pah gafat gjeografike t\u00eb Trump-it.<\/p>\n<p>Corriere Tv n\u00ebnvizon: \u201cTrump u tall nga lider\u00ebt\u201d, apo<\/p>\n<p>\u201cunriferimento inaspettato\u201d \u2013 nj\u00eb referenc\u00eb e papritur q\u00eb tregoi aft\u00ebsin\u00eb e Ram\u00ebs p\u00ebr t\u00eb p\u00ebrdorur humorin n\u00eb diplomaci.<\/p>\n<p>Kur vjen puna te marr\u00ebdh\u00ebniet personale dhe politike, tallja e Ram\u00ebs merr nj\u00eb dimension m\u00eb t\u00eb gjer\u00eb. Rama ka nj\u00eb marr\u00ebdh\u00ebnie t\u00eb ngusht\u00eb dhe miq\u00ebsore me Giorgia Melonin, e jan\u00eb aleat\u00eb n\u00eb egot e tyre qeveris\u00ebse. Meloni nga ana e saj ka lidhje t\u00eb af\u00ebrta dhe mb\u00ebshtetje reciproke me Trump-in, i cili n\u00eb k\u00ebt\u00eb rast shnd\u00ebrrohet n\u00eb objekt talljeje. Kjo situat\u00eb tregon se miq\u00ebsit\u00eb personale dhe aleancat politike nuk e pengojn\u00eb Ram\u00ebn t\u00eb p\u00ebrdor\u00eb talljen publike p\u00ebr t\u00eb v\u00ebn\u00eb n\u00eb loj\u00eb Trump-in.<\/p>\n<p>E ky veprim mund t\u00eb shihet si nj\u00eb strategji komunikuese p\u00ebr t\u00eb d\u00ebrguar mesazhe politike dhe diplomatike nd\u00ebrkomb\u00ebtare.<\/p>\n<p>E Melonin ka gj\u00eb p\u00ebr t\u00eb th\u00ebn\u00eb p\u00ebr v\u00ebllain e saj o mikun?<\/p>\n","protected":false},"excerpt":{"rendered":"<p>Nga Alba KEPI Gjat\u00eb Samitit t\u00eb Komunitetit t\u00eb Politik\u00ebs Evropiane n\u00eb Kopenhag\u00eb, Kryeministri shqiptar Edi Rama shfryt\u00ebzoi nj\u00eb gaf\u00eb t\u00eb ish-Presidentit amerikan Donald Trump, i cili kishte ngat\u00ebrruar Shqip\u00ebrin\u00eb me Armenin\u00eb, p\u00ebr t\u00eb b\u00ebr\u00eb nj\u00eb tallje diplomatike (italisht: sfott\u00f2). N\u00eb prani t\u00eb Presidentit francez Emmanuel Macron dhe Presidentit Ilham Aliyev, Rama tha: \u201cCi devi delle &hellip;<\/p>\n","protected":false},"author":4,"featured_media":116883,"comment_status":"closed","ping_status":"closed","sticky":false,"template":"","format":"standard","meta":{"footnotes":""},"categories":[44],"tags":[],"class_list":["post-124775","post","type-post","status-publish","format-standard","has-post-thumbnail","","category-editorial"],"_links":{"self":[{"href":"https:\/\/rdnews.al\/index.php\/wp-json\/wp\/v2\/posts\/124775","targetHints":{"allow":["GET"]}}],"collection":[{"href":"https:\/\/rdnews.al\/index.php\/wp-json\/wp\/v2\/posts"}],"about":[{"href":"https:\/\/rdnews.al\/index.php\/wp-json\/wp\/v2\/types\/post"}],"author":[{"embeddable":true,"href":"https:\/\/rdnews.al\/index.php\/wp-json\/wp\/v2\/users\/4"}],"replies":[{"embeddable":true,"href":"https:\/\/rdnews.al\/index.php\/wp-json\/wp\/v2\/comments?post=124775"}],"version-history":[{"count":1,"href":"https:\/\/rdnews.al\/index.php\/wp-json\/wp\/v2\/posts\/124775\/revisions"}],"predecessor-version":[{"id":124776,"href":"https:\/\/rdnews.al\/index.php\/wp-json\/wp\/v2\/posts\/124775\/revisions\/124776"}],"wp:featuredmedia":[{"embeddable":true,"href":"https:\/\/rdnews.al\/index.php\/wp-json\/wp\/v2\/media\/116883"}],"wp:attachment":[{"href":"https:\/\/rdnews.al\/index.php\/wp-json\/wp\/v2\/media?parent=124775"}],"wp:term":[{"taxonomy":"category","embeddable":true,"href":"https:\/\/rdnews.al\/index.php\/wp-json\/wp\/v2\/categories?post=124775"},{"taxonomy":"post_tag","embeddable":true,"href":"https:\/\/rdnews.al\/index.php\/wp-json\/wp\/v2\/tags?post=124775"}],"curies":[{"name":"wp","href":"https:\/\/api.w.org\/{rel}","templated":true}]}}