{"id":124777,"date":"2025-10-03T16:30:48","date_gmt":"2025-10-03T16:30:48","guid":{"rendered":"https:\/\/rdnews.al\/?p=124777"},"modified":"2025-10-03T16:30:48","modified_gmt":"2025-10-03T16:30:48","slug":"u-akuzua-per-shpifje-gjkko-pushon-ceshtjen-ndaj-flamur-nokes","status":"publish","type":"post","link":"https:\/\/rdnews.al\/index.php\/2025\/10\/03\/u-akuzua-per-shpifje-gjkko-pushon-ceshtjen-ndaj-flamur-nokes\/","title":{"rendered":"U akuzua p\u00ebr shpifje, GJKKO pushon \u00e7\u00ebshtjen ndaj Flamur Nok\u00ebs"},"content":{"rendered":"<p>Gjykata e Posa\u00e7me ka pushuar \u00e7\u00ebshtjen e denoncimit ndaj Sekretarit t\u00eb P\u00ebrgjithsh\u00ebm t\u00eb Partis\u00eb Demokratike, Flamur Noka, q\u00eb ishe denoncuar para zgjedhjeve t\u00eb 11 majit.<\/p>\n<p>Polici i burgut, padit\u00ebs, Gjergji Vishkulli, e akuzonte deputetin e PD-s\u00eb p\u00ebr shpifje n\u00eb lidhje me denoncimin q\u00eb ligjv\u00ebn\u00ebsi b\u00ebri m\u00eb 8 maj se nj\u00eb grup polic\u00ebsh t\u00eb Burgut t\u00eb Peqinit ishin p\u00ebrfshir\u00eb n\u00eb fushat\u00eb elektorale p\u00ebr shtabin e kandidates aktualisht deputete e PS, Sara Mile dhe grupit t\u00eb Suel \u00c7el\u00ebs n\u00eb Elbasan.<\/p>\n<p>Gjykata e gjeti t\u00eb pavend denoncimin dhe pushoi sot \u00e7\u00ebshtjen. Vendimi u mor nga gjyqtarja e GJKKO, Rudina Palloj.<\/p>\n<p>Noka n\u00eb denoncimin q\u00eb b\u00ebri gjat\u00eb zgjedhjeve parlamentare publikoi nj\u00eb list\u00eb me mbi 10 persona, efektiv\u00eb burgjesh, p\u00ebr t\u00eb cil\u00ebt tha se ishin n\u00eb shtabin e deputetes dhe b\u00ebnin fushat\u00eb p\u00ebr t\u00eb, duke ushtruar presion dhe k\u00ebrc\u00ebnime ndaj koleg\u00ebve p\u00ebr heqje nga puna n\u00ebse nuk votonin Sara Milen.<\/p>\n<p>Ai deklaroi se madje n\u00eb lokalin e nj\u00eb prej efektiv\u00ebve ishte mbajtur edhe nj\u00eb takim elektoral p\u00ebr k\u00ebt\u00eb q\u00ebllim.<\/p>\n<p>Pas padis\u00eb s\u00eb efektivit Vishkulli, tani GJKKO e ka pushuar \u00e7\u00ebshtjen duke mos e gjetur t\u00eb mb\u00ebshtetur, kurse padit\u00ebsi ka t\u00eb drejt\u00eb t\u00eb ankimoj\u00eb.<\/p>\n<p><strong>Vendimi i GJKKO-s\u00eb p\u00ebr \u00e7\u00ebshtjen:<\/strong><\/p>\n<p><em>\u201cI d\u00ebmtuari akuzues Gjergji Vishkulli ka paraqitur pran\u00eb Gjykat\u00ebs k\u00ebrkes\u00ebn me objekt: \u201c 1. Deklarimin fajtor t\u00eb t\u00eb akuzuar\u00ebve Flamur Noka dhe Shoq\u00ebria Tregtare \u201c3 DS &amp; AF Entertainment sh.p.k\u201d, t\u00eb paditur p\u00ebr vepr\u00ebn penale t\u00eb shpifjes s\u00eb kryer bot\u00ebrisht;<\/em><\/p>\n<ol start=\"2\">\n<li><em> Detyrimin e t\u00eb paditur\u00ebve p\u00ebr t\u00eb d\u00ebmshp\u00ebrblyer padit\u00ebsin p\u00ebr d\u00ebmin jasht\u00ebkontraktor t\u00eb p\u00ebsuar nga c\u00ebnimi i nderit dhe i personalitetit si dhe c\u00ebnimi i imazhit personal, profesional.<\/em><\/li>\n<li><em> Detyrimin e t\u00eb paditur\u00ebve t\u00eb akuzuar t\u00eb p\u00ebrg\u00ebnjeshtrojn\u00eb lajmin e publikuar n\u00eb portalin e adminsitruar nga ana e tyre me shpenzimet e veta n\u00ebp\u00ebr t\u00eb gjitha mediat komb\u00ebtare duke publikuar vendimin gjyq\u00ebsor lidhur me objektin e k\u00ebrkimit dhe arsyetimin e kryer nga gjykata.\u201d.<\/em><\/li>\n<\/ol>\n<p><em>N\u00eb p\u00ebrfundim t\u00eb gjykimit, Gjykata e Posa\u00e7me e Shkall\u00ebs s\u00eb Par\u00eb p\u00ebr Korrupsionin dhe Krimin e Organizuar me trup gjykues t\u00eb p\u00ebrb\u00ebr\u00eb nga gjyqtarja Rudina Palloj, me vendimin Nr. 62, dat\u00eb 03.10.2025 vendosi:<\/em><\/p>\n<p><em>Pushimin e gjykimit t\u00eb \u00e7\u00ebshtjes me nr. Regj.Them. 97 dat\u00eb regjistrimi 08.05.2025, q\u00eb i p\u00ebrket pal\u00ebve: I d\u00ebmtuar akuzues: Gjergj Vishkulli, I akuzuar: Flamur Noka dhe Shoq\u00ebria Tregtare \u201c3 DS &amp; AF Entertainment sh.p.k.\u201d, me objekt: \u201c-<\/em><\/p>\n<p><em>Deklarimin fajtor t\u00eb t\u00eb akuzuarve t\u00eb paditur p\u00ebr vepr\u00ebn penale t\u00eb shpifjes s\u00eb kryer bot\u00ebrisht.<\/em><\/p>\n<p><em>Detyrimin e t\u00eb paditurve p\u00ebr t\u00eb d\u00ebmshp\u00ebrblyer padit\u00ebsin p\u00ebr d\u00ebmin jasht\u00ebkontraktor t\u00eb p\u00ebsuar nga cenimi i nderit dhe i personalitetit si dhe cenimi i imazhit personal, profesional.<\/em><\/p>\n<p><em>-Detyrimin e t\u00eb paditurve t\u00eb akuzuar t\u00eb p\u00ebrg\u00ebnjeshtrojn\u00eb lajmin e publikuar n\u00eb portalin e administruar nga ana e tyre me shpenzimet e veta n\u00ebp\u00ebr t\u00eb gjitha mediat komb\u00ebtare duke publikuar vendimin gjyq\u00ebsor lidhur me objektin e k\u00ebrkimit dhe arsyetimin e kryer nga gjykata\u201d.\u201d, p\u00ebr shkak t\u00eb mosparaqitjes pa shkaqe t\u00eb p\u00ebrligjura t\u00eb pal\u00ebs s\u00eb d\u00ebmtuar akuzuese.<\/em><\/p>\n<p><em>Shpenzimet gjyq\u00ebsore t\u00eb kryera deri n\u00eb k\u00ebt\u00eb moment, i ngarkohen pal\u00ebs s\u00eb d\u00ebmtuar akuzuese.<\/em><\/p>\n<p><em>Kund\u00ebr k\u00ebtij vendimi pal\u00ebt kan\u00eb t\u00eb drejt\u00ebn e ankimit n\u00eb Gjykat\u00ebn e Posa\u00e7me t\u00eb Apelit p\u00ebr Korrupsionin dhe Krimin e Organizuar, brenda 15 (pes\u00ebmb\u00ebdhjet\u00eb) dit\u00ebve nga e nes\u00ebrmja e komunikimit t\u00eb vendimit t\u00eb arsyetuar.<\/em><\/p>\n<p><em>Tiran\u00eb, m\u00eb dat\u00eb 03.10.2025\u2033.<\/em><\/p>\n","protected":false},"excerpt":{"rendered":"<p>Gjykata e Posa\u00e7me ka pushuar \u00e7\u00ebshtjen e denoncimit ndaj Sekretarit t\u00eb P\u00ebrgjithsh\u00ebm t\u00eb Partis\u00eb Demokratike, Flamur Noka, q\u00eb ishe denoncuar para zgjedhjeve t\u00eb 11 majit. Polici i burgut, padit\u00ebs, Gjergji Vishkulli, e akuzonte deputetin e PD-s\u00eb p\u00ebr shpifje n\u00eb lidhje me denoncimin q\u00eb ligjv\u00ebn\u00ebsi b\u00ebri m\u00eb 8 maj se nj\u00eb grup polic\u00ebsh t\u00eb Burgut t\u00eb &hellip;<\/p>\n","protected":false},"author":4,"featured_media":51252,"comment_status":"closed","ping_status":"closed","sticky":false,"template":"","format":"standard","meta":{"footnotes":""},"categories":[37],"tags":[],"class_list":["post-124777","post","type-post","status-publish","format-standard","has-post-thumbnail","","category-politike"],"_links":{"self":[{"href":"https:\/\/rdnews.al\/index.php\/wp-json\/wp\/v2\/posts\/124777","targetHints":{"allow":["GET"]}}],"collection":[{"href":"https:\/\/rdnews.al\/index.php\/wp-json\/wp\/v2\/posts"}],"about":[{"href":"https:\/\/rdnews.al\/index.php\/wp-json\/wp\/v2\/types\/post"}],"author":[{"embeddable":true,"href":"https:\/\/rdnews.al\/index.php\/wp-json\/wp\/v2\/users\/4"}],"replies":[{"embeddable":true,"href":"https:\/\/rdnews.al\/index.php\/wp-json\/wp\/v2\/comments?post=124777"}],"version-history":[{"count":1,"href":"https:\/\/rdnews.al\/index.php\/wp-json\/wp\/v2\/posts\/124777\/revisions"}],"predecessor-version":[{"id":124778,"href":"https:\/\/rdnews.al\/index.php\/wp-json\/wp\/v2\/posts\/124777\/revisions\/124778"}],"wp:featuredmedia":[{"embeddable":true,"href":"https:\/\/rdnews.al\/index.php\/wp-json\/wp\/v2\/media\/51252"}],"wp:attachment":[{"href":"https:\/\/rdnews.al\/index.php\/wp-json\/wp\/v2\/media?parent=124777"}],"wp:term":[{"taxonomy":"category","embeddable":true,"href":"https:\/\/rdnews.al\/index.php\/wp-json\/wp\/v2\/categories?post=124777"},{"taxonomy":"post_tag","embeddable":true,"href":"https:\/\/rdnews.al\/index.php\/wp-json\/wp\/v2\/tags?post=124777"}],"curies":[{"name":"wp","href":"https:\/\/api.w.org\/{rel}","templated":true}]}}