{"id":124797,"date":"2025-10-03T20:29:22","date_gmt":"2025-10-03T20:29:22","guid":{"rendered":"https:\/\/rdnews.al\/?p=124797"},"modified":"2025-10-03T20:34:30","modified_gmt":"2025-10-03T20:34:30","slug":"grupi-parlamentar-i-ps-me-njolla-gjaku-vellai-i-deputetit-te-rames-i-perfshire-ne-vrasje-me-avdylajt","status":"publish","type":"post","link":"https:\/\/rdnews.al\/index.php\/2025\/10\/03\/grupi-parlamentar-i-ps-me-njolla-gjaku-vellai-i-deputetit-te-rames-i-perfshire-ne-vrasje-me-avdylajt\/","title":{"rendered":"Grupi parlamentar i PS me njolla gjaku\/ V\u00ebllai i deputetit t\u00eb Ram\u00ebs i p\u00ebrfshire n\u00eb vrasje me Avdylajt"},"content":{"rendered":"<p><strong>Enea Kume, v\u00ebllai i deputetit t\u00eb PS Loer Kume, \u00ebsht\u00eb arrestuar gjat\u00eb operacionit t\u00eb SPAK n\u00eb Durr\u00ebs dy dit\u00eb m\u00eb par\u00eb.\u00a0<\/strong><\/p>\n<p>Loer Kume u zgjodh deputet i PS-s\u00eb n\u00eb Qarkun Durr\u00ebs n\u00eb zgjedhjet e 11 Majit dhe u betua si ligjv\u00ebn\u00ebs n\u00eb Parlament m\u00eb 18 shtator.<\/p>\n<p>Prangosja e Enea Kume u b\u00eb gjat\u00eb nj\u00eb operacioni t\u00eb Prokuroris\u00eb s\u00eb Posa\u00e7me n\u00eb qytetit bregdetar.<\/p>\n<p>Aksioni raportohet se \u00ebsht\u00eb nd\u00ebrmarr\u00eb p\u00ebr tjet\u00ebrsim pronash. Kontrolle gjithashtu iu jan\u00eb kryer edhe Aleksand\u00ebr Lahos, personazh i krimit i njohur si \u201cRrumi i Shijakut\u201d. N\u00eb fakt v\u00ebllai i deputetit nuk \u00ebsht\u00eb arrestuar p\u00ebr tjet\u00ebrsim pronash por p\u00ebr perfshirje n\u00eb vrasje me grupin e Avdylajve.<\/p>\n<p><a href=\"https:\/\/shqiptarja.com\/tag\/152074\" target=\"_blank\" rel=\"noopener\"><strong>Ngjarja<\/strong><\/a><\/p>\n<p><a href=\"https:\/\/shqiptarja.com\/tag\/152074\" target=\"_blank\" rel=\"noopener\">Alfred Doka<\/a>\u00a0dhe\u00a0<a href=\"https:\/\/shqiptarja.com\/tag\/144917\" target=\"_blank\" rel=\"noopener\">Ermir Dedja<\/a>\u00a0vepruan si ekzekutor\u00eb t\u00eb Edmir Bregut n\u00eb 2021 n\u00eb Durr\u00ebs, ngjarje q\u00eb u zbardh nj\u00eb dit\u00eb m\u00eb par\u00eb nga\u00a0<a href=\"https:\/\/shqiptarja.com\/tag\/925\" target=\"_blank\" rel=\"noopener\">SPAK<\/a>. Porosit\u00ebsi i vrasjes, sipas Prokuroris\u00eb, dyshohet se ishte\u00a0<a href=\"https:\/\/shqiptarja.com\/tag\/63292\" target=\"_blank\" rel=\"noopener\">Astrit Avdylaj<\/a>\u00a0n\u00eb shenj\u00eb hakmarrjeje p\u00ebr tentativ\u00ebn p\u00ebr t\u00eb vrar\u00eb nipin e tij,\u00a0<a href=\"https:\/\/shqiptarja.com\/tag\/126693\" target=\"_blank\" rel=\"noopener\">Aldo Avdylaj<\/a>. Alfred Doka \u00ebsht\u00eb shpallur n\u00eb k\u00ebrkim, nd\u00ebrsa Dedja, 29-vje\u00e7,\u00a0<a href=\"https:\/\/shqiptarja.com\/lajm\/atentat-ne-durres-vritet-me-arme-zjarri-25vjecari-pjese-e-nje-grupi-kriminal-emri\" target=\"_blank\" rel=\"noopener\">u ekzekutua m\u00eb 20 maj<\/a>\u00a0t\u00eb k\u00ebtij viti n\u00eb Durr\u00ebs.<\/p>\n<p>An\u00ebtari i band\u00ebs s\u00eb Avdylajve u vra pran\u00eb nj\u00eb qendre sh\u00ebndet\u00ebsore teksa po l\u00ebvizte n\u00eb k\u00ebmb\u00eb. Ai u q\u00ebllua me plumba kallashnikovi nga nj\u00eb makin\u00eb tip &#8220;Seat&#8221;. Autor\u00ebt nuk dihen ende por policia ka identifikuar 5 persona si t\u00eb p\u00ebrfshir\u00eb n\u00eb ngjarje. Dy jan\u00eb v\u00ebn\u00eb n\u00eb pranga,\u00a0<a href=\"https:\/\/shqiptarja.com\/tag\/145724\" target=\"_blank\" rel=\"noopener\">Erion Ndoni<\/a>, 36-vje\u00e7 dhe\u00a0<a href=\"https:\/\/shqiptarja.com\/tag\/145725\" target=\"_blank\" rel=\"noopener\">Klodian Berisha<\/a>, 35-vje\u00e7, t\u00eb cil\u00ebt akuzohen se kontrabanduan automjetin q\u00eb u p\u00ebrdor nga autor\u00ebt.<\/p>\n<p>N\u00eb k\u00ebrkim \u00ebsht\u00eb shpallur 33-vje\u00e7ari\u00a0<a href=\"https:\/\/shqiptarja.com\/tag\/145726\" target=\"_blank\" rel=\"noopener\">Xhuljano Dyrmishi<\/a> p\u00ebr sigurim t\u00eb kushteve dhe mjeteve materiale p\u00ebr t\u00eb kryer vrasje dhe p\u00ebr kontraband\u00eb t\u00eb mallrave. Dy t\u00eb tjer\u00ebt, nj\u00eb shqiptar dhe nj\u00eb maroken, u shpall\u00ebn n\u00eb k\u00ebrkim dy dit\u00eb pas ngjarjes s\u00eb r\u00ebnd\u00eb me akuz\u00ebn e sigurimit t\u00eb kushteve p\u00ebr t\u00eb kryer vrasjen.<\/p>\n<p>Vrasja e Edmir Bregut u zbardh pas p\u00ebrgjimeve n\u00eb Sky ECC t\u00eb grupit kriminal t\u00eb Astrit Avdylajt dhe\u00a0Aleksand\u00ebr Lahos, i njohur ndryshe edhe si &#8220;Rumi i Shijakut&#8221;. SPAK thot\u00eb se si drejtues dhe koordinator i grupit t\u00eb strukturuar kriminal, dyshohet t\u00eb jet\u00eb Aldo Avdylaj, si ndihm\u00ebs dyshohet t\u00eb jet\u00eb Enea Kume (v\u00ebllai i deputetit t\u00eb PS Loer Kume ). Ekzekutor\u00ebt ishin Alfred Doka dhe Ermir Dedja. SPAK po heton gjithashtu q\u00eb n\u00eb k\u00ebt\u00eb vrasje mund t\u00eb jen\u00eb t\u00eb p\u00ebrfshir\u00eb edhe persona t\u00eb tjer\u00eb.<\/p>\n<p><a href=\"https:\/\/shqiptarja.com\/tag\/88439\" target=\"_blank\" rel=\"noopener\">Edmir Bregu<\/a>\u00a0alias Ilir Ku\u00e7i, 32 vje\u00e7, ishte me origjin\u00eb nga Kuk\u00ebsi dhe jetonte n\u00eb zon\u00ebn e ish-K\u00ebnet\u00ebs n\u00eb Durr\u00ebs. Pasditen e 23 janarit 2023, ai po qarkullonte me makin\u00ebn e tij tip \u201cPorsche Cayene\u201d n\u00eb lagjen nr.16 t\u00eb Durr\u00ebsit. 32-vje\u00e7ari u ekzekutua me dy plumba, nj\u00eb n\u00eb kok\u00eb dhe nj\u00eb n\u00eb gjoks sapo zbriti nga makina e tij.<\/p>\n","protected":false},"excerpt":{"rendered":"<p>Enea Kume, v\u00ebllai i deputetit t\u00eb PS Loer Kume, \u00ebsht\u00eb arrestuar gjat\u00eb operacionit t\u00eb SPAK n\u00eb Durr\u00ebs dy dit\u00eb m\u00eb par\u00eb.\u00a0 Loer Kume u zgjodh deputet i PS-s\u00eb n\u00eb Qarkun Durr\u00ebs n\u00eb zgjedhjet e 11 Majit dhe u betua si ligjv\u00ebn\u00ebs n\u00eb Parlament m\u00eb 18 shtator. Prangosja e Enea Kume u b\u00eb gjat\u00eb nj\u00eb operacioni &hellip;<\/p>\n","protected":false},"author":3,"featured_media":124798,"comment_status":"closed","ping_status":"closed","sticky":false,"template":"","format":"standard","meta":{"footnotes":""},"categories":[37],"tags":[],"class_list":["post-124797","post","type-post","status-publish","format-standard","has-post-thumbnail","","category-politike"],"_links":{"self":[{"href":"https:\/\/rdnews.al\/index.php\/wp-json\/wp\/v2\/posts\/124797","targetHints":{"allow":["GET"]}}],"collection":[{"href":"https:\/\/rdnews.al\/index.php\/wp-json\/wp\/v2\/posts"}],"about":[{"href":"https:\/\/rdnews.al\/index.php\/wp-json\/wp\/v2\/types\/post"}],"author":[{"embeddable":true,"href":"https:\/\/rdnews.al\/index.php\/wp-json\/wp\/v2\/users\/3"}],"replies":[{"embeddable":true,"href":"https:\/\/rdnews.al\/index.php\/wp-json\/wp\/v2\/comments?post=124797"}],"version-history":[{"count":3,"href":"https:\/\/rdnews.al\/index.php\/wp-json\/wp\/v2\/posts\/124797\/revisions"}],"predecessor-version":[{"id":124801,"href":"https:\/\/rdnews.al\/index.php\/wp-json\/wp\/v2\/posts\/124797\/revisions\/124801"}],"wp:featuredmedia":[{"embeddable":true,"href":"https:\/\/rdnews.al\/index.php\/wp-json\/wp\/v2\/media\/124798"}],"wp:attachment":[{"href":"https:\/\/rdnews.al\/index.php\/wp-json\/wp\/v2\/media?parent=124797"}],"wp:term":[{"taxonomy":"category","embeddable":true,"href":"https:\/\/rdnews.al\/index.php\/wp-json\/wp\/v2\/categories?post=124797"},{"taxonomy":"post_tag","embeddable":true,"href":"https:\/\/rdnews.al\/index.php\/wp-json\/wp\/v2\/tags?post=124797"}],"curies":[{"name":"wp","href":"https:\/\/api.w.org\/{rel}","templated":true}]}}