{"id":124837,"date":"2025-10-04T11:37:30","date_gmt":"2025-10-04T11:37:30","guid":{"rendered":"https:\/\/rdnews.al\/?p=124837"},"modified":"2025-10-04T11:47:00","modified_gmt":"2025-10-04T11:47:00","slug":"vokshi-grate-jane-diskriminuar-per-nje-dekade-te-tere-qeveria-eshte-bere-pale-me-dhunuesit","status":"publish","type":"post","link":"https:\/\/rdnews.al\/index.php\/2025\/10\/04\/vokshi-grate-jane-diskriminuar-per-nje-dekade-te-tere-qeveria-eshte-bere-pale-me-dhunuesit\/","title":{"rendered":"Vokshi: Grat\u00eb jan\u00eb diskriminuar p\u00ebr nj\u00eb dekad\u00eb t\u00eb t\u00ebr\u00eb! Qeveria \u00ebsht\u00eb b\u00ebr\u00eb pal\u00eb me dhunuesit!"},"content":{"rendered":"<p>Deputetja e PD, Albana Vokshi, gjat\u00eb fjal\u00ebs n\u00eb konferenc\u00ebn \u201cT\u00eb b\u00ebsh ndryshimin; nga influencues n\u00eb vendimmarr\u00ebs\u201d, tha se, grat\u00eb kan\u00eb p\u00ebrjetuar periudh\u00ebn m\u00eb t\u00eb v\u00ebshtir\u00eb p\u00ebrgjat\u00eb dekad\u00ebs s\u00eb fundit, p\u00ebr shkak se jan\u00eb braktisur nga qeveria. Vokshi theksoi se 160 gra kan\u00eb humbur jet\u00ebn p\u00ebr shkak t\u00eb dhun\u00ebs n\u00eb familje n\u00eb vend, dhe sipas saj, n\u00eb k\u00ebto raste qeveria ka zgjedhur t\u00eb b\u00ebhet pal\u00eb me dhunuesit.<\/p>\n<p>\u201cN\u00eb deklarat\u00ebn e fundit grat\u00eb shqiptare kan\u00eb p\u00ebrjetuar nj\u00eb peridu8h\u00eb t\u00eb v\u00ebshtir\u00eb. T\u00eb braktisura nga qeveria, t\u00eb diskriminuara, pushuara nga puna, t\u00eb spiunuara, shantazhuara. Jan\u00eb p\u00ebrballur me papun\u00ebsi t\u00eb lart\u00eb, paga t\u00eb padrejta, munges\u00eb mb\u00ebshtetje p\u00ebr familjen.<\/p>\n<p>Shpesh her\u00eb jan\u00eb detyruar t\u00eb emigrojn\u00eb jo vet\u00ebm burra, por edhe gra. Kemi par\u00eb q\u00eb n\u00eb fushatat gjejm\u00eb shum\u00eb dyer bosh. Sepse gati gjysma e familjeve n\u00eb nd\u00ebrtesa jan\u00eb bosh nuk hapen ato dyer. Dhe nuk e dim\u00eb n\u00ebse do hapen sepse familje t\u00eb t\u00ebra po largohen \u00e7do dit\u00eb.<\/p>\n<p>Numri i zonjave, viktima t\u00eb dhun\u00ebs \u00ebsht\u00eb trondit\u00ebs. 160 gra kan\u00eb humbur jet\u00ebn p\u00ebr shkak t\u00eb dhun\u00ebs n\u00eb familje. Kjo ndodh sepse shpesh her\u00eb qeveria \u00ebsht\u00eb b\u00ebr\u00eb pal\u00eb me dhunuesit, dhe nuk kan\u00eb marr\u00eb n\u00eb mbrojtje grat\u00eb e dhunuara. Dhe sepse mekanizmi i dhun\u00ebs n\u00eb familje nuk funksionon m\u00eb\u201d, tha Vokshi.<\/p>\n","protected":false},"excerpt":{"rendered":"<p>Deputetja e PD, Albana Vokshi, gjat\u00eb fjal\u00ebs n\u00eb konferenc\u00ebn \u201cT\u00eb b\u00ebsh ndryshimin; nga influencues n\u00eb vendimmarr\u00ebs\u201d, tha se, grat\u00eb kan\u00eb p\u00ebrjetuar periudh\u00ebn m\u00eb t\u00eb v\u00ebshtir\u00eb p\u00ebrgjat\u00eb dekad\u00ebs s\u00eb fundit, p\u00ebr shkak se jan\u00eb braktisur nga qeveria. Vokshi theksoi se 160 gra kan\u00eb humbur jet\u00ebn p\u00ebr shkak t\u00eb dhun\u00ebs n\u00eb familje n\u00eb vend, dhe sipas saj, &hellip;<\/p>\n","protected":false},"author":4,"featured_media":124816,"comment_status":"closed","ping_status":"closed","sticky":false,"template":"","format":"standard","meta":{"footnotes":""},"categories":[37],"tags":[],"class_list":["post-124837","post","type-post","status-publish","format-standard","has-post-thumbnail","","category-politike"],"_links":{"self":[{"href":"https:\/\/rdnews.al\/index.php\/wp-json\/wp\/v2\/posts\/124837","targetHints":{"allow":["GET"]}}],"collection":[{"href":"https:\/\/rdnews.al\/index.php\/wp-json\/wp\/v2\/posts"}],"about":[{"href":"https:\/\/rdnews.al\/index.php\/wp-json\/wp\/v2\/types\/post"}],"author":[{"embeddable":true,"href":"https:\/\/rdnews.al\/index.php\/wp-json\/wp\/v2\/users\/4"}],"replies":[{"embeddable":true,"href":"https:\/\/rdnews.al\/index.php\/wp-json\/wp\/v2\/comments?post=124837"}],"version-history":[{"count":1,"href":"https:\/\/rdnews.al\/index.php\/wp-json\/wp\/v2\/posts\/124837\/revisions"}],"predecessor-version":[{"id":124838,"href":"https:\/\/rdnews.al\/index.php\/wp-json\/wp\/v2\/posts\/124837\/revisions\/124838"}],"wp:featuredmedia":[{"embeddable":true,"href":"https:\/\/rdnews.al\/index.php\/wp-json\/wp\/v2\/media\/124816"}],"wp:attachment":[{"href":"https:\/\/rdnews.al\/index.php\/wp-json\/wp\/v2\/media?parent=124837"}],"wp:term":[{"taxonomy":"category","embeddable":true,"href":"https:\/\/rdnews.al\/index.php\/wp-json\/wp\/v2\/categories?post=124837"},{"taxonomy":"post_tag","embeddable":true,"href":"https:\/\/rdnews.al\/index.php\/wp-json\/wp\/v2\/tags?post=124837"}],"curies":[{"name":"wp","href":"https:\/\/api.w.org\/{rel}","templated":true}]}}