{"id":124840,"date":"2025-10-04T11:43:36","date_gmt":"2025-10-04T11:43:36","guid":{"rendered":"https:\/\/rdnews.al\/?p=124840"},"modified":"2025-10-04T11:43:36","modified_gmt":"2025-10-04T11:43:36","slug":"pd-mbetet-e-vendosur-per-ti-dhene-vlores-nje-drejtim-te-ri-te-ndershem-dhe-ne-sherbim-te-qytetareve","status":"publish","type":"post","link":"https:\/\/rdnews.al\/index.php\/2025\/10\/04\/pd-mbetet-e-vendosur-per-ti-dhene-vlores-nje-drejtim-te-ri-te-ndershem-dhe-ne-sherbim-te-qytetareve\/","title":{"rendered":"PD mbetet e vendosur p\u00ebr t\u2019i dh\u00ebn\u00eb Vlor\u00ebs nj\u00eb drejtim t\u00eb ri, t\u00eb ndersh\u00ebm dhe n\u00eb sh\u00ebrbim t\u00eb qytetar\u00ebve!"},"content":{"rendered":"<p><strong>Deklarat\u00eb e PD Vlor\u00eb nga Sekretari Funksional p\u00ebr Marr\u00ebdheniet me Publikun, Rezenbrik Serjani<\/strong><\/p>\n<p>M\u00eb dat\u00eb 3 Tetor 2025, pran\u00eb Deg\u00ebs s\u00eb Partis\u00eb Demokratike Vlor\u00eb, n\u00ebn drejtimin e deputetit Bujar Leskaj, u zhvillua mbledhja e radh\u00ebs e kryesis\u00eb s\u00eb deg\u00ebs, me fokus \u00e7\u00ebshtjet organizative n\u00eb kuad\u00ebr t\u00eb zgjedhjeve t\u00eb pjesshme p\u00ebr Kryetar Bashkie n\u00eb Bashkin\u00eb Vlor\u00eb, t\u00eb cilat do t\u00eb mbahen m\u00eb 9 N\u00ebntor 2025.<\/p>\n<p>Pika kryesore e mbledhjes kishte t\u00eb b\u00ebnte me diskutimin dhe propozimin e emrave potencial\u00eb p\u00ebr kandidatin e Partis\u00eb Demokratike p\u00ebr Kryetar Bashkie. Kryesia propozoi disa kandidat\u00eb t\u00eb mundsh\u00ebm dhe vendosi nisjen e nj\u00eb procesi t\u00eb gjer\u00eb konsultimi me t\u00eb gjitha forumet e PD Vlor\u00eb, Kryesin\u00eb e Forumit Rinor, Lidhjes Demokrate te Gruas, si dhe me aktivin n\u00eb nivel rajonesh dhe grupseksionesh.<\/p>\n<p>Ky proces konsultimi \u00ebsht\u00eb n\u00eb faz\u00ebn p\u00ebrmbyll\u00ebse dhe pritet t\u00eb finalizohet s\u00eb shpejti, duke i hapur rrug\u00eb publikimit t\u00eb list\u00ebs zyrtare t\u00eb emrave t\u00eb propozuar nga strukturat. M\u00eb pas, lista do t\u2019i paraqitet Kryesis\u00eb s\u00eb Partis\u00eb Demokratike n\u00eb qend\u00ebr, p\u00ebr miratimin p\u00ebrfundimtar t\u00eb kandidatit zyrtar q\u00eb do t\u00eb p\u00ebrfaq\u00ebsoj\u00eb PD-n\u00eb n\u00eb zgjedhjet e 9 N\u00ebntorit.<\/p>\n<p>Ky proces synon t\u00eb p\u00ebrfundoj\u00eb brenda dat\u00ebs 9 Tetor, p\u00ebr t\u00eb vijuar m\u00eb pas me organizimin e fushat\u00ebs dhe takimet me qytetar\u00ebt vlonjat\u00eb.<\/p>\n<p>Gjithashtu, dit\u00ebn e sotme \u00ebsht\u00eb mbledhur Kryesia e PDSh-s\u00eb, ku priten t\u00eb miratohen modalitetet e mbar\u00ebvajtjes s\u00eb t\u00eb gjith\u00eb procesit.<\/p>\n<p>Partia Demokratike Vlor\u00eb garanton \u00e7do qytetar se kandidati q\u00eb do t\u00eb propozohet do t\u00eb jet\u00eb nj\u00eb qytetar vlonjat me integritet t\u00eb lart\u00eb, profesionaliz\u00ebm dhe i p\u00ebrkushtuar p\u00ebr t\u00eb sh\u00ebrbyer me ndershm\u00ebri. Ai nuk do t\u00eb jet\u00eb nj\u00eb marionet\u00eb e oligark\u00ebve dhe nuk do t\u00eb sh\u00ebrbej\u00eb p\u00ebr t\u00eb firmosur \u201cmonumentet\u201d e radh\u00ebs t\u00eb korrupsionit t\u00eb sektit Rama n\u00eb Vlor\u00eb.<\/p>\n<p>Partia Demokratike mbetet e vendosur p\u00ebr t\u2019i dh\u00ebn\u00eb Vlor\u00ebs nj\u00eb drejtim t\u00eb ri, t\u00eb ndersh\u00ebm dhe n\u00eb sh\u00ebrbim t\u00eb qytetar\u00ebve.<\/p>\n","protected":false},"excerpt":{"rendered":"<p>Deklarat\u00eb e PD Vlor\u00eb nga Sekretari Funksional p\u00ebr Marr\u00ebdheniet me Publikun, Rezenbrik Serjani M\u00eb dat\u00eb 3 Tetor 2025, pran\u00eb Deg\u00ebs s\u00eb Partis\u00eb Demokratike Vlor\u00eb, n\u00ebn drejtimin e deputetit Bujar Leskaj, u zhvillua mbledhja e radh\u00ebs e kryesis\u00eb s\u00eb deg\u00ebs, me fokus \u00e7\u00ebshtjet organizative n\u00eb kuad\u00ebr t\u00eb zgjedhjeve t\u00eb pjesshme p\u00ebr Kryetar Bashkie n\u00eb Bashkin\u00eb Vlor\u00eb, &hellip;<\/p>\n","protected":false},"author":4,"featured_media":124841,"comment_status":"closed","ping_status":"closed","sticky":false,"template":"","format":"standard","meta":{"footnotes":""},"categories":[37],"tags":[],"class_list":["post-124840","post","type-post","status-publish","format-standard","has-post-thumbnail","","category-politike"],"_links":{"self":[{"href":"https:\/\/rdnews.al\/index.php\/wp-json\/wp\/v2\/posts\/124840","targetHints":{"allow":["GET"]}}],"collection":[{"href":"https:\/\/rdnews.al\/index.php\/wp-json\/wp\/v2\/posts"}],"about":[{"href":"https:\/\/rdnews.al\/index.php\/wp-json\/wp\/v2\/types\/post"}],"author":[{"embeddable":true,"href":"https:\/\/rdnews.al\/index.php\/wp-json\/wp\/v2\/users\/4"}],"replies":[{"embeddable":true,"href":"https:\/\/rdnews.al\/index.php\/wp-json\/wp\/v2\/comments?post=124840"}],"version-history":[{"count":1,"href":"https:\/\/rdnews.al\/index.php\/wp-json\/wp\/v2\/posts\/124840\/revisions"}],"predecessor-version":[{"id":124842,"href":"https:\/\/rdnews.al\/index.php\/wp-json\/wp\/v2\/posts\/124840\/revisions\/124842"}],"wp:featuredmedia":[{"embeddable":true,"href":"https:\/\/rdnews.al\/index.php\/wp-json\/wp\/v2\/media\/124841"}],"wp:attachment":[{"href":"https:\/\/rdnews.al\/index.php\/wp-json\/wp\/v2\/media?parent=124840"}],"wp:term":[{"taxonomy":"category","embeddable":true,"href":"https:\/\/rdnews.al\/index.php\/wp-json\/wp\/v2\/categories?post=124840"},{"taxonomy":"post_tag","embeddable":true,"href":"https:\/\/rdnews.al\/index.php\/wp-json\/wp\/v2\/tags?post=124840"}],"curies":[{"name":"wp","href":"https:\/\/api.w.org\/{rel}","templated":true}]}}