{"id":124859,"date":"2025-10-04T14:15:41","date_gmt":"2025-10-04T14:15:41","guid":{"rendered":"https:\/\/rdnews.al\/?p=124859"},"modified":"2025-10-04T14:15:41","modified_gmt":"2025-10-04T14:15:41","slug":"berisha-mbeshtetja-e-kandidateve-te-pavarur-i-jep-opozites-nje-dimension-tjeter","status":"publish","type":"post","link":"https:\/\/rdnews.al\/index.php\/2025\/10\/04\/berisha-mbeshtetja-e-kandidateve-te-pavarur-i-jep-opozites-nje-dimension-tjeter\/","title":{"rendered":"Berisha: Mb\u00ebshtetja e kandidat\u00ebve t\u00eb pavarur i jep opozit\u00ebs nj\u00eb dimension tjet\u00ebr!"},"content":{"rendered":"<p>Kryetari i PD, Sali Berisha, n\u00eb nj\u00eb deklarat\u00eb p\u00ebr mediat pas mbledhjes s\u00eb kryesis\u00eb, Partia Demokratike vler\u00ebson shum\u00eb kandidaturat e pavarura, kjo jep opozit\u00ebs nj\u00eb dimension tjet\u00ebr!<\/p>\n<p>\u201cPat\u00ebm nj\u00eb diskutim t\u00eb gjat\u00eb, t\u00eb p\u00ebrgjegjsh\u00ebm, t\u00eb lir\u00eb.<\/p>\n<p>Ajo q\u00eb predominoj dhe e konsideroj nj\u00eb hap t\u00eb r\u00ebnd\u00ebsish\u00ebm n\u00eb p\u00ebrpjekjen ton\u00eb, \u00ebsht\u00eb se PD ndon\u00ebse ka padiskutim kandidatura kalibri p\u00ebr asnj\u00eblloj krahasimi me organizat\u00ebn kriminale n\u00eb pushtet, do vler\u00ebsoj\u00eb dhe \u00e7moj\u00eb shum\u00eb kandidaturat e pavarura.<\/p>\n<p>Do konsideroj\u00eb me seriozitetin m\u00eb t\u00eb madh, kandidat\u00eb t\u00eb pavarur t\u00eb cil\u00ebt garojn\u00eb si t\u00eb till\u00eb dhe q\u00eb konsiderojn\u00eb t\u00eb nevojshme p\u00ebr fitoren e tyre, mb\u00ebshtetjen e PD-s\u00eb.<\/p>\n<p>Besoj se n\u00eb nj\u00eb val\u00eb me k\u00ebt\u00eb nga diskutimet paraprake jan\u00eb dhe forcat e tjera opozitare.<\/p>\n<p>Dhe kjo jo vet\u00ebm n\u00eb bashkin\u00eb e Tiran\u00ebs, por dhe n\u00eb bashkit\u00eb e tjera.<\/p>\n<p>Ky \u00ebsht\u00eb nj\u00eb moment do t\u00eb mendoja un\u00eb, p\u00ebr t\u00eb gjith\u00eb ata qytetar\u00eb, intelektual\u00eb, ata specialist\u00eb, ekspert\u00eb q\u00eb ndihen t\u00eb gatsh\u00ebm t\u00eb p\u00ebrballen me narkoshtetin e Edi Ram\u00ebs, t\u00eb matin forcat e tyre n\u00eb nj\u00eb gar\u00eb n\u00eb interesin m\u00eb t\u00eb mir\u00eb t\u00eb qytetar\u00ebve t\u00eb marrin vendimin e duhur\u201d, tha Berisha.<\/p>\n","protected":false},"excerpt":{"rendered":"<p>Kryetari i PD, Sali Berisha, n\u00eb nj\u00eb deklarat\u00eb p\u00ebr mediat pas mbledhjes s\u00eb kryesis\u00eb, Partia Demokratike vler\u00ebson shum\u00eb kandidaturat e pavarura, kjo jep opozit\u00ebs nj\u00eb dimension tjet\u00ebr! \u201cPat\u00ebm nj\u00eb diskutim t\u00eb gjat\u00eb, t\u00eb p\u00ebrgjegjsh\u00ebm, t\u00eb lir\u00eb. Ajo q\u00eb predominoj dhe e konsideroj nj\u00eb hap t\u00eb r\u00ebnd\u00ebsish\u00ebm n\u00eb p\u00ebrpjekjen ton\u00eb, \u00ebsht\u00eb se PD ndon\u00ebse ka padiskutim &hellip;<\/p>\n","protected":false},"author":4,"featured_media":124860,"comment_status":"closed","ping_status":"closed","sticky":false,"template":"","format":"standard","meta":{"footnotes":""},"categories":[37],"tags":[],"class_list":["post-124859","post","type-post","status-publish","format-standard","has-post-thumbnail","","category-politike"],"_links":{"self":[{"href":"https:\/\/rdnews.al\/index.php\/wp-json\/wp\/v2\/posts\/124859","targetHints":{"allow":["GET"]}}],"collection":[{"href":"https:\/\/rdnews.al\/index.php\/wp-json\/wp\/v2\/posts"}],"about":[{"href":"https:\/\/rdnews.al\/index.php\/wp-json\/wp\/v2\/types\/post"}],"author":[{"embeddable":true,"href":"https:\/\/rdnews.al\/index.php\/wp-json\/wp\/v2\/users\/4"}],"replies":[{"embeddable":true,"href":"https:\/\/rdnews.al\/index.php\/wp-json\/wp\/v2\/comments?post=124859"}],"version-history":[{"count":1,"href":"https:\/\/rdnews.al\/index.php\/wp-json\/wp\/v2\/posts\/124859\/revisions"}],"predecessor-version":[{"id":124861,"href":"https:\/\/rdnews.al\/index.php\/wp-json\/wp\/v2\/posts\/124859\/revisions\/124861"}],"wp:featuredmedia":[{"embeddable":true,"href":"https:\/\/rdnews.al\/index.php\/wp-json\/wp\/v2\/media\/124860"}],"wp:attachment":[{"href":"https:\/\/rdnews.al\/index.php\/wp-json\/wp\/v2\/media?parent=124859"}],"wp:term":[{"taxonomy":"category","embeddable":true,"href":"https:\/\/rdnews.al\/index.php\/wp-json\/wp\/v2\/categories?post=124859"},{"taxonomy":"post_tag","embeddable":true,"href":"https:\/\/rdnews.al\/index.php\/wp-json\/wp\/v2\/tags?post=124859"}],"curies":[{"name":"wp","href":"https:\/\/api.w.org\/{rel}","templated":true}]}}