{"id":124862,"date":"2025-10-04T17:23:23","date_gmt":"2025-10-04T17:23:23","guid":{"rendered":"https:\/\/rdnews.al\/?p=124862"},"modified":"2025-10-04T17:24:04","modified_gmt":"2025-10-04T17:24:04","slug":"berisha-ftoj-personalitete-te-ketij-vendi-e-ketij-qyteti-te-guxojne-ne-i-mirepresim-me-shume-sinqeritet","status":"publish","type":"post","link":"https:\/\/rdnews.al\/index.php\/2025\/10\/04\/berisha-ftoj-personalitete-te-ketij-vendi-e-ketij-qyteti-te-guxojne-ne-i-mirepresim-me-shume-sinqeritet\/","title":{"rendered":"Zgjedhjet Tiran\u00eb\/ Berisha: Ftoj personalitete t\u00eb k\u00ebtij vendi, e k\u00ebtij qyteti, t\u00eb guxojn\u00eb, ne i mir\u00ebpresim me shum\u00eb sinqeritet!"},"content":{"rendered":"<p><em>Kryetari i Partis\u00eb Demokratike, Sali Berisha, duke folur p\u00ebr gazetar\u00ebt jasht\u00eb selis\u00eb, pas mbledhjes s\u00eb kryesis\u00eb, \u00ebsht\u00eb shprehur se, do t\u00eb mb\u00ebshteten kandidat\u00eb t\u00eb pavarur q\u00eb do t\u00eb shpallin kandidaturat e tyre p\u00ebr t\u00eb konkurruar n\u00eb zgjedhjet e pjesshme lokale q\u00eb do t\u00eb zhvillohen n\u00eb dat\u00ebn 9 n\u00ebntor. Berisha u shpreh se, k\u00ebto kandidatura do t\u00eb jo vet\u00ebm p\u00ebr Bashkin\u00eb e Tiran\u00ebs, por edhe n\u00eb 5 bashkit\u00eb e tjera t\u00eb vendit.<\/em><\/p>\n<p><em>\u2018Do konsideroj\u00eb me seriozitetin m\u00eb t\u00eb madh, kandidat\u00eb t\u00eb pavarur t\u00eb cil\u00ebt garojn\u00eb si t\u00eb till\u00eb dhe q\u00eb konsiderojn\u00eb t\u00eb nevojshme p\u00ebr fitoren e tyre, mb\u00ebshtetjen e PD-s\u00eb. Besoj se n\u00eb nj\u00eb val\u00eb me k\u00ebt\u00eb nga diskutimet paraprake jan\u00eb dhe forcat e tjera opozitare. Dhe kjo jo vet\u00ebm n\u00eb bashkin\u00eb e Tiran\u00ebs, por dhe n\u00eb bashkit\u00eb e tjera\u2019, theksoi Berisha.<\/em><\/p>\n<p><em>Sipas kryedemokratit Sali Berisha, ky \u00ebsht\u00eb nj\u00eb vendim \u2018jasht\u00ebzakonisht i r\u00ebnd\u00ebsish\u00ebm i jep opozit\u00ebs shqiptare nj\u00eb dimension tjet\u00ebr\u2019. Duke folur p\u00ebr gazetar\u00ebt, Berisha b\u00ebri dhe nj\u00eb krahasim me kandidatur\u00ebn e shpallur nga Edi Rama. \u2018K\u00eb paraqiti ai? A e kuptoni ju se, \u00e7do njeri tjet\u00ebr n\u00eb at\u00eb organizat\u00eb kriminale mund t\u00eb dilte para Ogert\u00ebs. Ogert\u00ebs desh i ra t\u00eb fikt\u00eb kur e mori vesh, sepse e di barr\u00ebn e krimit q\u00eb ka mbi supe. A nuk jan\u00eb k\u00ebto nata ma dit\u00ebn, a nuk \u00ebsht\u00eb kjo err\u00ebsira me drit\u00ebn, dallimi\u2019, deklaroi kreut i PD.<\/em><\/p>\n<p><em>Gjat\u00eb prononcimit p\u00ebr mediat, lideri i opozit\u00ebs shqiptare, Sali Berisha u shpreh se, kandidati i pavarur do t\u00eb regjistrohet si i pavarur, i mb\u00ebshtetur nga forcat politike.<\/em><\/p>\n<p><em>\u2018Ai regjistrohet si i pavarur, i mb\u00ebshtetur nga forcat politike. \u00a0Do t\u00eb regjistrohet, si nj\u00eb koalicion mb\u00ebshtet\u00ebs i kandidatit. \u00a0Do t\u00eb zgjedhim se cili gjykohet m\u00eb i zgjedhsh\u00ebm. \u00a0Identikiti do t\u00eb jet\u00eb nj\u00eb njeri i cili t\u00eb ket\u00eb aft\u00ebsit\u00eb p\u00ebr t\u00eb bindur m\u00eb shum\u00eb se, kushdo tjet\u00ebr qytetar\u00ebt e Tiran\u00ebs p\u00ebr shkak t\u00eb aft\u00ebsive t\u00eb tij, p\u00ebrfomanc\u00ebs s\u00eb tij etj\u2019, n\u00ebnvizoi Berisha n\u00eb fjal\u00ebn e tij.<\/em><\/p>\n<p><em>N\u00eb fund, kryetari i Partis\u00eb Demokratike, Sali Berisha u ka b\u00ebr\u00eb thirrje t\u00eb gjith\u00eb personaliteteve t\u00eb vendit dhe t\u00eb Tiran\u00ebs q\u00eb t\u00eb b\u00ebhen pjes\u00eb e k\u00ebsaj dhe se opozita do ti mb\u00ebshtes\u00eb dhe mir\u00ebpres\u00eb n\u00eb m\u00ebnyr\u00eb absolute.<\/em><\/p>\n<p><em>\u2018Do t\u00eb kemi kandidatin, ne do e mb\u00ebshtesim, partit\u00eb e tjera do e mb\u00ebshtesin ta supozojm\u00eb, por un\u00eb ftoj personalitete t\u00eb k\u00ebtij vendi, e k\u00ebtij qyteti, t\u00eb guxojn\u00eb sepse ne i mir\u00ebpresim absolutisht me shum\u00eb sinqeritet\u2019, p\u00ebrfundoi kryetari i PD-s\u00eb deklarat\u00ebn e tij p\u00ebr gazetar\u00ebt.<\/em><\/p>\n<p><strong>FJALA E PLOTE<\/strong><\/p>\n<p>Pat\u00ebm nj\u00eb diskutim t\u00eb gjat\u00eb, t\u00eb p\u00ebrgjegjsh\u00ebm, t\u00eb lir\u00eb.<\/p>\n<p>Ajo q\u00eb predominoj dhe e konsideroj nj\u00eb hap t\u00eb r\u00ebnd\u00ebsish\u00ebm n\u00eb p\u00ebrpjekjen ton\u00eb, \u00ebsht\u00eb se PD ndon\u00ebse ka padiskutim kandidatura kalibri p\u00ebr asnj\u00eblloj krahasimi me organizat\u00ebn kriminale n\u00eb pushtet, do vler\u00ebsoj\u00eb dhe \u00e7moj\u00eb shum\u00eb kandidaturat e pavarura.<\/p>\n<p>Do konsideroj\u00eb me seriozitetin m\u00eb t\u00eb madh, kandidat\u00eb t\u00eb pavarur t\u00eb cil\u00ebt garojn\u00eb si t\u00eb till\u00eb dhe q\u00eb konsiderojn\u00eb t\u00eb nevojshme p\u00ebr fitoren e tyre, mb\u00ebshtetjen e PD-s\u00eb.<\/p>\n<p>Besoj se n\u00eb nj\u00eb val\u00eb me k\u00ebt\u00eb nga diskutimet paraprake jan\u00eb dhe forcat e tjera opozitare.<\/p>\n<p>Dhe kjo jo vet\u00ebm n\u00eb bashkin\u00eb e Tiran\u00ebs, por dhe n\u00eb bashkit\u00eb e tjera.<\/p>\n<p>Ky \u00ebsht\u00eb nj\u00eb moment do t\u00eb mendoja un\u00eb, p\u00ebr t\u00eb gjith\u00eb ata qytetar\u00eb, intelektual\u00eb, ata specialist\u00eb, ekspert\u00eb q\u00eb ndihen t\u00eb gatsh\u00ebm t\u00eb p\u00ebrballen me narkoshtetin e Edi Ram\u00ebs, t\u00eb matin forcat e tyre n\u00eb nj\u00eb gar\u00eb n\u00eb interesin m\u00eb t\u00eb mir\u00eb t\u00eb qytetar\u00ebve t\u00eb marrin vendimin e duhur.<\/p>\n<p><strong>Pyetje: Kemi par\u00eb tre kandidat t\u00eb propozuar si t\u00eb pavarur\u2026<\/strong><\/p>\n<p><strong>Sali Berisha:<\/strong>\u00a0Un\u00eb mendoj se kandidati i pavarur, \u00ebsht\u00eb i pavarur kur deklaron veten, apo nuk \u00ebsht\u00eb k\u00ebshtu.<\/p>\n<p>Por edhe t\u00eb propozuar, asgj\u00eb nuk do t\u00eb lihet jasht\u00eb konsiderat\u00ebs.<\/p>\n<p>Natyrisht duhet t\u00eb jemi realist. N\u00eb historin\u00eb e modeleve elektorale, t\u00eb pavarurit e mb\u00ebshtetur nga forcat politike kan\u00eb regjistruar suksese t\u00eb papritura, t\u00eb themi at\u00eb q\u00eb \u00ebsht\u00eb.<\/p>\n<p>Sot, tani, mund t\u00eb ju them se n\u00eb nj\u00eb shtet prej 18 milion\u00ebsh, n\u00eb Rhine \u00cbestphalia, n\u00eb Gjermani, t\u00eb gjith\u00eb kandidat\u00ebt t\u00eb pavarur, t\u00eb mb\u00ebshtetur nga forcat politike.<\/p>\n<p>Pra, nuk \u00ebsht\u00eb kjo.<\/p>\n<p>Vendimi \u00ebsht\u00eb nj\u00eb vendim jasht\u00ebzakonisht i r\u00ebnd\u00ebsish\u00ebm i jep opozit\u00ebs shqiptare nj\u00eb dimension tjet\u00ebr.<\/p>\n<p>K\u00eb paraqiti ai? A e kuptoni ju se, \u00e7do njeri tjet\u00ebr n\u00eb at\u00eb organizat\u00eb kriminale mund t\u00eb dilte para Ogert\u00ebs.<\/p>\n<p>Ogert\u00ebs desh i ra t\u00eb fikt\u00eb kur e mori vesh, sepse e di barr\u00ebn e krimit q\u00eb ka mbi supe.<\/p>\n<p>A nuk jan\u00eb k\u00ebto nata ma dit\u00ebn, a nuk \u00ebsht\u00eb kjo err\u00ebsira me drit\u00ebn, dallimi.<\/p>\n<p>Ne themi, qytetar\u00ebt themi, personaliteteve t\u00eb vendit, intelektual\u00ebve t\u00eb vendit, ekspert\u00ebve u themi, atyre t\u00eb cil\u00ebt ndihen t\u00eb gatsh\u00ebm t\u00eb p\u00ebrballen t\u00eb marrin vendimin e duhur dhe ne q\u00ebndrojm\u00eb t\u00eb hapur ndaj tyre.<\/p>\n<p>Jo lajmi p\u00ebrb\u00ebn ky, por risin\u00eb madhore, prandaj dhe mos b\u00ebjm\u00eb asnj\u00ebher\u00eb at\u00eb q\u00eb ja; tani t\u00eb themi, shihni trungun e pish\u00ebs sa i madh, tani k\u00ebto deg\u00ebt nuk na l\u00ebn\u00eb me e pa.<\/p>\n<p>Nuk mund t\u00eb ndodhi kjo.<\/p>\n<p><strong>Pyetje: Ju merrni sot vendimin p\u00ebr t\u00eb mb\u00ebshtetur nj\u00eb kandidat t\u00eb pavarur dhe nuk angazhoheni m\u00eb p\u00ebr t\u00eb gjetur, bashk\u00eb me partit\u00eb e tjera opozitare, nj\u00eb figur\u00eb e cila le t\u00eb kandidoj\u00eb e pavarur, por \u00ebsht\u00eb e dakorduar paraprakisht nga ju. Pra ju nuk do t\u00eb dakord\u00ebsoheni p\u00ebr nj\u00eb em\u00ebr \u2026<\/strong><\/p>\n<p><strong>Sali Berisha:\u00a0<\/strong>Kjo \u00ebsht\u00eb gjys\u00ebm e pavarur.<\/p>\n<p>E pavarur \u00ebsht\u00eb ai, e pavarur jeni ju, n\u00ebqoft\u00ebse del dhe thoni se, un\u00eb do t\u00eb kandidoj dhe k\u00ebrkoj mb\u00ebshtetjen e partive politike.<\/p>\n<p><strong>Pyetje: Tre emrat e propozuar k\u00ebto dit\u00eb, quhen kandidatura t\u00eb djegura pasi kan\u00eb ardhur nga forcat opozitare.<\/strong><\/p>\n<p><strong>Sali Berisha:\u00a0<\/strong>Asgj\u00eb nuk ka t\u00eb djegur n\u00eb k\u00ebt\u00eb. M\u00eb vjen keq.<\/p>\n<p>Jemi n\u00eb rrafsh t\u00eb doktrin\u00ebs. N\u00eb doktrin\u00eb, n\u00ebse un\u00eb kandidoj Osmanin, Osmani \u00ebsht\u00eb kandidat i imi jo i pavarur, apo nuk \u00ebsht\u00eb k\u00ebshtu.<\/p>\n<p>Osmani \u00ebsht\u00eb jo partiak t\u00eb themi, por \u00ebsht\u00eb kandidat i propozuar dhe ky nuk \u00ebsht\u00eb nj\u00eb m\u00ebkat, jo.<\/p>\n<p>T\u00eb themi dhe t\u00eb jemi t\u00eb v\u00ebrtet\u00eb n\u00eb konceptin, i pavaruri \u00ebsht\u00eb ai q\u00eb thot\u00eb; shikoni, un\u00eb do t\u00eb dal t\u00eb kandidoj p\u00ebr qytetin e Beratit, apo p\u00ebr Vlor\u00ebn, apo p\u00ebr Tiran\u00ebn. Po t\u00eb duan forcat politike t\u00eb m\u00eb mb\u00ebshtetin.<\/p>\n<p>A \u00ebsht\u00eb ky tamam i pavarur.<\/p>\n<p><strong>Pyetje: T\u00eb vij\u00eb kandidati te opozita dhe jo opozita tek kandidati, ky \u00ebsht\u00eb thelbi?<\/strong><\/p>\n<p><strong>Sali Berisha:\u00a0<\/strong>Problemi \u00ebsht\u00eb, edhe opozita mund t\u00eb zgjedh\u00eb nj\u00eb kandidat jo partiak t\u00eb themi, dhe ky \u00ebsht\u00eb nj\u00eb kandidat jo partiak dhe opozita \u00ebsht\u00eb e lir\u00eb ta b\u00ebj\u00eb n\u00eb \u00e7do moment.<\/p>\n<p><strong>Pyetje: Si do regjistrohet\u2026<\/strong><\/p>\n<p><strong>Sali Berisha:\u00a0<\/strong>Ai regjistrohet si i pavarur, i mb\u00ebshtetur nga forcat politike.<\/p>\n<p>Do t\u00eb regjistrohet, si nj\u00eb koalicion mb\u00ebshtet\u00ebs i kandidatit.<\/p>\n<p><strong>Pyetje: Kur do e vendosni ju se k\u00eb do mb\u00ebshtesni. N\u00ebse dalin dy kandidat\u00eb, k\u00eb do mb\u00ebshtesni?<\/strong><\/p>\n<p><strong>Sali Berisha:\u00a0<\/strong>Do t\u00eb zgjedhim se cili gjykohet m\u00eb i zgjedhsh\u00ebm.<\/p>\n<p><strong>Pyetje: Kush \u00ebsht\u00eb identikiti i kandidatit t\u00eb pavarur?<\/strong><\/p>\n<p><strong>Sali Berisha:\u00a0<\/strong>Identikiti do t\u00eb jet\u00eb nj\u00eb njeri i cili t\u00eb ket\u00eb aft\u00ebsit\u00eb p\u00ebr t\u00eb bindur m\u00eb shum\u00eb se, kushdo tjet\u00ebr qytetar\u00ebt e Tiran\u00ebs p\u00ebr shkak t\u00eb aft\u00ebsive t\u00eb tij, p\u00ebrfomanc\u00ebs s\u00eb tij etj.<\/p>\n<p><strong>Pyetje: Kush do e p\u00ebrzgjedh\u00eb k\u00ebt\u00eb kandidat? Do kemi nj\u00eb grup pune nga forcat opozitare.<\/strong><\/p>\n<p><strong>Sali Berisha:\u00a0<\/strong>Natyrisht do t\u00eb jen\u00eb diskutimet p\u00ebr t\u00eb. Por edhe nj\u00ebher\u00eb, n\u00eb rast se flasim p\u00ebr t\u00eb pavarur, i pavarur \u00ebsht\u00eb ai q\u00eb merr guximin dhe thot\u00eb; shiko, un\u00eb dola n\u00eb aren\u00eb.<\/p>\n<p><strong>Pyetje: Po n\u00ebse nuk del asnj\u00ebri?<\/strong><\/p>\n<p><strong>Sali Berisha:\u00a0<\/strong>N\u00eb rast se nuk del asnj\u00ebri, at\u00ebher\u00eb jan\u00eb t\u00eb pavarurit e propozuar nga partit\u00eb. K\u00ebto nuk jan\u00eb kandidatura t\u00eb pavarura, k\u00ebto jan\u00eb kandidatura jasht\u00ebpartiake t\u00eb propozuara nga partit\u00eb dhe kjo shum\u00eb mir\u00eb, dhe kjo ka funksionuar.<\/p>\n<p>Tani un\u00eb mos t\u00eb num\u00ebroj kandidat\u00eb por PD, k\u00ebt\u00eb model q\u00eb po flas e ka p\u00ebrdorur.<\/p>\n<p>Nuk \u00ebsht\u00eb nj\u00eb praktik\u00eb e pavarur e p\u00ebrdorur nga PD. E t\u00eb pavarurit \u00ebsht\u00eb e parrahur.<\/p>\n<p>Kurse praktika e propozimit t\u00eb kandidat\u00ebve q\u00eb nuk kan\u00eb qen\u00eb n\u00eb PD, kjo \u00ebsht\u00eb e njohur me d\u00ebshmitar.<\/p>\n<p><strong>Pyetje: A \u00ebsht\u00eb Ermal Hasimja kandidat i pavarur?<\/strong><\/p>\n<p><strong>Sali Berisha:\u00a0<\/strong>Un\u00eb nuk jam k\u00ebtu p\u00ebr t\u00eb diskutuar p\u00ebr asnj\u00eb em\u00ebr. Nuk m\u00eb lejohet mua.<\/p>\n<p>N\u00ebse un\u00eb ftoj intelektual\u00eb, ftoj specialist\u00eb, ftoj ekspert\u00eb q\u00eb t\u00eb konsiderojn\u00eb kandidimin e tyre n\u00eb betej\u00eb p\u00ebr Tiran\u00ebn, Beratin, n\u00eb betej\u00eb p\u00ebr Vlor\u00eb, p\u00ebr t\u00eb gjitha qytetet, at\u00ebher\u00eb \u00e7far\u00eb kuptimi ka t\u00eb dal e t\u00eb them un\u00eb, mb\u00ebshtes filanin, ose nuk mb\u00ebshtes filanin. Jo.<\/p>\n<p><strong>Pyetje: I plot\u00ebson ato t\u00eb dh\u00ebna themi?<\/strong><\/p>\n<p><strong>Sali Berisha:\u00a0<\/strong>Tani, edhe nj\u00ebher\u00eb nuk kam asnj\u00eb prononcim p\u00ebr kandidatin.<\/p>\n<p><strong>Pyetje: Sa i takon \u00e7\u00ebshtjes, PS ka p\u00ebrcaktuar dhe cil\u00ebt do t\u00eb jen\u00eb personat q\u00eb do b\u00ebjn\u00eb fushat\u00eb n\u00eb deg\u00ebt e Tiran\u00ebs, apo bashkit\u00eb e tjera\u2026<\/strong><\/p>\n<p><strong>Sali Berisha:\u00a0<\/strong>Ka p\u00ebrcaktuar bandat kriminale, se ajo Lubia ka filluar takimet me bandat. \u00cbsht\u00eb takuar me Asllani i Vor\u00ebs dhe me radh\u00eb dhe po takon bandat.<\/p>\n<p><strong>Pyetje: Ata po takojn\u00eb bandat, ju kur do i takoni qytetar\u00ebt?<\/strong><\/p>\n<p><strong>Sali Berisha:<\/strong>\u00a0Po i heq deputetet q\u00eb nuk punojn\u00eb me bandat. Aty ligjin po e b\u00ebjn\u00eb bandat.<\/p>\n<p><strong>Pyetje: Po ju qytetar\u00ebt kur do i takoni?<\/strong><\/p>\n<p><strong>Sali Berisha:\u00a0<\/strong>Un\u00eb nuk them se, nuk \u00ebsht\u00eb nj\u00eb koh\u00eb e ngusht\u00eb. \u00cbsht\u00eb nj\u00eb koh\u00eb e ngusht\u00eb, por ne po i b\u00ebjm\u00eb k\u00ebto gj\u00ebra, do ti realizojm\u00eb.<\/p>\n<p><strong>Pyetje: Kandidatin e pavarur deri kur do e prisni?<\/strong><\/p>\n<p><strong>Sali Berisha:\u00a0<\/strong>Mendoj se dy dit\u00ebt e ardhshme do t\u00eb ishte koh\u00eb e p\u00ebrshtatshme se dhe zgjatja \u00ebsht\u00eb e pamundur.<\/p>\n<p>Sot dhe nes\u00ebr do t\u00eb pritet.<\/p>\n<p><strong>Pyetje: Keni emra t\u00eb p\u00ebrcaktuar?<\/strong><\/p>\n<p><strong>Sali Berisha:\u00a0<\/strong>Nuk ka gj\u00eb t\u00eb p\u00ebrcaktuar, nuk ka asgj\u00eb. Por vet\u00eb koha \u00ebsht\u00eb shum\u00eb e ngusht\u00eb.<\/p>\n<p><strong>Pyetje: Deri n\u00eb mesin e jav\u00ebs do ta keni kandidatin?<\/strong><\/p>\n<p><strong>Sali Berisha:\u00a0<\/strong>Do t\u00eb kemi kandidatin, ne do e mb\u00ebshtesim, partit\u00eb e tjera do e mb\u00ebshtesin ta supozojm\u00eb, por un\u00eb ftoj personalitete t\u00eb k\u00ebtij vendi, e k\u00ebtij qyteti, t\u00eb guxojn\u00eb sepse ne i mir\u00ebpresim absolutisht me shum\u00eb sinqeritet.<\/p>\n","protected":false},"excerpt":{"rendered":"<p>Kryetari i Partis\u00eb Demokratike, Sali Berisha, duke folur p\u00ebr gazetar\u00ebt jasht\u00eb selis\u00eb, pas mbledhjes s\u00eb kryesis\u00eb, \u00ebsht\u00eb shprehur se, do t\u00eb mb\u00ebshteten kandidat\u00eb t\u00eb pavarur q\u00eb do t\u00eb shpallin kandidaturat e tyre p\u00ebr t\u00eb konkurruar n\u00eb zgjedhjet e pjesshme lokale q\u00eb do t\u00eb zhvillohen n\u00eb dat\u00ebn 9 n\u00ebntor. Berisha u shpreh se, k\u00ebto kandidatura do &hellip;<\/p>\n","protected":false},"author":4,"featured_media":124863,"comment_status":"closed","ping_status":"closed","sticky":false,"template":"","format":"standard","meta":{"footnotes":""},"categories":[37],"tags":[],"class_list":["post-124862","post","type-post","status-publish","format-standard","has-post-thumbnail","","category-politike"],"_links":{"self":[{"href":"https:\/\/rdnews.al\/index.php\/wp-json\/wp\/v2\/posts\/124862","targetHints":{"allow":["GET"]}}],"collection":[{"href":"https:\/\/rdnews.al\/index.php\/wp-json\/wp\/v2\/posts"}],"about":[{"href":"https:\/\/rdnews.al\/index.php\/wp-json\/wp\/v2\/types\/post"}],"author":[{"embeddable":true,"href":"https:\/\/rdnews.al\/index.php\/wp-json\/wp\/v2\/users\/4"}],"replies":[{"embeddable":true,"href":"https:\/\/rdnews.al\/index.php\/wp-json\/wp\/v2\/comments?post=124862"}],"version-history":[{"count":2,"href":"https:\/\/rdnews.al\/index.php\/wp-json\/wp\/v2\/posts\/124862\/revisions"}],"predecessor-version":[{"id":124865,"href":"https:\/\/rdnews.al\/index.php\/wp-json\/wp\/v2\/posts\/124862\/revisions\/124865"}],"wp:featuredmedia":[{"embeddable":true,"href":"https:\/\/rdnews.al\/index.php\/wp-json\/wp\/v2\/media\/124863"}],"wp:attachment":[{"href":"https:\/\/rdnews.al\/index.php\/wp-json\/wp\/v2\/media?parent=124862"}],"wp:term":[{"taxonomy":"category","embeddable":true,"href":"https:\/\/rdnews.al\/index.php\/wp-json\/wp\/v2\/categories?post=124862"},{"taxonomy":"post_tag","embeddable":true,"href":"https:\/\/rdnews.al\/index.php\/wp-json\/wp\/v2\/tags?post=124862"}],"curies":[{"name":"wp","href":"https:\/\/api.w.org\/{rel}","templated":true}]}}