{"id":124866,"date":"2025-10-04T17:27:55","date_gmt":"2025-10-04T17:27:55","guid":{"rendered":"https:\/\/rdnews.al\/?p=124866"},"modified":"2025-10-04T17:27:55","modified_gmt":"2025-10-04T17:27:55","slug":"gjokutaj-veliaj-kur-e-hengri-ne-apel-kuptoi-qe-ishte-hakmarrje-e-rames","status":"publish","type":"post","link":"https:\/\/rdnews.al\/index.php\/2025\/10\/04\/gjokutaj-veliaj-kur-e-hengri-ne-apel-kuptoi-qe-ishte-hakmarrje-e-rames\/","title":{"rendered":"Gjokutaj: Veliaj kur e h\u00ebngri n\u00eb Apel kuptoi q\u00eb ishte hakmarrje e Ram\u00ebs!"},"content":{"rendered":"<p>Avokati Genc Gjokutaj\u00a0komentoi situat\u00ebn e kryebashkiakut t\u00eb shkarkuar t\u00eb Tiran\u00ebs, Erion Veliaj, duke e cil\u00ebsuar at\u00eb si nj\u00eb akt hakmarrjeje politike nga kryeministri Edi Rama.<\/p>\n<p>Gjokutaj u shpreh se Veliaj ka p\u00ebrjetuar nj\u00eb proces t\u00eb r\u00ebnd\u00eb, ku ndaj tij jan\u00eb p\u00ebrdorur masa t\u00eb ashpra, p\u00ebrfshir\u00eb d\u00ebrgimin e njer\u00ebzve n\u00eb burg me premtimin se do ta mbronin at\u00eb, nd\u00ebrsa n\u00eb t\u00eb nj\u00ebjt\u00ebn koh\u00eb i ishin vendosur p\u00ebrgjues.<\/p>\n<p>\u201cI d\u00ebrgonin njer\u00ebz n\u00eb burg duke i th\u00ebn\u00eb \u2018do t\u00eb mbrojm\u00eb ne\u2019, por ai mori kot. Nga ana tjet\u00ebr i vendosnin p\u00ebrgjues, dhe Ulsi Manja shkonte e takonte n\u00eb burg p\u00ebr t\u2019i krijuar iden\u00eb se \u2018jemi ne\u2019,\u201d\u00a0rr\u00ebfeu Gjokutaj, duke shtuar se Veliaj e kuptoi realitetin e v\u00ebrtet\u00eb vet\u00ebm kur \u00e7\u00ebshtja shkoi n\u00eb Apel.<\/p>\n<p>\u201cAt\u00eb q\u00eb i kan\u00eb b\u00ebr\u00eb Veliajt k\u00ebta, \u00ebsht\u00eb hakmarrje e Ram\u00ebs tamam. Ai e paralajm\u00ebroi: \u2018N\u00eb nj\u00eb nga ato pem\u00ebt do t\u00eb varet\u2019. E hoqi nga pozicioni i drejtuesit politik, nga fotografia familjare, i hoqi lejet e nd\u00ebrtimit. Veliaj dha mesazhin e qart\u00eb, vet\u00ebm burgu mbetej,\u201d p\u00ebrfundoi Gjokutaj \u00a0i ftuar n\u00eb emisionin \u201cKjo Jav\u00eb\u201d n\u00eb News24.<\/p>\n","protected":false},"excerpt":{"rendered":"<p>Avokati Genc Gjokutaj\u00a0komentoi situat\u00ebn e kryebashkiakut t\u00eb shkarkuar t\u00eb Tiran\u00ebs, Erion Veliaj, duke e cil\u00ebsuar at\u00eb si nj\u00eb akt hakmarrjeje politike nga kryeministri Edi Rama. Gjokutaj u shpreh se Veliaj ka p\u00ebrjetuar nj\u00eb proces t\u00eb r\u00ebnd\u00eb, ku ndaj tij jan\u00eb p\u00ebrdorur masa t\u00eb ashpra, p\u00ebrfshir\u00eb d\u00ebrgimin e njer\u00ebzve n\u00eb burg me premtimin se do ta &hellip;<\/p>\n","protected":false},"author":4,"featured_media":124867,"comment_status":"closed","ping_status":"closed","sticky":false,"template":"","format":"standard","meta":{"footnotes":""},"categories":[37],"tags":[],"class_list":["post-124866","post","type-post","status-publish","format-standard","has-post-thumbnail","","category-politike"],"_links":{"self":[{"href":"https:\/\/rdnews.al\/index.php\/wp-json\/wp\/v2\/posts\/124866","targetHints":{"allow":["GET"]}}],"collection":[{"href":"https:\/\/rdnews.al\/index.php\/wp-json\/wp\/v2\/posts"}],"about":[{"href":"https:\/\/rdnews.al\/index.php\/wp-json\/wp\/v2\/types\/post"}],"author":[{"embeddable":true,"href":"https:\/\/rdnews.al\/index.php\/wp-json\/wp\/v2\/users\/4"}],"replies":[{"embeddable":true,"href":"https:\/\/rdnews.al\/index.php\/wp-json\/wp\/v2\/comments?post=124866"}],"version-history":[{"count":1,"href":"https:\/\/rdnews.al\/index.php\/wp-json\/wp\/v2\/posts\/124866\/revisions"}],"predecessor-version":[{"id":124868,"href":"https:\/\/rdnews.al\/index.php\/wp-json\/wp\/v2\/posts\/124866\/revisions\/124868"}],"wp:featuredmedia":[{"embeddable":true,"href":"https:\/\/rdnews.al\/index.php\/wp-json\/wp\/v2\/media\/124867"}],"wp:attachment":[{"href":"https:\/\/rdnews.al\/index.php\/wp-json\/wp\/v2\/media?parent=124866"}],"wp:term":[{"taxonomy":"category","embeddable":true,"href":"https:\/\/rdnews.al\/index.php\/wp-json\/wp\/v2\/categories?post=124866"},{"taxonomy":"post_tag","embeddable":true,"href":"https:\/\/rdnews.al\/index.php\/wp-json\/wp\/v2\/tags?post=124866"}],"curies":[{"name":"wp","href":"https:\/\/api.w.org\/{rel}","templated":true}]}}