{"id":124869,"date":"2025-10-04T17:32:56","date_gmt":"2025-10-04T17:32:56","guid":{"rendered":"https:\/\/rdnews.al\/?p=124869"},"modified":"2025-10-04T17:32:56","modified_gmt":"2025-10-04T17:32:56","slug":"berisha-lubi-balluku-ka-nisur-takimet-me-bandat-shkoi-tek-asllani-i-vores","status":"publish","type":"post","link":"https:\/\/rdnews.al\/index.php\/2025\/10\/04\/berisha-lubi-balluku-ka-nisur-takimet-me-bandat-shkoi-tek-asllani-i-vores\/","title":{"rendered":"Berisha: Lubi Balluku ka nisur takimet me bandat, shkoi tek Asllani i Vor\u00ebs!"},"content":{"rendered":"<p>Kryetari i PD, Sali Berisha ka akuzuar drejtuesen e fushat\u00ebs s\u00eb PS n\u00eb Tiran\u00eb p\u00ebr zgjedhjet e pjesshme, Belinda Ballukun p\u00ebr lidhje me krimin n\u00eb kuad\u00ebr t\u00eb gar\u00ebs elektorale.<\/p>\n<p>Bersha u shpreh se, Balluku, t\u00eb cil\u00ebs iu referua si \u201cLubia\u201d, ka filluar takimet me bandat kriminale, duke p\u00ebrmendur emra si \u201cAsllani i Vor\u00ebs\u201d mes t\u00eb tjer\u00ebsh.<\/p>\n<p>M\u00eb tej ai foli edhe kandidatin e PD n\u00eb zgjedhjet e pjesshme, duke th\u00ebn\u00eb se n\u00eb dy dit\u00ebt e ardhshme do t\u00eb ishte koha e p\u00ebrshtatshme p\u00ebr nxjerrjen e nj\u00eb emri p\u00ebrfundimtar.<\/p>\n<p>\u201cUn\u00eb nuk jam k\u00ebtu p\u00ebr t\u00eb diskutuar p\u00ebr asnj\u00eb em\u00ebr. Nuk m\u00eb lejohet mua.<\/p>\n<p>N\u00ebse un\u00eb ftoj intelektual\u00eb, ftoj specialist\u00eb, ftoj ekspert\u00eb q\u00eb t\u00eb konsiderojn\u00eb kandidimin e tyre n\u00eb betej\u00eb p\u00ebr Tiran\u00ebn, Beratin, n\u00eb betej\u00eb p\u00ebr Vlor\u00eb, p\u00ebr t\u00eb gjitha qytetet, at\u00ebher\u00eb \u00e7far\u00eb kuptimi ka t\u00eb dal e t\u00eb them un\u00eb, mb\u00ebshtes filanin, ose nuk mb\u00ebshtes filanin. Jo.<\/p>\n<p>Tani, edhe nj\u00ebher\u00eb nuk kam asnj\u00eb prononcim p\u00ebr kandidatin.<\/p>\n<p>Ka p\u00ebrcaktuar bandat kriminale, se ajo Lubia ka filluar takimet me bandat. \u00cbsht\u00eb takuar me Asllani i Vor\u00ebs dhe me radh\u00eb dhe po takon bandat.<\/p>\n<p>Aty ligjin po e b\u00ebjn\u00eb bandat.<\/p>\n<p>Un\u00eb nuk them se, nuk \u00ebsht\u00eb nj\u00eb koh\u00eb e ngusht\u00eb. \u00cbsht\u00eb nj\u00eb koh\u00eb e ngusht\u00eb, por ne po i b\u00ebjm\u00eb k\u00ebto gj\u00ebra, do ti realizojm\u00eb.<\/p>\n<p>Mendoj se dy dit\u00ebt e ardhshme do t\u00eb ishte koh\u00eb e p\u00ebrshtatshme se dhe zgjatja \u00ebsht\u00eb e pamundur.<\/p>\n<p>Sot dhe nes\u00ebr do t\u00eb pritet. Nuk ka gj\u00eb t\u00eb p\u00ebrcaktuar, nuk ka asgj\u00eb. Por vet\u00eb koha \u00ebsht\u00eb shum\u00eb e ngusht\u00eb.<\/p>\n<p>Do t\u00eb kemi kandidatin, ne do e mb\u00ebshtesim, partit\u00eb e tjera do e mb\u00ebshtesin ta supozojm\u00eb, por un\u00eb ftoj personalitete t\u00eb k\u00ebtij vendi, e k\u00ebtij qyteti, t\u00eb guxojn\u00eb sepse ne i mir\u00ebpresim absolutisht me shum\u00eb sinqeritet\u201d,\u00a0tha Berisha.<\/p>\n","protected":false},"excerpt":{"rendered":"<p>Kryetari i PD, Sali Berisha ka akuzuar drejtuesen e fushat\u00ebs s\u00eb PS n\u00eb Tiran\u00eb p\u00ebr zgjedhjet e pjesshme, Belinda Ballukun p\u00ebr lidhje me krimin n\u00eb kuad\u00ebr t\u00eb gar\u00ebs elektorale. Bersha u shpreh se, Balluku, t\u00eb cil\u00ebs iu referua si \u201cLubia\u201d, ka filluar takimet me bandat kriminale, duke p\u00ebrmendur emra si \u201cAsllani i Vor\u00ebs\u201d mes t\u00eb &hellip;<\/p>\n","protected":false},"author":4,"featured_media":124870,"comment_status":"closed","ping_status":"closed","sticky":false,"template":"","format":"standard","meta":{"footnotes":""},"categories":[37],"tags":[],"class_list":["post-124869","post","type-post","status-publish","format-standard","has-post-thumbnail","","category-politike"],"_links":{"self":[{"href":"https:\/\/rdnews.al\/index.php\/wp-json\/wp\/v2\/posts\/124869","targetHints":{"allow":["GET"]}}],"collection":[{"href":"https:\/\/rdnews.al\/index.php\/wp-json\/wp\/v2\/posts"}],"about":[{"href":"https:\/\/rdnews.al\/index.php\/wp-json\/wp\/v2\/types\/post"}],"author":[{"embeddable":true,"href":"https:\/\/rdnews.al\/index.php\/wp-json\/wp\/v2\/users\/4"}],"replies":[{"embeddable":true,"href":"https:\/\/rdnews.al\/index.php\/wp-json\/wp\/v2\/comments?post=124869"}],"version-history":[{"count":1,"href":"https:\/\/rdnews.al\/index.php\/wp-json\/wp\/v2\/posts\/124869\/revisions"}],"predecessor-version":[{"id":124871,"href":"https:\/\/rdnews.al\/index.php\/wp-json\/wp\/v2\/posts\/124869\/revisions\/124871"}],"wp:featuredmedia":[{"embeddable":true,"href":"https:\/\/rdnews.al\/index.php\/wp-json\/wp\/v2\/media\/124870"}],"wp:attachment":[{"href":"https:\/\/rdnews.al\/index.php\/wp-json\/wp\/v2\/media?parent=124869"}],"wp:term":[{"taxonomy":"category","embeddable":true,"href":"https:\/\/rdnews.al\/index.php\/wp-json\/wp\/v2\/categories?post=124869"},{"taxonomy":"post_tag","embeddable":true,"href":"https:\/\/rdnews.al\/index.php\/wp-json\/wp\/v2\/tags?post=124869"}],"curies":[{"name":"wp","href":"https:\/\/api.w.org\/{rel}","templated":true}]}}