{"id":124872,"date":"2025-10-04T20:01:54","date_gmt":"2025-10-04T20:01:54","guid":{"rendered":"https:\/\/rdnews.al\/?p=124872"},"modified":"2025-10-04T20:02:38","modified_gmt":"2025-10-04T20:02:38","slug":"pasi-i-mashtroiper-votat-rama-con-ruspat-ne-kombinat-ja-godinave-qe-prishen-per-te-ndertuar-salillari","status":"publish","type":"post","link":"https:\/\/rdnews.al\/index.php\/2025\/10\/04\/pasi-i-mashtroiper-votat-rama-con-ruspat-ne-kombinat-ja-godinave-qe-prishen-per-te-ndertuar-salillari\/","title":{"rendered":"Pasi i mashtroip\u00ebr votat, Rama \u00e7on ruspat n\u00eb Kombinat! Ja godint q\u00eb prishen p\u00ebr t\u00eb nd\u00ebrtuar Salillari"},"content":{"rendered":"<div class=\"entry-header\">\n<h1 class=\"jeg_post_title\"><span style=\"font-size: 16px;\">Nga<\/span><strong style=\"font-size: 16px;\"> Boldnews.al<\/strong><\/h1>\n<\/div>\n<div class=\"entry-content no-share\">\n<div class=\"content-inner \">\n<p>Fadromat e Inspektoratit Nd\u00ebrtimor (IKMT) kan\u00eb nisur k\u00ebt\u00eb t\u00eb shtun\u00eb (4 Tetor 2025) prishjen e disa godinave n\u00eb Kombinat, si hap i par\u00eb i shkat\u00ebrrimit t\u00eb dhjetrave t\u00eb tilla, n\u00eb funksion t\u00eb nj\u00eb projekti, p\u00ebr t\u00eb cilin Bashkia e Tiran\u00ebs zhvilloi tender 5 milion\u00eb euro e q\u00eb u fitua nga kompania \u201cSalillari\u201d.<\/p>\n<p>Rreth nj\u00eb vit m\u00eb par\u00eb, \u201c<a href=\"https:\/\/boldnews.al\/2024\/08\/19\/do-te-prishen-shume-godina-veliaj-kthen-ruspat-ne-kombinat-favor-boseve-te-ndertimit\/\" target=\"_blank\" rel=\"noopener\">Boldnews.al<\/a>\u201d e paralajm\u00ebroi se projekti i iniciuar nga kryebashkiaku, tashm\u00eb i arrestuar, Erion Veliaj, p\u00ebr nd\u00ebrtimin e nj\u00eb rruge n\u00eb form\u00eb unaze n\u00eb pjes\u00ebn m\u00eb periferike t\u00eb zon\u00ebs, do t\u00eb shoq\u00ebrohej me shkat\u00ebrrimin e qindra godinave.<\/p>\n<p>Pas atij publikimi, mesazhe t\u00eb ndryshme mb\u00ebrrit\u00ebn n\u00eb redaksi, ku kritikonin fry\u00ebm e artikullit, me argumentin se sht\u00ebpit\u00eb nuk do t\u00eb prishen, pasi kishin \u201cmarr\u00eb premtime nga autoritetet\u201d.<\/p>\n<figure id=\"attachment_1606782\" class=\"wp-caption alignnone\" aria-describedby=\"caption-attachment-1606782\"><img loading=\"lazy\" decoding=\"async\" class=\"size-medium wp-image-1606782\" src=\"https:\/\/boldnews.al\/wp-content\/uploads\/2025\/10\/WhatsApp-Image-2025-10-04-at-1.28.26-PM-640x458.jpeg\" sizes=\"auto, (max-width: 640px) 100vw, 640px\" srcset=\"https:\/\/boldnews.al\/wp-content\/uploads\/2025\/10\/WhatsApp-Image-2025-10-04-at-1.28.26-PM-640x458.jpeg 640w, https:\/\/boldnews.al\/wp-content\/uploads\/2025\/10\/WhatsApp-Image-2025-10-04-at-1.28.26-PM-1024x733.jpeg 1024w, https:\/\/boldnews.al\/wp-content\/uploads\/2025\/10\/WhatsApp-Image-2025-10-04-at-1.28.26-PM-120x86.jpeg 120w, https:\/\/boldnews.al\/wp-content\/uploads\/2025\/10\/WhatsApp-Image-2025-10-04-at-1.28.26-PM-350x250.jpeg 350w, https:\/\/boldnews.al\/wp-content\/uploads\/2025\/10\/WhatsApp-Image-2025-10-04-at-1.28.26-PM-750x537.jpeg 750w, https:\/\/boldnews.al\/wp-content\/uploads\/2025\/10\/WhatsApp-Image-2025-10-04-at-1.28.26-PM.jpeg 1133w\" alt=\"\" width=\"640\" height=\"458\" data-pin-no-hover=\"true\" \/><figcaption id=\"caption-attachment-1606782\" class=\"wp-caption-text\"><em>N\u00eb foto: Pamja nga nd\u00ebrhyrja e Inspektorati Nd\u00ebrtimor n\u00eb Kombinat<\/em><\/figcaption><\/figure>\n<p>Gjithashtu, nj\u00eb armat\u00eb e t\u00ebr\u00eb zyrtar\u00ebsh lokal\u00eb e qendrore u shp\u00ebrndan\u00eb n\u00eb zon\u00ebn e Kombinatit gjat\u00eb fushat\u00ebs elektorale p\u00ebr zgjedhjet parlamentare t\u00eb 11 Majit 2025, ku s\u00ebrish u shp\u00ebrndan\u00eb premtime n\u00eb aj\u00ebr, se asnj\u00eb banes\u00eb nuk do t\u00eb prishej dhe projekti i rrug\u00ebs q\u00eb do t\u00eb lidhte zon\u00ebn e re t\u00eb Rind\u00ebrtimit me pjes\u00ebn tjet\u00ebr t\u00eb lagjes, do t\u00eb rishikohej.<\/p>\n<p>Tashm\u00eb q\u00eb zgjedhjet mbaruan, edhe pse Veliaj \u00ebsht\u00eb n\u00eb paraburgim, fadromat e IKMT-s\u00eb nis\u00ebm m\u00ebsymjen n\u00eb Kombinat, duke hequr nga fytyra mask\u00ebn elektorale, e duke shfaqur tiparet e v\u00ebrteta t\u00eb shtetit t\u00eb Edi Ram\u00ebs, t\u00eb cilit i dhan\u00eb vot\u00ebn, duke besuar tek premtimet e fushat\u00ebs.<\/p>\n<p><strong>Plani i shkat\u00ebrrimit<\/strong><\/p>\n<p>Rreth 5 vjet pas t\u00ebrmetit tragjik t\u00eb n\u00ebntorit 2019, e konkretisht n\u00eb gusht 2024, Bashkia e Tiran\u00ebs vendosi t\u00eb shkat\u00ebrroj\u00eb shum\u00eb godina e banesa t\u00eb tjera private n\u00eb Kombinat, n\u00eb kuad\u00ebr t\u00eb atij q\u00eb e konsideron si \u201c<em>Plan i Detyruesh\u00ebm Vendor<\/em>\u201d.<\/p>\n<p>N\u00eb zbatim t\u00eb k\u00ebtij Plani, Bashkia e drejtuar n\u00eb at\u00eb koh\u00eb nga Erion Veliaj shpallur tenderin me objekt \u201c<em>Nd\u00ebrtimi i Infrastruktur\u00ebs Publike\u2026<\/em>\u201d, me fond limit 480 milion\u00eb lek\u00eb t\u00eb reja ose af\u00ebrsisht 5 milion\u00eb euro, s\u00eb bashku me TVSH.<\/p>\n<p>Projekti thot\u00eb se synon t\u00eb nd\u00ebrtoj\u00eb ose t\u00eb p\u00ebrmir\u00ebsoj\u00eb infrastruktur\u00ebn rrugore, e cila lidh hap\u00ebsir\u00ebn sub-urbane t\u00eb Kombinatit, ku jan\u00eb nd\u00ebrtuar pallatet e reja n\u00eb kuad\u00ebr t\u00eb Rind\u00ebrtimit, me pjes\u00ebn tjet\u00ebr t\u00eb zon\u00ebs.<\/p>\n<p>Tashm\u00eb k\u00ebto rrug\u00eb jan\u00eb t\u00eb domosdoshme, pasi pallatet e reja po nd\u00ebrtohen dhe banor\u00ebt q\u00eb do t\u2019i popullojn\u00eb do t\u00eb ken\u00eb nevoj\u00eb imediate p\u00ebr qarkullim.<\/p>\n<p>Por, nga ana tjet\u00ebr, ky Plan i Detyruesh\u00ebm Vendor, m\u00eb sakt\u00ebsisht tenderi p\u00ebr nd\u00ebrtimin e rrug\u00ebve t\u00eb reja, zbuloi zyrtarisht nj\u00eb tjet\u00ebr \u201cplan\u201d q\u00eb Veliaj duket se e ka pasur n\u00eb mendje q\u00eb n\u00eb dit\u00ebt e para pas t\u00ebrmetit tragjik; largimin e banor\u00ebve, t\u00eb cil\u00ebve iu d\u00ebmtuan banesat, lirimin e truallit ku dikur ishin pallatet e d\u00ebmtuar dhe vendosjen e k\u00ebsaj hap\u00ebsire n\u00eb funksion t\u00eb bos\u00ebve t\u00eb biznesit t\u00eb nd\u00ebrtimit.<\/p>\n<p>Nuk \u00ebsht\u00eb pak. B\u00ebhet fjal\u00eb p\u00ebr mij\u00ebra metra katror truall t\u00eb lir\u00eb, n\u00eb qend\u00ebr t\u00eb Kombinatit, t\u00eb cil\u00ebn Bashkia e liroi me fadroma, n\u00eb kuad\u00ebr t\u00eb \u201cemergjenc\u00ebs pas-t\u00ebrmetit\u201d.<\/p>\n<p>N\u00eb dokumentat e tenderit thuhet se \u201c<em>sipas Planit t\u00eb detyr\u00ebsh\u00ebm Vendor Kombinat, e gjith\u00eb qendra e Kombinatit do t\u00eb kthehet n\u00eb nj\u00eb zone elitare banimi, n\u00eb t\u00eb cil\u00ebn qarkullimi automobilitik do t\u00eb b\u00ebhet n\u00ebp\u00ebrmjet nj\u00eb unaze t\u00eb re q\u00eb do t\u00eb nd\u00ebrtohet, rrug\u00ebve t\u00eb brendshme dhe do t\u00eb krijohen gjithashtu disa zona t\u00eb reja zhvillimore\u2026\u201d.<\/em><\/p>\n<p>Dokumentat nuk e p\u00ebrmendin se kush do t\u00eb nd\u00ebrtoj\u00eb k\u00ebt\u00eb \u201czon\u00eb elitare\u201d n\u00eb qend\u00ebr t\u00eb Kombinatit.<\/p>\n<p><strong>Tenderi 5 mln euro p\u00ebr \u201cSalillarin\u201d<\/strong><\/p>\n<p>N\u00eb Tetor t\u00eb vitit 2024, Bashkia e Tiran\u00ebs shpall rezultatet e tenderit rreth 5 milion\u00eb euro (480 milion\u00eb lek\u00eb t\u00eb reja), p\u00ebr nd\u00ebrtimin ose rikonstruksionin e rrug\u00ebve n\u00eb zon\u00ebn e Kombinatit.<\/p>\n<p>N\u00eb gar\u00eb rezultojn\u00eb se marrin pjes\u00eb 14 operator\u00eb ekonomik\u00eb, 6 prej t\u00eb cil\u00ebve skualifikohen.<\/p>\n<p>N\u00eb p\u00ebrfundim, Bashkia e drejtuar n\u00eb at\u00eb koh\u00eb nga Veliaj, shpall fitues kompanin\u00eb \u201cSalillari\u201d, t\u00eb P\u00ebllumb Salillarit.<\/p>\n<figure id=\"attachment_1606780\" class=\"wp-caption alignnone\" aria-describedby=\"caption-attachment-1606780\"><img loading=\"lazy\" decoding=\"async\" class=\"size-full wp-image-1606780\" src=\"https:\/\/boldnews.al\/wp-content\/uploads\/2025\/10\/WhatsApp-Image-2025-10-04-at-1.28.26-PM-1.jpeg\" alt=\"\" width=\"615\" height=\"762\" data-pin-no-hover=\"true\" \/><figcaption id=\"caption-attachment-1606780\" class=\"wp-caption-text\"><em>N\u00eb foto: Tenderi u fitua nga kompania \u201cSalillari\u201d<\/em><\/figcaption><\/figure>\n<p>N\u00eb dokumentat e konsultuar nga \u201c<strong><em>Boldnews.al\u201d<\/em><\/strong> rezulton se \u201cSalillari\u201d nuk kishte paraqitur ofert\u00ebn m\u00eb t\u00eb ul\u00ebt. Megjithat\u00eb, ai u shpall fitues, pasi ofertuesit me vler\u00eb m\u00eb t\u00eb vog\u00ebl, u skualifikuan nga gara.<img loading=\"lazy\" decoding=\"async\" src=\"https:\/\/ads.adsense.al\/www\/delivery\/lg.php?bannerid=0&amp;campaignid=0&amp;zoneid=138&amp;loc=https%3A%2F%2Fboldnews.al%2F2025%2F10%2F04%2Fi-mashtruan-per-vota-harta-e-plote-e-godinave-qe-prishen-ne-kombinat-pas-tenderit-5-mln-euro-te-salillarit%2F&amp;referer=https%3A%2F%2Fboldnews.al%2Fcategory%2Faktualitet%2Fpage%2F4%2F&amp;cb=eccba5faf0\" alt=\"\" width=\"0\" height=\"0\" \/><\/p>\n<p><strong>\u00a0\u201cDo t\u00eb prishen shum\u00eb objekte ekzistuese\u201d<\/strong><\/p>\n<p>Plani p\u00ebr infrastruktur\u00ebn e detyrueshme rrugore n\u00eb Kombinat do t\u00eb \u201c<em>shoq\u00ebrohet me prishjen e shum\u00eb objekteve ekzistuese<\/em>\u201d, si\u00e7 citohet n\u00eb dokumentat e Bashkis\u00eb s\u00eb Tiran\u00ebs. K\u00ebto objekte jan\u00eb godina private ose sht\u00ebpi banimi.<\/p>\n<p>Plani parashikon 4 blloqe nd\u00ebrhyrjeje.<\/p>\n<p><strong><u>Blloku i par\u00eb<\/u><\/strong>\u00a0\u00ebsht\u00eb aksi q\u00eb pritet t\u00eb lidh rrug\u00ebt \u201cThimi Krej\u201d-\u201cShaban Bardhoshi\u201d-Rruga e Qelqit\u201d<\/p>\n<figure id=\"attachment_1606794\" class=\"wp-caption alignnone\" aria-describedby=\"caption-attachment-1606794\"><img loading=\"lazy\" decoding=\"async\" class=\"size-full wp-image-1606794\" src=\"https:\/\/boldnews.al\/wp-content\/uploads\/2025\/10\/WhatsApp-Image-2025-10-04-at-1.28.30-PM.jpeg\" alt=\"\" width=\"640\" height=\"413\" data-pin-no-hover=\"true\" \/><figcaption id=\"caption-attachment-1606794\" class=\"wp-caption-text\"><em>N\u00eb foto: Blloku 1 i nd\u00ebrhyrjeve infrastrukturore n\u00eb Kombinat<\/em><\/figcaption><\/figure>\n<p>Infrastruktura e re rrugore e ka pik\u00ebnisjen n\u00eb rrug\u00ebn \u201cThimi Krej\u201d, pik\u00ebrisht aty ku po nd\u00ebrtohen godinat e reja p\u00ebr t\u00eb pastreh\u00ebt e t\u00ebrmetit.<\/p>\n<figure id=\"attachment_1606792\" class=\"wp-caption alignnone\" aria-describedby=\"caption-attachment-1606792\"><img loading=\"lazy\" decoding=\"async\" class=\"size-full wp-image-1606792\" src=\"https:\/\/boldnews.al\/wp-content\/uploads\/2025\/10\/WhatsApp-Image-2025-10-04-at-1.28.29-PM-3.jpeg\" alt=\"\" width=\"640\" height=\"850\" data-pin-no-hover=\"true\" \/><figcaption id=\"caption-attachment-1606792\" class=\"wp-caption-text\"><em>N\u00eb foto: Godinat e reja n\u00eb rrug\u00ebn \u201cThimi Krej\u201d, n\u00eb Kombinat (foto: Boldnews.al)<\/em><\/figcaption><\/figure>\n<p>Si\u00e7 duket nga pamjet, p\u00ebr momentin, rruga ka vet\u00ebm em\u00ebr, por ajo nuk ekziston, pasi \u00ebsht\u00eb rrethuar nga kantieri i nd\u00ebrtimit. Megjithat\u00eb, Plani Vendor parashikon q\u00eb k\u00ebto godina t\u00eb lidhen me \u201cRrug\u00ebn e Qelqit\u201d, n\u00ebp\u00ebrmjet nj\u00eb aksi tjet\u00ebr, i quajtur \u201cShaban Bardhoshi\u201d.<\/p>\n<p>Gjurma e rrug\u00ebs pritet t\u00eb kaloj\u00eb pak a shum\u00eb n\u00eb zon\u00ebn e fotografuar m\u00eb posht\u00eb, nga ku dallohet qart\u00eb se aksi rrugor \u00ebsht\u00eb i pamjaftuesh\u00ebm p\u00ebr qarkullim normal.<\/p>\n<figure id=\"attachment_1606791\" class=\"wp-caption alignnone\" aria-describedby=\"caption-attachment-1606791\"><img loading=\"lazy\" decoding=\"async\" class=\"size-full wp-image-1606791\" src=\"https:\/\/boldnews.al\/wp-content\/uploads\/2025\/10\/WhatsApp-Image-2025-10-04-at-1.28.29-PM-2.jpeg\" alt=\"\" width=\"640\" height=\"553\" data-pin-no-hover=\"true\" \/><figcaption id=\"caption-attachment-1606791\" class=\"wp-caption-text\"><em>N\u00eb foto: Zona e p\u00ebraf\u00ebrt, ku do t\u00eb kaloj\u00eb gjurma e rrug\u00ebs s\u00eb re (foto: Boldnews.al)<\/em><\/figcaption><\/figure>\n<p>Pak a shum\u00eb, n\u00eb k\u00ebt\u00eb pik\u00eb pritet t\u00eb nisin \u201cprishjet e detyruara\u201d t\u00eb Bashkis\u00eb s\u00eb Tiran\u00ebs.<\/p>\n<p>Edhe n\u00eb skajin tjet\u00ebr t\u00eb k\u00ebtij aksi rrugor, pra n\u00eb fund t\u00eb \u201cRrug\u00ebs s\u00eb Qelqit\u201d, duket qart\u00eb n\u00eb fotot e shkrepura nga \u201c<strong><em>Boldnews.al<\/em><\/strong>\u201d se nuk ka hap\u00ebsir\u00eb t\u00eb lirshme p\u00ebr rrug\u00ebn e re. Gj\u00eb q\u00eb do t\u00eb thot\u00eb se edhe n\u00eb k\u00ebt\u00eb pik\u00eb pritet t\u00eb ket\u00eb prishje godinash.<\/p>\n<figure id=\"attachment_1606790\" class=\"wp-caption alignnone\" aria-describedby=\"caption-attachment-1606790\"><img loading=\"lazy\" decoding=\"async\" class=\"size-full wp-image-1606790\" src=\"https:\/\/boldnews.al\/wp-content\/uploads\/2025\/10\/WhatsApp-Image-2025-10-04-at-1.28.29-PM-1.jpeg\" alt=\"\" width=\"640\" height=\"559\" data-pin-no-hover=\"true\" \/><figcaption id=\"caption-attachment-1606790\" class=\"wp-caption-text\"><em>N\u00eb foto: Pika fundore e \u201cRruga e Qelqit\u201d, e cila do t\u00eb lidhet me rrug\u00ebn e pallateve t\u00eb reja (foto: Boldnews.al)<\/em><\/figcaption><\/figure>\n<p>N\u00eb vijim, plani i ri sugjeron zgjerimin e \u201cRrug\u00ebs s\u00eb Qelqit\u201d, deri n\u00eb daljen e rrug\u00ebs kryesore n\u00eb Kombinat, e nj\u00ebjta q\u00eb sh\u00ebrben p\u00ebr t\u00eb udh\u00ebtuar drejt Durr\u00ebsit nga krahu i Ndroqit.<\/p>\n<figure id=\"attachment_1606793\" class=\"wp-caption alignnone\" aria-describedby=\"caption-attachment-1606793\"><img loading=\"lazy\" decoding=\"async\" class=\"size-full wp-image-1606793\" src=\"https:\/\/boldnews.al\/wp-content\/uploads\/2025\/10\/WhatsApp-Image-2025-10-04-at-1.28.29-PM.jpeg\" alt=\"\" width=\"640\" height=\"528\" data-pin-no-hover=\"true\" \/><figcaption id=\"caption-attachment-1606793\" class=\"wp-caption-text\"><em>N\u00eb foto: Rruga e Qelqit, Kombinat (foto: Boldnews.al)<\/em><\/figcaption><\/figure>\n<p>Blloku i dyt\u00eb shtrihet n\u00eb nj\u00eb zon\u00eb, e cila ka qen\u00eb shum\u00eb her\u00ebt, para t\u00ebrmetit, n\u00eb d\u00ebshirat e kryebashkiakut Erion Veliaj p\u00ebr t\u2019u prishur. N\u00eb Kombinat, ajo zon\u00eb njihet me emrin \u201cPallatet e Pupulitit\u201d.<\/p>\n<figure id=\"attachment_1606788\" class=\"wp-caption alignnone\" aria-describedby=\"caption-attachment-1606788\"><img loading=\"lazy\" decoding=\"async\" class=\"size-full wp-image-1606788\" src=\"https:\/\/boldnews.al\/wp-content\/uploads\/2025\/10\/WhatsApp-Image-2025-10-04-at-1.28.28-PM-3.jpeg\" alt=\"\" width=\"640\" height=\"418\" data-pin-no-hover=\"true\" \/><figcaption id=\"caption-attachment-1606788\" class=\"wp-caption-text\"><em>N\u00eb foto: Blloku 2 i nd\u00ebrhyrjes infrastrukturore n\u00eb Kombinat<\/em><\/figcaption><\/figure>\n<p>N\u00eb planin vendor \u201cT030\u201d, t\u00eb prezantuar n\u00eb maj 2019, pra 6 muaj para t\u00ebrmetit, Veliaj u prezantoi banor\u00ebve t\u00eb Kombinatit iden\u00eb e tij p\u00ebr prishje t\u00eb plota t\u00eb godinave t\u00eb vjetra n\u00eb at\u00eb zon\u00eb dhe shnd\u00ebrrimin n\u00eb nj\u00eb pol t\u00eb ri zhvillimi, si\u00e7 e cil\u00ebsoi ai.<\/p>\n<p>Plani u shty n\u00eb koh\u00eb dhe Bashkia e Tiran\u00ebs tentoi t\u2019i vendoste shiritin e prishjes k\u00ebtyre godinave pas t\u00ebrmetit t\u00eb 26 n\u00ebntorit 2019, megjith\u00ebse ato nuk ishin t\u00eb d\u00ebmtuara deri n\u00eb at\u00eb nivel.<\/p>\n<p>Tashm\u00eb, at\u00eb q\u00eb nisi me planin \u201cT030\u201d, Veliaj duket se do ta plot\u00ebsoj\u00eb me Planin e Detyruesh\u00ebm Vendor.<\/p>\n<p>Zona, realisht ka nevoj\u00eb p\u00ebr nd\u00ebrhyrje infrastrukturore, por banor\u00ebt jan\u00eb tejet dyshues se planet e Veliajt mund t\u00eb fshehin rrafshimin total t\u00eb zon\u00ebs dhe shnd\u00ebrrimin e hap\u00ebsir\u00eb n\u00eb nj\u00eb truall t\u00eb lir\u00eb dhe gjigand p\u00ebr biznesin e nd\u00ebrtimit.<\/p>\n<figure id=\"attachment_1606787\" class=\"wp-caption alignnone\" aria-describedby=\"caption-attachment-1606787\"><img loading=\"lazy\" decoding=\"async\" class=\"size-full wp-image-1606787\" src=\"https:\/\/boldnews.al\/wp-content\/uploads\/2025\/10\/WhatsApp-Image-2025-10-04-at-1.28.28-PM-2.jpeg\" alt=\"\" width=\"640\" height=\"562\" data-pin-no-hover=\"true\" \/><figcaption id=\"caption-attachment-1606787\" class=\"wp-caption-text\"><em>N\u00eb foto: Zona e njohur si \u201cPallatet e Pupulitit\u201d n\u00eb Kombinat (foto: Boldnews.al)<\/em><\/figcaption><\/figure>\n<p>Blloku i tret\u00eb zbulon planin \u201creal\u201d t\u00eb Veliajt, at\u00eb p\u00ebr t\u00eb cilin banor\u00ebt e zon\u00ebs kan\u00eb dyshuar q\u00eb n\u00eb krye t\u00eb her\u00ebs-p\u00ebrz\u00ebnien e qytetar\u00ebve n\u00eb periferi sub-urbane dhe shnd\u00ebrrimin e qendr\u00ebs s\u00eb Kombinatit n\u00eb nj\u00eb shesh gjigand nd\u00ebrtimi p\u00ebr kompanit\u00eb e nd\u00ebrtimit.<\/p>\n<p>N\u00eb Planin e detyruesh\u00ebm\u00a0 Vendor p\u00ebr Kombinatin thuhet:\u00a0<em>\u201c\u2026 Rruga \u201cLlambi Bonata\u201d, q\u00eb \u00ebsht\u00eb vazhdim i rrug\u00ebs s\u00eb\u201dFabrik\u00ebs s\u00eb Qelqit\u201d \u00ebsht\u00eb rrug\u00eb ekzistuese, e asfaltuar. Prishjet jan\u00eb t\u00eb pakta, pasi dhe gjer\u00ebsia e rrug\u00ebs s\u00eb re p\u00ebrputhet me at\u00eb ekzistuese. Natyrisht q\u00eb infrastruktura inxhinierike do t\u00eb b\u00ebhet e re, pasi kjo zon\u00eb do rind\u00ebrtohet me blloqe pallatesh dhe k\u00ebrkon nj\u00eb ridimensionim, si t\u00eb kanalizimeve, uj\u00ebsjell\u00ebsit, elektrikut etj. \u2026\u201d.<\/em><\/p>\n<figure id=\"attachment_1606786\" class=\"wp-caption alignnone\" aria-describedby=\"caption-attachment-1606786\"><img loading=\"lazy\" decoding=\"async\" class=\"size-full wp-image-1606786\" src=\"https:\/\/boldnews.al\/wp-content\/uploads\/2025\/10\/WhatsApp-Image-2025-10-04-at-1.28.28-PM-1.jpeg\" alt=\"\" width=\"640\" height=\"446\" data-pin-no-hover=\"true\" \/><figcaption id=\"caption-attachment-1606786\" class=\"wp-caption-text\"><em>N\u00eb foto: Blloku 3 i nd\u00ebrhyrjes infrastrukturore n\u00eb Kombinat<\/em><\/figcaption><\/figure>\n<p>N\u00eb paragrafin e m\u00ebsip\u00ebrm t\u00eb Planit Vendor theksohet se \u201cnd\u00ebrhyrjet jan\u00eb t\u00eb pakta\u201d dhe \u201ckjo zon\u00eb do t\u00eb rind\u00ebrtohet me blloqe pallatesh\u201d.<\/p>\n<p>\u201cBlloku 3\u201d, si\u00e7 p\u00ebrcaktohet n\u00eb dokumentat e Bashkis\u00eb, p\u00ebrb\u00ebn zon\u00ebn, n\u00eb t\u00eb cil\u00ebn u demoluan pjesa m\u00eb e madhe e godinave n\u00eb Kombinat. Pas nj\u00eb procesi tejet t\u00eb diskutuesh\u00ebm, tashm\u00eb aty \u00ebsht\u00eb krijuar nj\u00eb truall i lir\u00eb, me sip\u00ebrfaqe dhjetra mij\u00ebra metra katror\u00eb.<\/p>\n<figure id=\"attachment_1606789\" class=\"wp-caption alignnone\" aria-describedby=\"caption-attachment-1606789\"><img loading=\"lazy\" decoding=\"async\" class=\"size-full wp-image-1606789\" src=\"https:\/\/boldnews.al\/wp-content\/uploads\/2025\/10\/WhatsApp-Image-2025-10-04-at-1.28.28-PM.jpeg\" alt=\"\" width=\"640\" height=\"482\" data-pin-no-hover=\"true\" \/><figcaption id=\"caption-attachment-1606789\" class=\"wp-caption-text\"><em>N\u00eb foto: Trualli i lir\u00eb, ku parashikohet t\u00eb nd\u00ebrtohen blloqe pallatesh (foto: Boldnews.al)<\/em><\/figcaption><\/figure>\n<p>Banor\u00ebt e Kombinatit kan\u00eb k\u00ebrkuar shpesh nga Bashkia q\u00eb t\u00eb rind\u00ebrtoj\u00eb n\u00eb t\u00eb nj\u00ebjt\u00ebn zon\u00eb godinat e reja. Por, institucioni vendor e b\u00ebri veshin shurdh dhe vendosi q\u00eb pallatet e reja t\u00eb ngriheshin n\u00eb periferin\u00eb sub-urbane.<\/p>\n<p>Nd\u00ebrsa, sa p\u00ebr truallin e lir\u00eb, tashm\u00eb Bashkia e pranon vet\u00eb se do t\u00eb shnd\u00ebrrohet n\u00eb nj\u00eb \u201cbllok pallatesh\u201d. Por, nuk e citon askund se kush do t\u2019i nd\u00ebrtoj\u00eb k\u00ebto blloqe pallatesh.<\/p>\n<figure id=\"attachment_1606784\" class=\"wp-caption alignnone\" aria-describedby=\"caption-attachment-1606784\"><img loading=\"lazy\" decoding=\"async\" class=\"size-full wp-image-1606784\" src=\"https:\/\/boldnews.al\/wp-content\/uploads\/2025\/10\/WhatsApp-Image-2025-10-04-at-1.28.27-PM-2.jpeg\" alt=\"\" width=\"640\" height=\"482\" data-pin-no-hover=\"true\" \/><figcaption id=\"caption-attachment-1606784\" class=\"wp-caption-text\"><em>N\u00eb foto: Trualli i lir\u00eb, i krijuar n\u00eb qend\u00ebr t\u00eb Kombinatit, pas prishjes s\u00eb pallateve (foto: Boldnews.al)<\/em><\/figcaption><\/figure>\n<p>N\u00ebse do t\u00eb ishin p\u00ebr banor\u00ebt e pastreh\u00eb, n\u00eb at\u00eb truall tashm\u00eb do t\u00eb punohej p\u00ebr Rind\u00ebrtimin. Por, duket qart\u00eb se zemra e Kombinatit \u00ebsht\u00eb parashikuar t\u00eb plot\u00ebsohet me \u201cblloqe pallatesh\u201d, jo p\u00ebr qytetar\u00ebt e pastreh\u00eb.<\/p>\n<p>Plani p\u00ebr \u201cbllokun 3\u201d vijon edhe m\u00eb tej, ku parashikohet zgjerim rrug\u00ebsh n\u00eb pjes\u00ebn fundore t\u00eb rrug\u00ebs \u201cLlambi Bonata\u201d, nj\u00eb zon\u00eb me godina t\u00eb vogla, t\u00eb cilat i rezistuan m\u00eb s\u00eb miri t\u00ebrmetit.<\/p>\n<figure id=\"attachment_1606783\" class=\"wp-caption alignnone\" aria-describedby=\"caption-attachment-1606783\"><img loading=\"lazy\" decoding=\"async\" class=\"size-full wp-image-1606783\" src=\"https:\/\/boldnews.al\/wp-content\/uploads\/2025\/10\/WhatsApp-Image-2025-10-04-at-1.28.27-PM-1.jpeg\" alt=\"\" width=\"640\" height=\"547\" data-pin-no-hover=\"true\" \/><figcaption id=\"caption-attachment-1606783\" class=\"wp-caption-text\"><em>N\u00eb foto: Pjesa fundore e rrug\u00ebs \u2018Llambi Bonata\u201d, parashikohet t\u00eb zgjerohet (foto: Boldnews.al)<\/em><\/figcaption><\/figure>\n<p>Por, nj\u00eb pjes\u00eb e tyre duket se do t\u00eb ndjej\u00eb goditjen e fadrom\u00ebs bashkiake, n\u00eb kuad\u00ebr t\u00eb Planit t\u00eb Detyruesh\u00ebm Vendor p\u00ebr Kombinatin.<\/p>\n<p>Blloku i kat\u00ebrt i nd\u00ebrhyrjes s\u00eb Bashkis\u00eb prek zon\u00ebn per\u00ebndimore t\u00eb Kombinatit dhe, sipas Planit Vendor, mbyll ciklin e Unaz\u00ebs s\u00eb re t\u00eb zon\u00ebs. Edhe n\u00eb k\u00ebt\u00eb zon\u00eb ka pasur \u201cshembje pallatesh t\u00eb detyruara\u201d n\u00eb num\u00ebr t\u00eb lart\u00eb dhe tashm\u00eb ka troje t\u00eb lira n\u00eb sip\u00ebrfaqe t\u00eb konsiderueshme.<\/p>\n<p>Ky \u201cbllok\u201d, sipas Bashkis\u00eb, kufizohet n\u00eb rrug\u00ebt \u201cTanush Frash\u00ebri\u201d, \u201cMusine Kokalari\u201d dhe \u201cShpataj\u201d.<\/p>\n<figure id=\"attachment_1606785\" class=\"wp-caption alignnone\" aria-describedby=\"caption-attachment-1606785\"><img loading=\"lazy\" decoding=\"async\" class=\"size-full wp-image-1606785\" src=\"https:\/\/boldnews.al\/wp-content\/uploads\/2025\/10\/WhatsApp-Image-2025-10-04-at-1.28.27-PM.jpeg\" alt=\"\" width=\"640\" height=\"415\" data-pin-no-hover=\"true\" \/><figcaption id=\"caption-attachment-1606785\" class=\"wp-caption-text\"><em>N\u00eb foto: Blloku 4 i nd\u00ebrhyrjes infrastrukturore n\u00eb Kombinat<\/em><\/figcaption><\/figure>\n<p>P\u00ebr k\u00ebt\u00eb zon\u00eb, n\u00eb dokumentat e tenderit jepet ky p\u00ebrshkrim: \u201c<em>Prishjet jan\u00eb t\u00eb pakta, pasi edhe gjersia e rrug\u00ebs s\u00eb re p\u00ebrputhet me at\u00eb ekzistuese. Natyrisht q\u00eb infrastruktura inxhinierike do b\u00ebhet e re, pasi kjo zon\u00eb do t\u00eb rind\u00ebrtohet me blloqe pallatesh dhe k\u00ebrkon nj\u00eb ridimensionim si t\u00eb kanalizimeve, uj\u00ebsjell\u00ebsit, elektrikut etj\u201d<\/em>.<\/p>\n<p>Pra, edhe k\u00ebtu, Bashkia flet p\u00ebr \u201cblloqe t\u00eb reja pallatesh\u201d, t\u00eb cilat nuk jan\u00eb p\u00ebr banor\u00ebt e pastreh\u00eb, por q\u00eb nuk p\u00ebrmendet askund se si dhe kush do t\u2019i nd\u00ebrtoj\u00eb.<\/p>\n<figure id=\"attachment_1606781\" class=\"wp-caption alignnone\" aria-describedby=\"caption-attachment-1606781\"><img loading=\"lazy\" decoding=\"async\" class=\"size-full wp-image-1606781\" src=\"https:\/\/boldnews.al\/wp-content\/uploads\/2025\/10\/WhatsApp-Image-2025-10-04-at-1.28.26-PM-2.jpeg\" alt=\"\" width=\"640\" height=\"482\" data-pin-no-hover=\"true\" \/><figcaption id=\"caption-attachment-1606781\" class=\"wp-caption-text\"><em>N\u00eb foto: Pjes\u00eb nga trualli i lir\u00eb, i krijuar pas shembjeve t\u00eb godinave t\u00eb d\u00ebmtuara n\u00eb \u201cbllokun 4\u201d n\u00eb Kombinat (foto: Boldnews.al)<\/em><\/figcaption><\/figure>\n<p>Tashm\u00eb, fadromat e Bashkis\u00eb kan\u00eb nisur t\u00eb rikthehen fuqish\u00ebm n\u00eb Kombinat p\u00ebr t\u2019i hapur rrug\u00eb \u201czon\u00ebs s\u00eb re t\u00eb zhvillimit\u201d, e cila, m\u00eb shum\u00eb se sa banor\u00ebve fatkeq\u00eb t\u00eb t\u00ebrmetit, pritet t\u2019u sh\u00ebrbej\u00eb bos\u00ebve \u201cfatlum\u00eb\u201d t\u00eb nd\u00ebrtimit. K\u00ebt t\u00eb fundit do t\u00eb arrijn\u00eb t\u00eb marrin troje t\u00eb lira nga administrata lokale, me nj\u00eb kosto, natyrisht, shum\u00eb her\u00eb m\u00eb t\u00eb ul\u00ebt se sa ujdia q\u00eb mund t\u00eb b\u00ebnin me pronar\u00ebt e truallit apo t\u00eb godinave.<\/p>\n<\/div>\n<\/div>\n","protected":false},"excerpt":{"rendered":"<p>Nga Boldnews.al Fadromat e Inspektoratit Nd\u00ebrtimor (IKMT) kan\u00eb nisur k\u00ebt\u00eb t\u00eb shtun\u00eb (4 Tetor 2025) prishjen e disa godinave n\u00eb Kombinat, si hap i par\u00eb i shkat\u00ebrrimit t\u00eb dhjetrave t\u00eb tilla, n\u00eb funksion t\u00eb nj\u00eb projekti, p\u00ebr t\u00eb cilin Bashkia e Tiran\u00ebs zhvilloi tender 5 milion\u00eb euro e q\u00eb u fitua nga kompania \u201cSalillari\u201d. Rreth &hellip;<\/p>\n","protected":false},"author":4,"featured_media":124873,"comment_status":"closed","ping_status":"closed","sticky":false,"template":"","format":"standard","meta":{"footnotes":""},"categories":[37],"tags":[],"class_list":["post-124872","post","type-post","status-publish","format-standard","has-post-thumbnail","","category-politike"],"_links":{"self":[{"href":"https:\/\/rdnews.al\/index.php\/wp-json\/wp\/v2\/posts\/124872","targetHints":{"allow":["GET"]}}],"collection":[{"href":"https:\/\/rdnews.al\/index.php\/wp-json\/wp\/v2\/posts"}],"about":[{"href":"https:\/\/rdnews.al\/index.php\/wp-json\/wp\/v2\/types\/post"}],"author":[{"embeddable":true,"href":"https:\/\/rdnews.al\/index.php\/wp-json\/wp\/v2\/users\/4"}],"replies":[{"embeddable":true,"href":"https:\/\/rdnews.al\/index.php\/wp-json\/wp\/v2\/comments?post=124872"}],"version-history":[{"count":3,"href":"https:\/\/rdnews.al\/index.php\/wp-json\/wp\/v2\/posts\/124872\/revisions"}],"predecessor-version":[{"id":124876,"href":"https:\/\/rdnews.al\/index.php\/wp-json\/wp\/v2\/posts\/124872\/revisions\/124876"}],"wp:featuredmedia":[{"embeddable":true,"href":"https:\/\/rdnews.al\/index.php\/wp-json\/wp\/v2\/media\/124873"}],"wp:attachment":[{"href":"https:\/\/rdnews.al\/index.php\/wp-json\/wp\/v2\/media?parent=124872"}],"wp:term":[{"taxonomy":"category","embeddable":true,"href":"https:\/\/rdnews.al\/index.php\/wp-json\/wp\/v2\/categories?post=124872"},{"taxonomy":"post_tag","embeddable":true,"href":"https:\/\/rdnews.al\/index.php\/wp-json\/wp\/v2\/tags?post=124872"}],"curies":[{"name":"wp","href":"https:\/\/api.w.org\/{rel}","templated":true}]}}