{"id":124877,"date":"2025-10-04T20:22:47","date_gmt":"2025-10-04T20:22:47","guid":{"rendered":"https:\/\/rdnews.al\/?p=124877"},"modified":"2025-10-04T20:23:34","modified_gmt":"2025-10-04T20:23:34","slug":"rama-mund-te-shkoje-ne-madrid-per-te-pare-realin-por-jo-ne-shtetet-e-bashkuara","status":"publish","type":"post","link":"https:\/\/rdnews.al\/index.php\/2025\/10\/04\/rama-mund-te-shkoje-ne-madrid-per-te-pare-realin-por-jo-ne-shtetet-e-bashkuara\/","title":{"rendered":"Rama mund t\u00eb shkoj\u00eb n\u00eb Madrid p\u00ebr t\u00eb par\u00eb Realin, por jo n\u00eb Shtetet e Bashkuara"},"content":{"rendered":"<p><strong>Rama shkon n\u00eb Madrid p\u00ebr t\u00eb ndjekur nj\u00eb ndeshje futbolli, por nuk shkon dot n\u00eb Ne\u00eb York n\u00eb takimin e OKB-s\u00eb mes liderve politik\u00eb t\u00eb t\u00eb gjith\u00eb bot\u00ebs sepse \u201cashtu \u00ebsht\u00eb nj\u00eb problem\u201d.<\/strong><\/p>\n<p>Rama ka shkuar deri n\u00eb Madrid, p\u00ebr t\u00eb ndjekur mbr\u00ebmjen e sotme n\u00eb tribunat e stadiumit \u2018Santiago Bernab\u00e9u\u2019, duke ndjekur ndeshjen mes Real Madrid dhe Villarreal.<\/p>\n<p>Pamjet e Ram\u00ebs n\u00eb tribun\u00eb kan\u00eb ngjallur reagime t\u00eb menj\u00ebhershme n\u00eb rrjete sociale.<\/p>\n<p>Udh\u00ebtimi i Ram\u00ebs n\u00eb Spanj\u00eb nuk figuron n\u00eb asnj\u00eb axhend\u00eb zyrtare t\u00eb qeveris\u00eb, \u00e7ka shton dyshimet se b\u00ebhet fjal\u00eb p\u00ebr nj\u00eb vizit\u00eb private t\u00eb mbuluar me fondet publike.<\/p>\n","protected":false},"excerpt":{"rendered":"<p>Rama shkon n\u00eb Madrid p\u00ebr t\u00eb ndjekur nj\u00eb ndeshje futbolli, por nuk shkon dot n\u00eb Ne\u00eb York n\u00eb takimin e OKB-s\u00eb mes liderve politik\u00eb t\u00eb t\u00eb gjith\u00eb bot\u00ebs sepse \u201cashtu \u00ebsht\u00eb nj\u00eb problem\u201d. Rama ka shkuar deri n\u00eb Madrid, p\u00ebr t\u00eb ndjekur mbr\u00ebmjen e sotme n\u00eb tribunat e stadiumit \u2018Santiago Bernab\u00e9u\u2019, duke ndjekur ndeshjen mes &hellip;<\/p>\n","protected":false},"author":3,"featured_media":124878,"comment_status":"closed","ping_status":"closed","sticky":false,"template":"","format":"standard","meta":{"footnotes":""},"categories":[37],"tags":[],"class_list":["post-124877","post","type-post","status-publish","format-standard","has-post-thumbnail","","category-politike"],"_links":{"self":[{"href":"https:\/\/rdnews.al\/index.php\/wp-json\/wp\/v2\/posts\/124877","targetHints":{"allow":["GET"]}}],"collection":[{"href":"https:\/\/rdnews.al\/index.php\/wp-json\/wp\/v2\/posts"}],"about":[{"href":"https:\/\/rdnews.al\/index.php\/wp-json\/wp\/v2\/types\/post"}],"author":[{"embeddable":true,"href":"https:\/\/rdnews.al\/index.php\/wp-json\/wp\/v2\/users\/3"}],"replies":[{"embeddable":true,"href":"https:\/\/rdnews.al\/index.php\/wp-json\/wp\/v2\/comments?post=124877"}],"version-history":[{"count":1,"href":"https:\/\/rdnews.al\/index.php\/wp-json\/wp\/v2\/posts\/124877\/revisions"}],"predecessor-version":[{"id":124879,"href":"https:\/\/rdnews.al\/index.php\/wp-json\/wp\/v2\/posts\/124877\/revisions\/124879"}],"wp:featuredmedia":[{"embeddable":true,"href":"https:\/\/rdnews.al\/index.php\/wp-json\/wp\/v2\/media\/124878"}],"wp:attachment":[{"href":"https:\/\/rdnews.al\/index.php\/wp-json\/wp\/v2\/media?parent=124877"}],"wp:term":[{"taxonomy":"category","embeddable":true,"href":"https:\/\/rdnews.al\/index.php\/wp-json\/wp\/v2\/categories?post=124877"},{"taxonomy":"post_tag","embeddable":true,"href":"https:\/\/rdnews.al\/index.php\/wp-json\/wp\/v2\/tags?post=124877"}],"curies":[{"name":"wp","href":"https:\/\/api.w.org\/{rel}","templated":true}]}}