{"id":124883,"date":"2025-10-05T11:43:11","date_gmt":"2025-10-05T11:43:11","guid":{"rendered":"https:\/\/rdnews.al\/?p=124883"},"modified":"2025-10-05T11:43:11","modified_gmt":"2025-10-05T11:43:11","slug":"florjan-binaj-shpall-kandidaturen-per-bashkine-e-tiranes","status":"publish","type":"post","link":"https:\/\/rdnews.al\/index.php\/2025\/10\/05\/florjan-binaj-shpall-kandidaturen-per-bashkine-e-tiranes\/","title":{"rendered":"Florjan Binaj shpall kandidatur\u00ebn p\u00ebr Bashkin\u00eb e Tiran\u00ebs"},"content":{"rendered":"<p>Florjan Binaj<\/p>\n<p>T\u00eb dashur mikesha dhe miq, qytetar\u00eb t\u00eb ndersh\u00ebm pun\u00ebshum\u00eb e fjal\u00ebpak\u00eb t\u00eb kryeqytetit t\u00eb Shqip\u00ebris\u00eb. Si nj\u00eb artist i p\u00ebrfshir\u00eb n\u00eb \u00e7\u00ebshtje publike me interes Komb\u00ebtar prej 22 vitesh, si nj\u00eb kryefamiljar, i rritur n\u00eb nj\u00eb kryeqytet i cili ka shkat\u00ebrruar shum\u00eb\u00e7ka n\u00eb em\u00ebr t\u00eb zhvillimit dhe q\u00eb shum\u00eb pak gj\u00ebra kan\u00eb mbetur ende pa u b\u00ebr\u00eb ish, nisur nga nevoja e menj\u00ebhershme p\u00ebr t\u00eb pasur n\u00eb drejtim t\u00eb kryeqytetit nj\u00eb figur\u00eb e cila nuk \u00ebsht\u00eb gjymtyr\u00eb e asnj\u00eb partie pasi e kemi par\u00eb n\u00eb 34 vite q\u00eb kjo m\u00ebnyr\u00eb jo e drejtp\u00ebrdrejt\u00eb nuk ka q\u00ebn\u00eb fryt\u00ebdh\u00ebn\u00ebse n\u00eb p\u00ebrmir\u00ebsimin e cil\u00ebsis\u00eb s\u00eb jet\u00ebs ton\u00eb. Na duhet nj\u00eb drejtues qytetar i zgjedhur nga qytetar\u00ebt p\u00ebr qytetar\u00ebt sepse asnj\u00eb nga ne nuk mund t\u00eb pres\u00eb m\u00eb edhe 34 vite t\u00eb tjera. Prandaj kam vendosur, t\u00eb shpall kandidatur\u00ebn time p\u00ebr Kryetar Bashkie t\u00eb Tiran\u00ebs duke dh\u00ebn\u00eb gjith\u00eb veten time p\u00ebr t\u00eb p\u00ebrfaqsuar sa m\u00eb denj\u00ebsisht \u00e7do qytetare dhe qytetar, me apo pa parti, elektoratin gri por pa i ndar\u00eb njer\u00ebzit n\u00eb krah\u00eb, por si t\u00eb barabart\u00eb, sepse asnj\u00eb qytet dhe aq m\u00eb tep\u00ebr kryeqyteti, nuk mund ti sh\u00ebrbej\u00eb vet\u00ebm pal\u00ebs politike q\u00eb e drejton. Un\u00eb besoj se kontributi im do i sh\u00ebrbej\u00eb edhe pse gjys\u00ebm mandati, shpres\u00ebs dhe bashkimit, p\u00ebrmir\u00ebsimit t\u00eb jet\u00ebs t\u00eb t\u00eb gjith\u00eb kryeqytetasve.<br \/>\nUroj dhe shpresoj q\u00eb t\u00eb gjitha partit\u00eb politike qe duan v\u00ebrtet ndryshimin pavar\u00ebsisht ngjyrave t\u00eb bashkohen me k\u00ebt\u00eb nism\u00eb dhe t\u00eb ken\u00eb besim tek qytetar\u00ebt ashtu si\u00e7 qytetar\u00ebt kan\u00eb pasur besim tek ta.<br \/>\nQ\u00ebllimi im \u00ebsht\u00eb, q\u00eb s\u00eb bashku, ta nxjerrim bashkin\u00eb nga gj\u00ebndja n\u00eb t\u00eb cil\u00ebn ndodhet p\u00ebr shkak t\u00eb politik\u00ebs dhe t\u2019jua rikthejm\u00eb at\u00eb qytetar\u00ebve si nj\u00eb sht\u00ebpi p\u00ebr t\u00eb gjith\u00eb ne. T\u00eb rikthejm\u00eb besimin tek institucioni i bashkis\u00eb n\u00eb sh\u00ebrbim t\u00eb komunitetit!<br \/>\nFtoj t\u00eb gjith\u00eb qytetar\u00ebt, intelektual\u00ebt t\u00eb majt\u00eb dhe t\u00eb djatht\u00eb t\u00eb na bashkohen.<br \/>\nFaleminderit.<\/p>\n","protected":false},"excerpt":{"rendered":"<p>Florjan Binaj T\u00eb dashur mikesha dhe miq, qytetar\u00eb t\u00eb ndersh\u00ebm pun\u00ebshum\u00eb e fjal\u00ebpak\u00eb t\u00eb kryeqytetit t\u00eb Shqip\u00ebris\u00eb. Si nj\u00eb artist i p\u00ebrfshir\u00eb n\u00eb \u00e7\u00ebshtje publike me interes Komb\u00ebtar prej 22 vitesh, si nj\u00eb kryefamiljar, i rritur n\u00eb nj\u00eb kryeqytet i cili ka shkat\u00ebrruar shum\u00eb\u00e7ka n\u00eb em\u00ebr t\u00eb zhvillimit dhe q\u00eb shum\u00eb pak gj\u00ebra kan\u00eb mbetur &hellip;<\/p>\n","protected":false},"author":3,"featured_media":124884,"comment_status":"closed","ping_status":"closed","sticky":false,"template":"","format":"standard","meta":{"footnotes":""},"categories":[37],"tags":[],"class_list":["post-124883","post","type-post","status-publish","format-standard","has-post-thumbnail","","category-politike"],"_links":{"self":[{"href":"https:\/\/rdnews.al\/index.php\/wp-json\/wp\/v2\/posts\/124883","targetHints":{"allow":["GET"]}}],"collection":[{"href":"https:\/\/rdnews.al\/index.php\/wp-json\/wp\/v2\/posts"}],"about":[{"href":"https:\/\/rdnews.al\/index.php\/wp-json\/wp\/v2\/types\/post"}],"author":[{"embeddable":true,"href":"https:\/\/rdnews.al\/index.php\/wp-json\/wp\/v2\/users\/3"}],"replies":[{"embeddable":true,"href":"https:\/\/rdnews.al\/index.php\/wp-json\/wp\/v2\/comments?post=124883"}],"version-history":[{"count":1,"href":"https:\/\/rdnews.al\/index.php\/wp-json\/wp\/v2\/posts\/124883\/revisions"}],"predecessor-version":[{"id":124885,"href":"https:\/\/rdnews.al\/index.php\/wp-json\/wp\/v2\/posts\/124883\/revisions\/124885"}],"wp:featuredmedia":[{"embeddable":true,"href":"https:\/\/rdnews.al\/index.php\/wp-json\/wp\/v2\/media\/124884"}],"wp:attachment":[{"href":"https:\/\/rdnews.al\/index.php\/wp-json\/wp\/v2\/media?parent=124883"}],"wp:term":[{"taxonomy":"category","embeddable":true,"href":"https:\/\/rdnews.al\/index.php\/wp-json\/wp\/v2\/categories?post=124883"},{"taxonomy":"post_tag","embeddable":true,"href":"https:\/\/rdnews.al\/index.php\/wp-json\/wp\/v2\/tags?post=124883"}],"curies":[{"name":"wp","href":"https:\/\/api.w.org\/{rel}","templated":true}]}}