{"id":124889,"date":"2025-10-06T07:46:32","date_gmt":"2025-10-06T07:46:32","guid":{"rendered":"https:\/\/rdnews.al\/?p=124889"},"modified":"2025-10-06T07:46:32","modified_gmt":"2025-10-06T07:46:32","slug":"fundi-i-nje-konference-qe-frymezoi-ndryshim","status":"publish","type":"post","link":"https:\/\/rdnews.al\/index.php\/2025\/10\/06\/fundi-i-nje-konference-qe-frymezoi-ndryshim\/","title":{"rendered":"Fundi i nj\u00eb konference q\u00eb frym\u00ebzoi ndryshim!"},"content":{"rendered":"<p><strong>Nga Albana VOKSHI<\/strong><\/p>\n<p>N\u00eb dit\u00ebn e fundit t\u00eb konferenc\u00ebs \u201cMaking the difference: from influencers to decision makers\u201d, mor\u00ebm nj\u00eb leksion t\u00eb vlefsh\u00ebm mbi lidershipin dhe besimin nga znj. Margareta Cederfelt, deputete e Suedis\u00eb dhe ish-presidente e OSCE PA, e cila ndau p\u00ebrvoj\u00ebn e saj shum\u00ebvje\u00e7are si grua n\u00eb politik\u00eb:<\/p>\n<p>P\u00ebr t\u2019u b\u00ebr\u00eb e zgjedhur, duhet t\u00eb jesh e besueshme; p\u00ebr t\u00eb fituar besim, duhet t\u00eb jesh e q\u00ebndrueshme.<\/p>\n<p>N\u00eb p\u00ebrmbyllje t\u00eb k\u00ebtyre tre dit\u00ebve t\u00eb mbushura me ide dhe p\u00ebrvoj\u00eb, s\u00eb bashku me Alva-Li Borgs nga Jarl Hjalmarson Foundation ndam\u00eb konkluzionin e p\u00ebrbashk\u00ebt:<\/p>\n<p>Demokracia forcohet kur grat\u00eb marrin p\u00ebrgjegj\u00ebsi dhe hapin rrug\u00eb p\u00ebr nj\u00eb brez t\u00eb ri<\/p>\n<p>Fal\u00ebnderim t\u00eb ve\u00e7ant\u00eb p\u00ebr t\u00eb gjitha grat\u00eb e angazhuara n\u00eb k\u00ebt\u00eb udh\u00ebtim politik e njer\u00ebzor.<\/p>\n<p>Bashk\u00eb, po b\u00ebjm\u00eb diferenc\u00ebn!<\/p>\n","protected":false},"excerpt":{"rendered":"<p>Nga Albana VOKSHI N\u00eb dit\u00ebn e fundit t\u00eb konferenc\u00ebs \u201cMaking the difference: from influencers to decision makers\u201d, mor\u00ebm nj\u00eb leksion t\u00eb vlefsh\u00ebm mbi lidershipin dhe besimin nga znj. Margareta Cederfelt, deputete e Suedis\u00eb dhe ish-presidente e OSCE PA, e cila ndau p\u00ebrvoj\u00ebn e saj shum\u00ebvje\u00e7are si grua n\u00eb politik\u00eb: P\u00ebr t\u2019u b\u00ebr\u00eb e zgjedhur, duhet &hellip;<\/p>\n","protected":false},"author":4,"featured_media":124890,"comment_status":"closed","ping_status":"closed","sticky":false,"template":"","format":"standard","meta":{"footnotes":""},"categories":[44],"tags":[],"class_list":["post-124889","post","type-post","status-publish","format-standard","has-post-thumbnail","","category-editorial"],"_links":{"self":[{"href":"https:\/\/rdnews.al\/index.php\/wp-json\/wp\/v2\/posts\/124889","targetHints":{"allow":["GET"]}}],"collection":[{"href":"https:\/\/rdnews.al\/index.php\/wp-json\/wp\/v2\/posts"}],"about":[{"href":"https:\/\/rdnews.al\/index.php\/wp-json\/wp\/v2\/types\/post"}],"author":[{"embeddable":true,"href":"https:\/\/rdnews.al\/index.php\/wp-json\/wp\/v2\/users\/4"}],"replies":[{"embeddable":true,"href":"https:\/\/rdnews.al\/index.php\/wp-json\/wp\/v2\/comments?post=124889"}],"version-history":[{"count":1,"href":"https:\/\/rdnews.al\/index.php\/wp-json\/wp\/v2\/posts\/124889\/revisions"}],"predecessor-version":[{"id":124891,"href":"https:\/\/rdnews.al\/index.php\/wp-json\/wp\/v2\/posts\/124889\/revisions\/124891"}],"wp:featuredmedia":[{"embeddable":true,"href":"https:\/\/rdnews.al\/index.php\/wp-json\/wp\/v2\/media\/124890"}],"wp:attachment":[{"href":"https:\/\/rdnews.al\/index.php\/wp-json\/wp\/v2\/media?parent=124889"}],"wp:term":[{"taxonomy":"category","embeddable":true,"href":"https:\/\/rdnews.al\/index.php\/wp-json\/wp\/v2\/categories?post=124889"},{"taxonomy":"post_tag","embeddable":true,"href":"https:\/\/rdnews.al\/index.php\/wp-json\/wp\/v2\/tags?post=124889"}],"curies":[{"name":"wp","href":"https:\/\/api.w.org\/{rel}","templated":true}]}}