{"id":124892,"date":"2025-10-06T07:51:31","date_gmt":"2025-10-06T07:51:31","guid":{"rendered":"https:\/\/rdnews.al\/?p=124892"},"modified":"2025-10-06T07:51:31","modified_gmt":"2025-10-06T07:51:31","slug":"rikthimi-i-terrorit-ne-theth-dhe-zonja-plake-rama","status":"publish","type":"post","link":"https:\/\/rdnews.al\/index.php\/2025\/10\/06\/rikthimi-i-terrorit-ne-theth-dhe-zonja-plake-rama\/","title":{"rendered":"Rikthimi i terrorit n\u00eb Theth dhe zonja plak\u00eb (Rama)"},"content":{"rendered":"<p><strong>Nga Lu\u00e7iano BO\u00c7I<\/strong><\/p>\n<p>Rikthimi i terrorit t\u00eb Ram\u00ebs n\u00eb Theth, nuk \u00ebsht\u00eb \u201cp\u00ebr arsye turistike\u201d, por p\u00ebr arsye armike.<\/p>\n<p>As ligjore por vet\u00ebm pasurore.<\/p>\n<p>As arsye dashurie p\u00ebr natyr\u00ebn, por arsye e past\u00ebr urrejtje p\u00ebr njer\u00ebzit.<\/p>\n<p>Terrori e ka vler\u00ebn kur transmetohet live. Kjo \u00ebshte strategji e zakonshme e grupeve terroriste dhe shteteve terroriste.<\/p>\n<p>Rama nuk u mjaftua me at\u00eb q\u00eb la pas n\u00eb Korrik, ku mbolli kaos, faliment ekonomik, inerte dhe p\u00ebrcau njer\u00ebzit me selektime prishjesh e favoresh.<\/p>\n<p>Rri, rri dhe i rikthehet Thethit me nj\u00eb frekuenc\u00eb t\u00eb rritur hakmarrjeje ndaj Veriut q\u00eb e p\u00ebr\u00e7mon.<\/p>\n<p>Ndryshe nuk shpjegohet se si na i paska shp\u00ebtuar \u201csyrit vigjilent\u201d<\/p>\n<p>t\u00eb Benetit nj\u00eb nd\u00ebrtes\u00eb 3-kat\u00ebshe n\u00eb Theth e nd\u00ebrtuar me mund e djers\u00eb n\u00eb tok\u00ebn e vet.<\/p>\n<p>K\u00ebt\u00eb vet\u00ebm satelit\u00ebt e Ram\u00ebs e shpjegojn\u00eb.<\/p>\n<p>N\u00eb Theth po ndodh ajo q\u00eb ndodh kur pushteti humbet mas\u00ebn morale t\u00eb veprimit t\u00eb vet. P\u00ebrdor ligjin si justifikim p\u00ebr arbitraritetin, dhe e quan frik\u00ebn \u201czbatim t\u00eb rendit\u201d.<\/p>\n<p>Rama mos harroj\u00eb di\u00e7ka q\u00eb \u00e7do kush e merr si m\u00ebsim kur shkon ne Theth:<\/p>\n<p>Thethi \u00ebsht\u00eb m\u00eb shum\u00eb se nj\u00eb fshat malor.<\/p>\n<p>\u00cbsht\u00eb simboli i shpirtit shqiptar q\u00eb jeton midis bukuris\u00eb dhe p\u00ebrjashtimit.<\/p>\n<p>Kur fadroma ngrihet mbi gur\u00ebt e Thethit, ajo nuk shemb thjesht nd\u00ebrtime, por shpirtin e nj\u00eb vendi q\u00eb Rama s\u2019e ndihmoi kurr\u00eb me zem\u00ebr dhe q\u00eb tani e d\u00ebnon pse \u00ebsht\u00eb i zoti p\u00ebr mbijetes\u00eb.<\/p>\n<p>Rama \u00ebsht\u00eb si ajo \u201cZonja Plak\u00eb\u201d e dram\u00ebs s\u00eb famshme t\u00eb Durrenmat-it ky personazhi kryesor rikthehet p\u00ebr hakmarrjen e paramenduar.<\/p>\n<p>Por mos t\u00eb harroj\u00eb:<\/p>\n<p>Shpagimi ka p\u00ebr t\u00eb ardhur!<\/p>\n","protected":false},"excerpt":{"rendered":"<p>Nga Lu\u00e7iano BO\u00c7I Rikthimi i terrorit t\u00eb Ram\u00ebs n\u00eb Theth, nuk \u00ebsht\u00eb \u201cp\u00ebr arsye turistike\u201d, por p\u00ebr arsye armike. As ligjore por vet\u00ebm pasurore. As arsye dashurie p\u00ebr natyr\u00ebn, por arsye e past\u00ebr urrejtje p\u00ebr njer\u00ebzit. Terrori e ka vler\u00ebn kur transmetohet live. Kjo \u00ebshte strategji e zakonshme e grupeve terroriste dhe shteteve terroriste. Rama &hellip;<\/p>\n","protected":false},"author":4,"featured_media":124893,"comment_status":"closed","ping_status":"closed","sticky":false,"template":"","format":"standard","meta":{"footnotes":""},"categories":[44],"tags":[],"class_list":["post-124892","post","type-post","status-publish","format-standard","has-post-thumbnail","","category-editorial"],"_links":{"self":[{"href":"https:\/\/rdnews.al\/index.php\/wp-json\/wp\/v2\/posts\/124892","targetHints":{"allow":["GET"]}}],"collection":[{"href":"https:\/\/rdnews.al\/index.php\/wp-json\/wp\/v2\/posts"}],"about":[{"href":"https:\/\/rdnews.al\/index.php\/wp-json\/wp\/v2\/types\/post"}],"author":[{"embeddable":true,"href":"https:\/\/rdnews.al\/index.php\/wp-json\/wp\/v2\/users\/4"}],"replies":[{"embeddable":true,"href":"https:\/\/rdnews.al\/index.php\/wp-json\/wp\/v2\/comments?post=124892"}],"version-history":[{"count":1,"href":"https:\/\/rdnews.al\/index.php\/wp-json\/wp\/v2\/posts\/124892\/revisions"}],"predecessor-version":[{"id":124894,"href":"https:\/\/rdnews.al\/index.php\/wp-json\/wp\/v2\/posts\/124892\/revisions\/124894"}],"wp:featuredmedia":[{"embeddable":true,"href":"https:\/\/rdnews.al\/index.php\/wp-json\/wp\/v2\/media\/124893"}],"wp:attachment":[{"href":"https:\/\/rdnews.al\/index.php\/wp-json\/wp\/v2\/media?parent=124892"}],"wp:term":[{"taxonomy":"category","embeddable":true,"href":"https:\/\/rdnews.al\/index.php\/wp-json\/wp\/v2\/categories?post=124892"},{"taxonomy":"post_tag","embeddable":true,"href":"https:\/\/rdnews.al\/index.php\/wp-json\/wp\/v2\/tags?post=124892"}],"curies":[{"name":"wp","href":"https:\/\/api.w.org\/{rel}","templated":true}]}}