{"id":124895,"date":"2025-10-06T07:57:19","date_gmt":"2025-10-06T07:57:19","guid":{"rendered":"https:\/\/rdnews.al\/?p=124895"},"modified":"2025-10-06T07:58:58","modified_gmt":"2025-10-06T07:58:58","slug":"rama-ndryshon-vendimin-me-te-cilin-amnistoikullat-e-oligarkeve","status":"publish","type":"post","link":"https:\/\/rdnews.al\/index.php\/2025\/10\/06\/rama-ndryshon-vendimin-me-te-cilin-amnistoikullat-e-oligarkeve\/","title":{"rendered":"Rama ndryshon vendimin me t\u00eb cilin &#8220;amnistoi\u201d kullat e oligark\u00ebve"},"content":{"rendered":"<p><strong><em>Qeveria hequr dor\u00eb nga nj\u00eb skem\u00eb q\u00eb u p\u00ebrdor p\u00ebr legalizimin me \u00e7mime qesharake t\u00eb kateve pa leje n\u00eb Tiran\u00eb, nd\u00ebrsa opozita e cil\u00ebson l\u00ebvizjen propagand\u00eb.<\/em><\/strong><\/p>\n<p>Kryeministri Edi Rama njoftoi t\u00eb premten se do t\u00eb shfuqizonte nj\u00eb vendim qeverie dhe pjes\u00eb t\u00eb ligjit q\u00eb i mund\u00ebsonin nd\u00ebrtuesve t\u00eb m\u00ebdhenj t\u00eb legalizonin shtesa pa leje me \u00e7mime shum\u00eb m\u00eb t\u00eb ul\u00ebta se tregu dhe me p\u00ebrjashtime nga detyrimet fiskale.<\/p>\n<p>N\u00eb nj\u00eb konferenc\u00eb p\u00ebr shtyp q\u00eb zgjati nj\u00eb or\u00eb e 40 minuta \u2013 ku dy ministrat q\u00eb e shoq\u00ebronin nuk fol\u00ebn asnj\u00eb sekond\u00eb, Rama deklaroi se do t\u2019ua hiqte nd\u00ebrtuesve t\u00eb drejt\u00ebn e parablerjes s\u00eb kateve t\u00eb nd\u00ebrtuara pa leje.<\/p>\n<p>Propozimi synon ndryshimin e VKM nr. 589 t\u00eb vitit 2022 dhe t\u00eb ligjit t\u00eb vitit 2023 \u201cP\u00ebr administrimin e objekteve t\u00eb konfiskuara si nd\u00ebrtime pa leje\u2026\u201d, p\u00ebrmes t\u00eb cil\u00ebve K\u00ebshilli Komb\u00ebtar i Territorit (KKT) kishte sekuestruar mij\u00ebra metra katror\u00eb nd\u00ebrtimesh pa leje n\u00eb Tiran\u00eb, por m\u00eb pas ia kishte kthyer t\u00eb nj\u00ebjt\u00ebve nd\u00ebrtues kundrejt nj\u00eb pagese shum\u00eb t\u00eb ul\u00ebt.<\/p>\n<p>\u201cN\u00eb fund fare do t\u00eb propozojm\u00eb disa ndryshime\u2026 ku shfuqizohet e drejta e parablerjes n\u00eb nj\u00eb procedur\u00eb konfiskimi dhe e drejta p\u00ebr t\u00eb lidhur kontrat\u00eb me premtim shitjeje. Ky \u00ebsht\u00eb thelbi i k\u00ebtij ndryshimi\u201d, tha Rama.<\/p>\n<p>Vendimi vjen pas akuzave se nj\u00eb grup nd\u00ebrtuesish t\u00eb af\u00ebrt me qeverin\u00eb p\u00ebrfituan nga skema p\u00ebr t\u00eb legalizuar kate t\u00eb t\u00ebra nd\u00ebrtimesh n\u00eb Tiran\u00eb, nd\u00ebrsa qytetar\u00ebt e zakonsh\u00ebm jan\u00eb gjobitur ose u jan\u00eb shembur shtesat.<\/p>\n<figure id=\"attachment_111240\" class=\"wp-caption aligncenter\" aria-describedby=\"caption-attachment-111240\"><a href=\"https:\/\/www.reporter.al\/wp-content\/uploads\/2025\/01\/Kulla-shumekateshe-ne-Tirane-1536x1024-1-e1736708646469.jpg\" target=\"_blank\" rel=\"noopener\"><img loading=\"lazy\" decoding=\"async\" class=\"size-large wp-image-111240\" src=\"https:\/\/www.reporter.al\/wp-content\/uploads\/2025\/01\/Kulla-shumekateshe-ne-Tirane-1536x1024-1-e1736708646469-600x337.jpg\" sizes=\"auto, (max-width: 600px) 100vw, 600px\" srcset=\"https:\/\/www.reporter.al\/wp-content\/uploads\/2025\/01\/Kulla-shumekateshe-ne-Tirane-1536x1024-1-e1736708646469-600x337.jpg 600w, https:\/\/www.reporter.al\/wp-content\/uploads\/2025\/01\/Kulla-shumekateshe-ne-Tirane-1536x1024-1-e1736708646469-300x168.jpg 300w, https:\/\/www.reporter.al\/wp-content\/uploads\/2025\/01\/Kulla-shumekateshe-ne-Tirane-1536x1024-1-e1736708646469-768x431.jpg 768w, https:\/\/www.reporter.al\/wp-content\/uploads\/2025\/01\/Kulla-shumekateshe-ne-Tirane-1536x1024-1-e1736708646469-1320x741.jpg 1320w, https:\/\/www.reporter.al\/wp-content\/uploads\/2025\/01\/Kulla-shumekateshe-ne-Tirane-1536x1024-1-e1736708646469-750x421.jpg 750w, https:\/\/www.reporter.al\/wp-content\/uploads\/2025\/01\/Kulla-shumekateshe-ne-Tirane-1536x1024-1-e1736708646469-1140x640.jpg 1140w, https:\/\/www.reporter.al\/wp-content\/uploads\/2025\/01\/Kulla-shumekateshe-ne-Tirane-1536x1024-1-e1736708646469.jpg 1532w\" alt=\"\" width=\"600\" height=\"337\" data-pin-no-hover=\"true\" \/><\/a><figcaption id=\"caption-attachment-111240\" class=\"wp-caption-text\"><em>Pamje e Tiran\u00ebs. Foto: LSA.<\/em><\/figcaption><\/figure>\n<p>\u201cNd\u00ebrsa mij\u00ebra familje n\u00eb fshat ose qytete t\u00eb vogla jan\u00eb gjobitur dhe shembur p\u00ebr nj\u00eb dhom\u00eb apo shtes\u00eb t\u00eb vog\u00ebl, n\u00eb mes t\u00eb Tiran\u00ebs jan\u00eb legalizuar kate t\u00eb t\u00ebra p\u00ebr nd\u00ebrtuesit e m\u00ebdhenj, t\u00eb cil\u00ebt pastaj u \u2018amnistuan\u2019 p\u00ebrmes skem\u00ebs s\u00eb parablerjes me \u00e7mime qesharake,\u201d tha deputetja demokrate Jorida Tabaku, duke shtuar se skema ka sh\u00ebrbyer p\u00ebr t\u00eb shmangur detyrimet tatimore t\u00eb nd\u00ebrtuesve.<\/p>\n<p>Edhe deputeti i L\u00ebvizjes Bashk\u00eb, Redi Mu\u00e7i, e cil\u00ebsoi nism\u00ebn e Ram\u00ebs propagandistike.<\/p>\n<p>\u201cDakord\u00ebsia mes nd\u00ebrtuesit dhe KKT p\u00ebr numrin real t\u00eb kateve b\u00ebhet q\u00eb n\u00eb grop\u00ebn e themelit. Arsyeja pse Edi Rama deklaron se do ta eliminoj\u00eb k\u00ebt\u00eb skem\u00eb spekulative \u00ebsht\u00eb e paqart\u00eb. Un\u00eb mendoj se \u00ebsht\u00eb thjesht nj\u00eb deklarat\u00eb propagandistike dhe asgj\u00eb m\u00eb shum\u00eb,\u201d tha ai.<\/p>\n<p>Gjat\u00eb konferenc\u00ebs, Rama e mbrojti skem\u00ebn si t\u00eb suksesshme, duke argumentuar se konfiskimi i plot\u00eb ishte i pamundur pasi nd\u00ebrtuesit kishin shitur tashm\u00eb apartamentet, dhe se pagesat ishin b\u00ebr\u00eb me \u00e7mime tregu.<\/p>\n<p>\u201cJan\u00eb detyruar t\u2019i blejn\u00eb me \u00e7mimin e tregut vet\u00ebm p\u00ebr nj\u00eb arsye, dhe k\u00ebt\u00eb parablerjen e hoq\u00ebm tani, se s\u2019ka nevoj\u00eb m\u00eb,\u201d tha ai.<\/p>\n<p>Por t\u00eb dh\u00ebnat e siguruara nga BIRN tregojn\u00eb t\u00eb kund\u00ebrt\u00ebn: nd\u00ebrtimet e konfiskuara iu kthyen nd\u00ebrtuesve me nj\u00eb \u00e7mim mesatar prej vet\u00ebm 223 euro p\u00ebr met\u00ebr katror \u2013 rreth dhjet\u00eb her\u00eb m\u00eb pak se \u00e7mimet e tregut, dhe me kontrata q\u00eb i amnistonin edhe nga rreth 2 milion\u00eb euro detyrime fiskale.<\/p>\n<p>Shum\u00eb prej k\u00ebtyre nd\u00ebrtuesve jan\u00eb aktualisht n\u00ebn hetim penal nga Prokuroria e Tiran\u00ebs p\u00ebr shkeljet n\u00eb nd\u00ebrtim.\/<a href=\"https:\/\/www.reporter.al\/2025\/10\/06\/rama-ndryshon-vendimin-me-te-cilin-amnistoi-kullat-e-oligarkeve\/\" target=\"_blank\" rel=\"noopener\">BIRN<\/a><\/p>\n","protected":false},"excerpt":{"rendered":"<p>Qeveria hequr dor\u00eb nga nj\u00eb skem\u00eb q\u00eb u p\u00ebrdor p\u00ebr legalizimin me \u00e7mime qesharake t\u00eb kateve pa leje n\u00eb Tiran\u00eb, nd\u00ebrsa opozita e cil\u00ebson l\u00ebvizjen propagand\u00eb. Kryeministri Edi Rama njoftoi t\u00eb premten se do t\u00eb shfuqizonte nj\u00eb vendim qeverie dhe pjes\u00eb t\u00eb ligjit q\u00eb i mund\u00ebsonin nd\u00ebrtuesve t\u00eb m\u00ebdhenj t\u00eb legalizonin shtesa pa leje me &hellip;<\/p>\n","protected":false},"author":4,"featured_media":124896,"comment_status":"closed","ping_status":"closed","sticky":false,"template":"","format":"standard","meta":{"footnotes":""},"categories":[37],"tags":[],"class_list":["post-124895","post","type-post","status-publish","format-standard","has-post-thumbnail","","category-politike"],"_links":{"self":[{"href":"https:\/\/rdnews.al\/index.php\/wp-json\/wp\/v2\/posts\/124895","targetHints":{"allow":["GET"]}}],"collection":[{"href":"https:\/\/rdnews.al\/index.php\/wp-json\/wp\/v2\/posts"}],"about":[{"href":"https:\/\/rdnews.al\/index.php\/wp-json\/wp\/v2\/types\/post"}],"author":[{"embeddable":true,"href":"https:\/\/rdnews.al\/index.php\/wp-json\/wp\/v2\/users\/4"}],"replies":[{"embeddable":true,"href":"https:\/\/rdnews.al\/index.php\/wp-json\/wp\/v2\/comments?post=124895"}],"version-history":[{"count":2,"href":"https:\/\/rdnews.al\/index.php\/wp-json\/wp\/v2\/posts\/124895\/revisions"}],"predecessor-version":[{"id":124898,"href":"https:\/\/rdnews.al\/index.php\/wp-json\/wp\/v2\/posts\/124895\/revisions\/124898"}],"wp:featuredmedia":[{"embeddable":true,"href":"https:\/\/rdnews.al\/index.php\/wp-json\/wp\/v2\/media\/124896"}],"wp:attachment":[{"href":"https:\/\/rdnews.al\/index.php\/wp-json\/wp\/v2\/media?parent=124895"}],"wp:term":[{"taxonomy":"category","embeddable":true,"href":"https:\/\/rdnews.al\/index.php\/wp-json\/wp\/v2\/categories?post=124895"},{"taxonomy":"post_tag","embeddable":true,"href":"https:\/\/rdnews.al\/index.php\/wp-json\/wp\/v2\/tags?post=124895"}],"curies":[{"name":"wp","href":"https:\/\/api.w.org\/{rel}","templated":true}]}}