{"id":124904,"date":"2025-10-06T08:16:28","date_gmt":"2025-10-06T08:16:28","guid":{"rendered":"https:\/\/rdnews.al\/?p=124904"},"modified":"2025-10-06T08:16:28","modified_gmt":"2025-10-06T08:16:28","slug":"bashkia-e-kamzes-i-rremben-pronen-e-ligjshme-qytetarit-vangjeli-po-grabiten-toka-me-vkm-te-manipuluara","status":"publish","type":"post","link":"https:\/\/rdnews.al\/index.php\/2025\/10\/06\/bashkia-e-kamzes-i-rremben-pronen-e-ligjshme-qytetarit-vangjeli-po-grabiten-toka-me-vkm-te-manipuluara\/","title":{"rendered":"Bashkia e Kamz\u00ebs i rr\u00ebmben pron\u00ebn e ligjshme qytetarit, Vangjeli: Po grabiten toka me VKM t\u00eb manipuluara!"},"content":{"rendered":"<p>Partia Demokratike ka denoncuar sot nj\u00eb rast flagrant t\u00eb shkeljes s\u00eb t\u00eb drejt\u00ebs s\u00eb pron\u00ebs nga ana e Bashkis\u00eb Kam\u00ebz e cila drejtohet nga Rakip Suli.<\/p>\n<p>N\u00eb nj\u00eb deklarat\u00eb publike, z\u00ebdh\u00ebn\u00ebsja Genta Vangjeli ka b\u00ebr\u00eb t\u00eb ditur shqet\u00ebsimin e ngritur nga qytetari Xhemal Agolli, i cili, ndon\u00ebse posedon certifikat\u00ebn e pron\u00ebsis\u00eb dhe dokumentacionin zyrtar kadastral, \u00ebsht\u00eb p\u00ebrballur me nj\u00eb akt t\u00eb paprecedent\u00eb nga Bashkia Kam\u00ebz, q\u00eb pretendon pron\u00ebsin\u00eb mbi tok\u00ebn e tij.<\/p>\n<p><strong>Deklarata e z\u00ebdh\u00ebn\u00ebses s\u00eb Antikorrupsionit n\u00eb PD, Genta Vangjelit<\/strong><\/p>\n<p>Xhemal Agolli ju drejtua PD p\u00ebr t\u00eb sjell\u00eb z\u00eb p\u00ebr pretendimin e tij lidhur me mohimin e t\u00eb drejt\u00ebs s\u00eb pron\u00ebs nga bashkia Kam\u00ebz.<\/p>\n<p>Zot\u00ebria si pronar i ligjsh\u00ebm i pajisur me certifikat\u00eb pron\u00ebsie dhe planin e rilevimit sipas hart\u00ebs kadastrale referente, denoncoi p\u00ebrballjen e tij me nj\u00eb akt arbitrar t\u00eb Bashkis\u00eb Kam\u00ebz, e cila ka vendosur nj\u00eb tabel\u00eb n\u00eb pron\u00ebn e tij duke e shpallur at\u00eb si pron\u00eb t\u00eb bashkis\u00eb.<\/p>\n<p>N\u00eb p\u00ebrgjigje t\u00eb ankes\u00ebs s\u00eb Agolli, me an\u00eb t\u00eb shkres\u00ebs s\u00eb saj dat\u00eb 24 Shtator, bashkia Kam\u00ebz thekson se referuar dokumentacionit bashk\u00eblidhur paraqitur nga ankimuesi, rezulton se pasuria p\u00ebr t\u00eb cil\u00ebn ai disponon dokumentin e pron\u00ebsis\u00eb pozicionohet grafikisht mbi pasurin\u00eb e certifikuar n\u00eb em\u00ebr t\u00eb bashkis\u00eb Kam\u00ebz.<\/p>\n<p>N\u00eb k\u00ebto kushte Agolli i k\u00ebrkohet t\u00eb sakt\u00ebsoj\u00eb dhe azhornoj\u00eb hart\u00ebn kadastrale.<\/p>\n<p>Bashkia Kam\u00ebz citon se pron\u00ebsia e saj mbi pasurin\u00eb buron nga VKM nr. 775, dat\u00eb 05.09.2013 \u2018P\u00ebr miratimin e list\u00ebs p\u00ebrfundimtare t\u00eb pronave q\u00eb transferohen n\u00eb pron\u00ebsi t\u00eb bashkis\u00eb Kam\u00ebz dhe prandaj pasuria nr. 42\/26 zk2066 me sip 10000 m2, lloji I pasuris\u00eb shk\u00ebmbore dhe prona \u00ebsht\u00eb transferuar n\u00eb pron\u00ebsi t\u00eb bashkis\u00eb Kam\u00ebz gjithashtu \u00ebsht\u00eb certifikuar n\u00eb vitin 2020 nd\u00ebrsa harta kadastrale \u00ebsht\u00eb rifreskuar n\u00eb vitin 2024.<\/p>\n<p>Por Agolli disponon nj\u00eb shkres\u00eb t\u00eb vet\u00eb Bashkis\u00eb Kam\u00ebz t\u00eb dat\u00ebs 22.05.2015, pra dy vite pas miratimit t\u00eb VKM-s\u00eb mbi t\u00eb cil\u00ebn sot bashkia pretendon pron\u00ebsin\u00eb, e cila konfirmon sakt\u00ebsimin e dokumentacionit t\u00eb tij dhe numrin e pasuris\u00eb.<\/p>\n<div class=\"wp-block-file\" data-wp-interactive=\"core\/file\"><object class=\"wp-block-file__embed\" data=\"https:\/\/pd.al\/wp-content\/uploads\/2025\/10\/Bashkia-e-Kamzes-i-rremben-pronen-qytetarit.pdf\" type=\"application\/pdf\" width=\"300\" height=\"150\" data-wp-bind--hidden=\"!state.hasPdfPreview\" aria-label=\"Trup\u00ebzim i Bashkia e Kamzes i rremben pronen qytetarit.\" data-mce-fragment=\"1\"><\/object><a id=\"wp-block-file--media-f75133ae-1e4c-4f7d-af6c-cbfbf24b43c0\" href=\"https:\/\/pd.al\/wp-content\/uploads\/2025\/10\/Bashkia-e-Kamzes-i-rremben-pronen-qytetarit.pdf\" target=\"_blank\" rel=\"noopener\">Bashkia e Kamzes i rremben pronen qytetarit<\/a><a class=\"wp-block-file__button wp-element-button\" href=\"https:\/\/pd.al\/wp-content\/uploads\/2025\/10\/Bashkia-e-Kamzes-i-rremben-pronen-qytetarit.pdf\" download=\"\" aria-describedby=\"wp-block-file--media-f75133ae-1e4c-4f7d-af6c-cbfbf24b43c0\" target=\"_blank\" rel=\"noopener\">Download<\/a><\/div>\n<p>N\u00eb k\u00ebto kushte, Partia Demokratike k\u00ebrkon nga institucionet p\u00ebrgjegj\u00ebse t\u00eb reflektojn\u00eb n\u00eb shqet\u00ebsimin e qytetar\u00ebve p\u00ebr ti dh\u00ebn\u00eb fund abuzimit me t\u00eb drejt\u00ebn e pron\u00ebs si nj\u00eb nga t\u00eb drejtat themelore t\u00eb garantuara nga Kushtetuta.<\/p>\n","protected":false},"excerpt":{"rendered":"<p>Partia Demokratike ka denoncuar sot nj\u00eb rast flagrant t\u00eb shkeljes s\u00eb t\u00eb drejt\u00ebs s\u00eb pron\u00ebs nga ana e Bashkis\u00eb Kam\u00ebz e cila drejtohet nga Rakip Suli. N\u00eb nj\u00eb deklarat\u00eb publike, z\u00ebdh\u00ebn\u00ebsja Genta Vangjeli ka b\u00ebr\u00eb t\u00eb ditur shqet\u00ebsimin e ngritur nga qytetari Xhemal Agolli, i cili, ndon\u00ebse posedon certifikat\u00ebn e pron\u00ebsis\u00eb dhe dokumentacionin zyrtar kadastral, &hellip;<\/p>\n","protected":false},"author":4,"featured_media":124905,"comment_status":"closed","ping_status":"closed","sticky":false,"template":"","format":"standard","meta":{"footnotes":""},"categories":[37],"tags":[],"class_list":["post-124904","post","type-post","status-publish","format-standard","has-post-thumbnail","","category-politike"],"_links":{"self":[{"href":"https:\/\/rdnews.al\/index.php\/wp-json\/wp\/v2\/posts\/124904","targetHints":{"allow":["GET"]}}],"collection":[{"href":"https:\/\/rdnews.al\/index.php\/wp-json\/wp\/v2\/posts"}],"about":[{"href":"https:\/\/rdnews.al\/index.php\/wp-json\/wp\/v2\/types\/post"}],"author":[{"embeddable":true,"href":"https:\/\/rdnews.al\/index.php\/wp-json\/wp\/v2\/users\/4"}],"replies":[{"embeddable":true,"href":"https:\/\/rdnews.al\/index.php\/wp-json\/wp\/v2\/comments?post=124904"}],"version-history":[{"count":1,"href":"https:\/\/rdnews.al\/index.php\/wp-json\/wp\/v2\/posts\/124904\/revisions"}],"predecessor-version":[{"id":124906,"href":"https:\/\/rdnews.al\/index.php\/wp-json\/wp\/v2\/posts\/124904\/revisions\/124906"}],"wp:featuredmedia":[{"embeddable":true,"href":"https:\/\/rdnews.al\/index.php\/wp-json\/wp\/v2\/media\/124905"}],"wp:attachment":[{"href":"https:\/\/rdnews.al\/index.php\/wp-json\/wp\/v2\/media?parent=124904"}],"wp:term":[{"taxonomy":"category","embeddable":true,"href":"https:\/\/rdnews.al\/index.php\/wp-json\/wp\/v2\/categories?post=124904"},{"taxonomy":"post_tag","embeddable":true,"href":"https:\/\/rdnews.al\/index.php\/wp-json\/wp\/v2\/tags?post=124904"}],"curies":[{"name":"wp","href":"https:\/\/api.w.org\/{rel}","templated":true}]}}