{"id":124907,"date":"2025-10-06T08:31:52","date_gmt":"2025-10-06T08:31:52","guid":{"rendered":"https:\/\/rdnews.al\/?p=124907"},"modified":"2025-10-06T08:32:14","modified_gmt":"2025-10-06T08:32:14","slug":"berishes-pas-daljes-nga-spak-mcgonigal-po-e-urdheronte-altin-troplinin-qe-te-fshihte-dosjen-e-arubes","status":"publish","type":"post","link":"https:\/\/rdnews.al\/index.php\/2025\/10\/06\/berishes-pas-daljes-nga-spak-mcgonigal-po-e-urdheronte-altin-troplinin-qe-te-fshihte-dosjen-e-arubes\/","title":{"rendered":"Berisha pas daljes nga SPAK: McGonigal po e urdh\u00ebronte Altin \u201cTroplinin\u201d q\u00eb t\u00eb fshihte dosjen e Arub\u00ebs"},"content":{"rendered":"<p>Kryetari i PD, Sali Berisha, pas daljes nga ambientet e SPAK, deklaroi se, McGonigal po e urdh\u00ebronte Altin \u201cTroplinin\u201d t\u00eb fshihte dosjen e Arub\u00ebs.<\/p>\n<p>Berisha theksoi se ky veprim \u00ebsht\u00eb nj\u00eb shkelje e r\u00ebnd\u00eb e integritetit publik dhe nj\u00eb d\u00ebshmi e lidhjes s\u00eb drejtp\u00ebrdrejt\u00eb t\u00eb zyrtar\u00ebve me krimin e organizuar.<\/p>\n<p>\u201cT\u00eb dashur qytetare dhe qytetar\u00eb, k\u00ebtu takova Altin Troplinin, i cili po pinte nj\u00eb kafe me McGonigalin.<\/p>\n<p>Dhe McGonigali po e p\u00ebrg\u00ebzonte, po i jepte nj\u00eb \u00e7mim, at\u00eb t\u00eb armikut t\u00eb eg\u00ebr t\u00eb pluralizmit politik.<\/p>\n<p>N\u00eb duar, McGonigal kishte dosjen e Arub\u00ebs dhe e urdh\u00ebronte q\u00eb ta fsheh\u00ebsh pafytyr\u00ebsish si\u00e7 e ke fshehur gjith\u00eb k\u00ebto vite dhe b\u00ebn\u00eb q\u00eb qytetar\u00ebt shqiptar\u00eb t\u00eb m\u00ebsojn\u00eb p\u00ebr nj\u00eb nga aktet m\u00eb kriminale n\u00eb historin\u00eb e nj\u00eb shteti, takimin n\u00eb Aruba t\u00eb qeveritar\u00ebve shqiptar\u00eb.<\/p>\n<p>B\u00ebn\u00eb q\u00eb shqiptar\u00ebt t\u00eb m\u00ebsojn\u00eb p\u00ebr Arub\u00ebn nga prokuroria italiane.<\/p>\n<p>B\u00ebn\u00eb q\u00eb t\u00eb m\u00ebsojn\u00eb p\u00ebr Arub\u00ebn nga gjykata belge.<\/p>\n<p>Kurse ky llum njer\u00ebzor, q\u00eb ka integritetin e nj\u00eb krimineli, fsheh nj\u00eb nga skandalet m\u00eb t\u00eb m\u00ebdha n\u00eb historin\u00eb e nj\u00eb shteti.<\/p>\n<p>Natyrisht ky \u00ebsht\u00eb nj\u00eb peng i parave t\u00eb krimit q\u00eb i ka lar\u00eb dhe shnd\u00ebrruar n\u00eb pronat e tij dhe nuk i justifikon.<\/p>\n<p>Por k\u00ebto kisha p\u00ebr sot p\u00ebr Altin Troplinin\u201d, tha Berisha.<\/p>\n","protected":false},"excerpt":{"rendered":"<p>Kryetari i PD, Sali Berisha, pas daljes nga ambientet e SPAK, deklaroi se, McGonigal po e urdh\u00ebronte Altin \u201cTroplinin\u201d t\u00eb fshihte dosjen e Arub\u00ebs. Berisha theksoi se ky veprim \u00ebsht\u00eb nj\u00eb shkelje e r\u00ebnd\u00eb e integritetit publik dhe nj\u00eb d\u00ebshmi e lidhjes s\u00eb drejtp\u00ebrdrejt\u00eb t\u00eb zyrtar\u00ebve me krimin e organizuar. \u201cT\u00eb dashur qytetare dhe qytetar\u00eb, &hellip;<\/p>\n","protected":false},"author":4,"featured_media":124908,"comment_status":"closed","ping_status":"closed","sticky":false,"template":"","format":"standard","meta":{"footnotes":""},"categories":[37],"tags":[],"class_list":["post-124907","post","type-post","status-publish","format-standard","has-post-thumbnail","","category-politike"],"_links":{"self":[{"href":"https:\/\/rdnews.al\/index.php\/wp-json\/wp\/v2\/posts\/124907","targetHints":{"allow":["GET"]}}],"collection":[{"href":"https:\/\/rdnews.al\/index.php\/wp-json\/wp\/v2\/posts"}],"about":[{"href":"https:\/\/rdnews.al\/index.php\/wp-json\/wp\/v2\/types\/post"}],"author":[{"embeddable":true,"href":"https:\/\/rdnews.al\/index.php\/wp-json\/wp\/v2\/users\/4"}],"replies":[{"embeddable":true,"href":"https:\/\/rdnews.al\/index.php\/wp-json\/wp\/v2\/comments?post=124907"}],"version-history":[{"count":2,"href":"https:\/\/rdnews.al\/index.php\/wp-json\/wp\/v2\/posts\/124907\/revisions"}],"predecessor-version":[{"id":124910,"href":"https:\/\/rdnews.al\/index.php\/wp-json\/wp\/v2\/posts\/124907\/revisions\/124910"}],"wp:featuredmedia":[{"embeddable":true,"href":"https:\/\/rdnews.al\/index.php\/wp-json\/wp\/v2\/media\/124908"}],"wp:attachment":[{"href":"https:\/\/rdnews.al\/index.php\/wp-json\/wp\/v2\/media?parent=124907"}],"wp:term":[{"taxonomy":"category","embeddable":true,"href":"https:\/\/rdnews.al\/index.php\/wp-json\/wp\/v2\/categories?post=124907"},{"taxonomy":"post_tag","embeddable":true,"href":"https:\/\/rdnews.al\/index.php\/wp-json\/wp\/v2\/tags?post=124907"}],"curies":[{"name":"wp","href":"https:\/\/api.w.org\/{rel}","templated":true}]}}